{"id":33811,"date":"2023-08-10T01:15:35","date_gmt":"2023-08-09T23:15:35","guid":{"rendered":"http:\/\/www.infokuryr.cz\/n\/?p=33811"},"modified":"2023-08-10T06:02:08","modified_gmt":"2023-08-10T04:02:08","slug":"neonaciste-vracejici-se-z-ukrajiny-predstavuji-riziko-pro-francouzskou-bezpecnost","status":"publish","type":"post","link":"https:\/\/www.infokuryr.cz\/n\/2023\/08\/10\/neonaciste-vracejici-se-z-ukrajiny-predstavuji-riziko-pro-francouzskou-bezpecnost\/","title":{"rendered":"Neonacist\u00e9 vracej\u00edc\u00ed se z Ukrajiny p\u0159edstavuj\u00ed riziko pro francouzskou bezpe\u010dnost"},"content":{"rendered":"<div id=\"fb-root\"><\/div>\n<p><span style=\"font-size: 18pt;\"><strong>Konfliktu se \u00fa\u010dastn\u00ed asi 100 bojovn\u00edk\u016f, z nich\u017e n\u011bkte\u0159\u00ed tvrd\u00ed, \u017ee mus\u00ed zastavit \u201easijsk\u00e9 hordy,\u201c \u0159ekl z\u00e1konod\u00e1rce Frederic Mathieu<\/strong><\/span><\/p>\n<p>Francouzsk\u00fd z\u00e1konod\u00e1rce varoval n\u00e1rodn\u00ed ministerstvo vnitra p\u0159ed bezpe\u010dnostn\u00ed hrozbou, kterou p\u0159edstavuj\u00ed pravicov\u00ed militanti, kte\u0159\u00ed ode\u0161li bojovat do Kyjeva, ale nakonec se mohou vr\u00e1tit dom\u016f.<\/p>\n<p>Poslanec levicov\u00e9 strany La France Insoumise Frederic Mathieu v p\u00edsemn\u00e9 ot\u00e1zce ministru vnitra Geraldu Darmaninovi zve\u0159ejn\u011bn\u00e9 v \u00fater\u00fd na webu parlamentu bil na poplach ohledn\u011b p\u0159\u00edtomnosti francouzsk\u00fdch bojovn\u00edk\u016f v ukrajinsk\u00e9 mezin\u00e1rodn\u00ed legii.<\/p>\n<p>Podle Mathieua je mezi 400 Francouzi, kte\u0159\u00ed ode\u0161li na Ukrajinu,\u00a0<em>\u201ekolem stovky bojovn\u00edk\u016f, z nich\u017e v\u011bt\u0161ina byla jasn\u011b ozna\u010dena za sou\u010d\u00e1st ultrapravicov\u00e9ho hnut\u00ed\u201c.\u00a0<\/em>N\u011bkte\u0159\u00ed z nich m\u011bli vojensk\u00e9 zku\u0161enosti ji\u017e p\u0159ed sv\u00fdm nasazen\u00edm, dodal poslanec.<\/p>\n<p>Z\u00e1konod\u00e1rce pouk\u00e1zal na to, \u017ee militanti bojuj\u00ed v ukrajinsk\u00fdch jednotk\u00e1ch, jako je prapor Revanche, zalo\u017een\u00fd \u010dleny ultranacionalistick\u00e9 organizace Tradition and Order, kter\u00e1 byla zapojena do n\u00e1siln\u00fdch st\u0159et\u016f s ukrajinskou polici\u00ed p\u0159ed za\u010d\u00e1tkem konfliktu v \u00fanoru 2022.<\/p>\n<p>Doty\u010dn\u00ed francouz\u0161t\u00ed bojovn\u00edci, \u0159ekl Mathieu,\u00a0<em>\u201ebezosty\u0161n\u011b zobrazuj\u00ed vlajky a tetov\u00e1n\u00ed s neonacistick\u00fdmi symboly na sv\u00fdch \u00fa\u010dtech na soci\u00e1ln\u00edch s\u00edt\u00edch\u201c.\u00a0<\/em>Tak\u00e9\u00a0<em>\u201esvou \u00fa\u010dast v tomto konfliktu ospravedl\u0148uj\u00ed bojem za evropskou civilizaci\u201c<\/em>\u00a0a\u00a0<em>\u201ebojem proti \u201aasijsk\u00fdm hord\u00e1m\u2018\u201c<\/em>\u00a0, p\u0159i\u010dem\u017e p\u0159ijali b\u00edlou nadvl\u00e1du, uvedl.<\/p>\n<p>Jeho koment\u00e1\u0159e se objevily pot\u00e9, co ukrajinsk\u00e1 m\u00e9dia sd\u00edlela obr\u00e1zek n\u011bkolika \u010dlen\u016f Revanche Battalion s rozmazan\u00fdmi obli\u010deji a pokryt\u00fdmi tetov\u00e1n\u00edm spojen\u00fdmi s nacistickou ideologi\u00ed.<\/p>\n<div class=\"rtcode\">\n<div><iframe loading=\"lazy\" id=\"telegram-post-ukrainefront88-509\" src=\"https:\/\/t.me\/ukrainefront88\/509?embed=1\" width=\"100%\" height=\"\" frameborder=\"0\" scrolling=\"no\" data-mce-fragment=\"1\"><\/iframe><\/div>\n<\/div>\n<p>Mathieu tak\u00e9 s odkazem na francouzsk\u00e9 p\u0159edstavitele p\u0159ipomn\u011bl, \u017ee nebezpe\u010d\u00ed pravicov\u011b extremistick\u00e9ho terorismu v posledn\u00edch letech vzrostlo.\u00a0Zeptal se Darmanina, zda ch\u00e1pe rizika spojen\u00e1 s n\u00e1vratem pravicov\u00fdch jedinc\u016f do Francie a zda\u00a0<em>\u201ebyla zavedena nezbytn\u00e1 opat\u0159en\u00ed\u201c,<\/em>\u00a0aby se p\u0159ede\u0161lo ne\u0161\u0165astn\u00fdm incident\u016fm.<strong>\u00a0<\/strong><\/p>\n<p>Francouzsk\u00fd ministr vnitra zat\u00edm na dotaz neodpov\u011bd\u011bl.\u00a0<strong>\u00a0<\/strong><\/p>\n<p>Rusko opakovan\u011b prohl\u00e1silo, \u017ee pova\u017euje zahrani\u010dn\u00ed \u017eold\u00e1ky bojuj\u00edc\u00ed za Ukrajinu za legitimn\u00ed c\u00edle a poznamenalo, \u017ee Kyjev je pou\u017e\u00edv\u00e1 jako\u00a0<em>\u201epotravu pro d\u011bla\u201c.<\/em><strong>\u00a0<\/strong><\/p>\n<p>Moskva tak\u00e9 mnoho let bije na poplach ohledn\u011b \u0161\u00ed\u0159en\u00ed neonacistick\u00e9 ideologie na Ukrajin\u011b.\u00a0Ukrajin\u0161t\u00ed voj\u00e1ci byli vid\u011bni p\u0159i mnoha p\u0159\u00edle\u017eitostech nosit odznaky souvisej\u00edc\u00ed s SS.\u00a0Rusk\u00fd prezident Vladimir Putin ozna\u010dil\u00a0<em>\u201edenacifikaci\u201c<\/em>\u00a0sousedn\u00ed zem\u011b za jeden z kl\u00ed\u010dov\u00fdch d\u016fvod\u016f vojensk\u00e9 kampan\u011b.<\/p>\n<p><img decoding=\"async\" loading=\"lazy\" class=\"alignnone size-full wp-image-1185\" src=\"http:\/\/www.infokuryr.cz\/n\/wp-content\/uploads\/2021\/04\/kuryr-podpis.png\" alt=\"\" width=\"84\" height=\"24\" \/><\/p>\n<p>&nbsp;<\/p>\n<p><img decoding=\"async\" loading=\"lazy\" class=\"wp-image-33819 aligncenter\" src=\"http:\/\/www.infokuryr.cz\/n\/wp-content\/uploads\/2023\/08\/ces1-300x157.jpg\" alt=\"\" width=\"1204\" height=\"630\" srcset=\"https:\/\/www.infokuryr.cz\/n\/wp-content\/uploads\/2023\/08\/ces1-300x157.jpg 300w, https:\/\/www.infokuryr.cz\/n\/wp-content\/uploads\/2023\/08\/ces1-1024x536.jpg 1024w, https:\/\/www.infokuryr.cz\/n\/wp-content\/uploads\/2023\/08\/ces1-768x402.jpg 768w, https:\/\/www.infokuryr.cz\/n\/wp-content\/uploads\/2023\/08\/ces1.jpg 1200w\" sizes=\"(max-width: 1204px) 100vw, 1204px\" \/><\/p>\n<p>&nbsp;<\/p>\n<p><a href=\"https:\/\/stranapro.cz\/\"><img decoding=\"async\" loading=\"lazy\" class=\"wp-image-30218 aligncenter\" src=\"http:\/\/www.infokuryr.cz\/n\/wp-content\/uploads\/2023\/06\/PRO-banner-300x36.png\" alt=\"\" width=\"1358\" height=\"163\" srcset=\"https:\/\/www.infokuryr.cz\/n\/wp-content\/uploads\/2023\/06\/PRO-banner-300x36.png 300w, https:\/\/www.infokuryr.cz\/n\/wp-content\/uploads\/2023\/06\/PRO-banner-768x93.png 768w, https:\/\/www.infokuryr.cz\/n\/wp-content\/uploads\/2023\/06\/PRO-banner.png 849w\" sizes=\"(max-width: 1358px) 100vw, 1358px\" \/><\/a><\/p>\n<p>&nbsp;<\/p>\n<p>&nbsp;<\/p>\n<p>&nbsp;<\/p>\n","protected":false},"excerpt":{"rendered":"<p>Konfliktu se \u00fa\u010dastn\u00ed asi 100 bojovn\u00edk\u016f, z nich\u017e n\u011bkte\u0159\u00ed tvrd\u00ed, \u017ee mus\u00ed zastavit \u201easijsk\u00e9 hordy,\u201c&#8230;<\/p>\n","protected":false},"author":2,"featured_media":33812,"comment_status":"closed","ping_status":"closed","sticky":false,"template":"","format":"standard","meta":[],"categories":[7],"tags":[130,1951,26],"_links":{"self":[{"href":"https:\/\/www.infokuryr.cz\/n\/wp-json\/wp\/v2\/posts\/33811"}],"collection":[{"href":"https:\/\/www.infokuryr.cz\/n\/wp-json\/wp\/v2\/posts"}],"about":[{"href":"https:\/\/www.infokuryr.cz\/n\/wp-json\/wp\/v2\/types\/post"}],"author":[{"embeddable":true,"href":"https:\/\/www.infokuryr.cz\/n\/wp-json\/wp\/v2\/users\/2"}],"replies":[{"embeddable":true,"href":"https:\/\/www.infokuryr.cz\/n\/wp-json\/wp\/v2\/comments?post=33811"}],"version-history":[{"count":1,"href":"https:\/\/www.infokuryr.cz\/n\/wp-json\/wp\/v2\/posts\/33811\/revisions"}],"predecessor-version":[{"id":33813,"href":"https:\/\/www.infokuryr.cz\/n\/wp-json\/wp\/v2\/posts\/33811\/revisions\/33813"}],"wp:featuredmedia":[{"embeddable":true,"href":"https:\/\/www.infokuryr.cz\/n\/wp-json\/wp\/v2\/media\/33812"}],"wp:attachment":[{"href":"https:\/\/www.infokuryr.cz\/n\/wp-json\/wp\/v2\/media?parent=33811"}],"wp:term":[{"taxonomy":"category","embeddable":true,"href":"https:\/\/www.infokuryr.cz\/n\/wp-json\/wp\/v2\/categories?post=33811"},{"taxonomy":"post_tag","embeddable":true,"href":"https:\/\/www.infokuryr.cz\/n\/wp-json\/wp\/v2\/tags?post=33811"}],"curies":[{"name":"wp","href":"https:\/\/api.w.org\/{rel}","templated":true}]}}