{"id":3381,"date":"2021-07-17T08:25:39","date_gmt":"2021-07-17T06:25:39","guid":{"rendered":"http:\/\/www.infokuryr.cz\/n\/?p=3381"},"modified":"2021-07-17T08:25:39","modified_gmt":"2021-07-17T06:25:39","slug":"dalsi-kopanec-eu-madarsku-nepoustite-dost-imigrantu","status":"publish","type":"post","link":"https:\/\/www.infokuryr.cz\/n\/2021\/07\/17\/dalsi-kopanec-eu-madarsku-nepoustite-dost-imigrantu\/","title":{"rendered":"Dal\u0161\u00ed kopanec EU Ma\u010farsku: Nepou\u0161t\u00edte dost imigrant\u016f!"},"content":{"rendered":"<div id=\"fb-root\"><\/div>\n<p>EU je v\u016f\u010di Polsku, Ma\u010farsku a dal\u0161\u00edm zem\u00ed \u010d\u00edm d\u00e1l v\u00edc l\u00edt\u011bj\u0161\u00ed. V\u010dera u\u0161t\u011bd\u0159ila Ma\u010farsku dal\u0161\u00ed kopanec. Za\u017ealovala je u Evropsk\u00e9ho soudu, \u017ee pod pl\u00e1\u0161t\u00edkem kovidu nepou\u0161t\u00ed do Evropy dost imigrant\u016f.<\/p>\n<p>B\u011bhem pandemie toti\u017e Ma\u010farsko adaptovalo svou azylovou proceduru tak, \u017ee mimoevrop\u0161t\u00ed imigranti mus\u00ed \u017e\u00e1dat o povolen\u00ed k\u00a0azylov\u00e9 procedu\u0159e na mimoevropsk\u00fdch ma\u010farsk\u00fdch ambas\u00e1d\u00e1ch. Pokud povolen\u00ed dostanou, mohou pak jet do Ma\u010farska a uch\u00e1zet se tu o azyl. To ov\u0161em EU pova\u017euje za ukr\u00e1cen\u00ed pr\u00e1va na mezin\u00e1rodn\u00ed ochranu a Ma\u010farsko za\u017ealovala.<\/p>\n<p>V EU za\u010d\u00edn\u00e1 bejt po\u0159\u00e1dn\u00fd dusno&#8230;<\/p>\n<p><a href=\"https:\/\/www.letemps.ch\/monde\/droit-dasile-lue-saisit-cour-justice-contre-hongrie\">ZDROJ<\/a><\/p>\n<p>&nbsp;<\/p>\n","protected":false},"excerpt":{"rendered":"<p>EU je v\u016f\u010di Polsku, Ma\u010farsku a dal\u0161\u00edm zem\u00ed \u010d\u00edm d\u00e1l v\u00edc l\u00edt\u011bj\u0161\u00ed. V\u010dera u\u0161t\u011bd\u0159ila Ma\u010farsku&#8230;<\/p>\n","protected":false},"author":2,"featured_media":2097,"comment_status":"closed","ping_status":"closed","sticky":false,"template":"","format":"standard","meta":[],"categories":[7],"tags":[41,119,78,31],"_links":{"self":[{"href":"https:\/\/www.infokuryr.cz\/n\/wp-json\/wp\/v2\/posts\/3381"}],"collection":[{"href":"https:\/\/www.infokuryr.cz\/n\/wp-json\/wp\/v2\/posts"}],"about":[{"href":"https:\/\/www.infokuryr.cz\/n\/wp-json\/wp\/v2\/types\/post"}],"author":[{"embeddable":true,"href":"https:\/\/www.infokuryr.cz\/n\/wp-json\/wp\/v2\/users\/2"}],"replies":[{"embeddable":true,"href":"https:\/\/www.infokuryr.cz\/n\/wp-json\/wp\/v2\/comments?post=3381"}],"version-history":[{"count":0,"href":"https:\/\/www.infokuryr.cz\/n\/wp-json\/wp\/v2\/posts\/3381\/revisions"}],"wp:featuredmedia":[{"embeddable":true,"href":"https:\/\/www.infokuryr.cz\/n\/wp-json\/wp\/v2\/media\/2097"}],"wp:attachment":[{"href":"https:\/\/www.infokuryr.cz\/n\/wp-json\/wp\/v2\/media?parent=3381"}],"wp:term":[{"taxonomy":"category","embeddable":true,"href":"https:\/\/www.infokuryr.cz\/n\/wp-json\/wp\/v2\/categories?post=3381"},{"taxonomy":"post_tag","embeddable":true,"href":"https:\/\/www.infokuryr.cz\/n\/wp-json\/wp\/v2\/tags?post=3381"}],"curies":[{"name":"wp","href":"https:\/\/api.w.org\/{rel}","templated":true}]}}