{"id":33808,"date":"2023-08-10T01:14:57","date_gmt":"2023-08-09T23:14:57","guid":{"rendered":"http:\/\/www.infokuryr.cz\/n\/?p=33808"},"modified":"2023-08-09T19:09:27","modified_gmt":"2023-08-09T17:09:27","slug":"svetova-banka-tresta-ugandu-za-zakon-proti-gayum","status":"publish","type":"post","link":"https:\/\/www.infokuryr.cz\/n\/2023\/08\/10\/svetova-banka-tresta-ugandu-za-zakon-proti-gayum\/","title":{"rendered":"Sv\u011btov\u00e1 banka trest\u00e1 Ugandu za z\u00e1kon proti gay\u016fm"},"content":{"rendered":"<div id=\"fb-root\"><\/div>\n<p><span style=\"font-size: 18pt;\"><strong>Legislativa podkop\u00e1v\u00e1 hodnoty banky \u201eza\u010dlen\u011bn\u00ed a nediskriminace\u201c, uvedla instituce<\/strong><\/span><\/p>\n<p>Sv\u011btov\u00e1 banka ozn\u00e1mila zastaven\u00ed nov\u00e9ho financov\u00e1n\u00ed pro Ugandu, p\u0159i\u010dem\u017e jako d\u016fvod sv\u00e9ho rozhodnut\u00ed uvedla z\u00e1kon proti homosexualit\u011b v t\u00e9to zemi p\u0159ijat\u00fd za\u010d\u00e1tkem tohoto roku.<\/p>\n<p>Glob\u00e1ln\u00ed finan\u010dn\u00ed org\u00e1n v \u00fatern\u00edm prohl\u00e1\u0161en\u00ed dosp\u011bl k z\u00e1v\u011bru, \u017ee z\u00e1kon proti LGBTQ t\u00e9to v\u00fdchodoafrick\u00e9 zem\u011b, kter\u00fd \u010din\u00ed z \u201e\u00a0<em>hor\u0161\u00ed homosexuality<\/em>\u00a0\u201c hrdeln\u00ed trestn\u00fd \u010din a ukl\u00e1d\u00e1 tresty a\u017e do\u017eivotn\u00ed v\u011bzen\u00ed za konsensu\u00e1ln\u00ed vztahy mezi osobami stejn\u00e9ho pohlav\u00ed, je v rozporu s jej\u00edmi hodnotami.<\/p>\n<p>\u201e\u00a0<em>V\u011b\u0159\u00edme, \u017ee na\u0161e vize vym\u00fdtit chudobu na obyvateln\u00e9 planet\u011b m\u016f\u017ee usp\u011bt pouze tehdy, pokud bude zahrnovat ka\u017ed\u00e9ho bez ohledu na rasu, pohlav\u00ed nebo sexualitu.\u00a0Tento z\u00e1kon tyto snahy podkop\u00e1v\u00e1.\u00a0Za\u010dlen\u011bn\u00ed a nediskriminace jsou j\u00e1drem na\u0161\u00ed pr\u00e1ce po cel\u00e9m sv\u011bt\u011b<\/em>\u00a0,\u201c uvedla banka.<\/p>\n<p>Rozhodnut\u00ed n\u00e1sleduje po zv\u00fd\u0161en\u00fdch v\u00fdzv\u00e1ch lidskopr\u00e1vn\u00edch skupin a aktivist\u016f po sankc\u00edch proti Kampale po schv\u00e1len\u00ed z\u00e1kona proti homosexualit\u011b z roku 2023 v kv\u011btnu, kter\u00fd podle nich \u201e\u00a0<em>legalizuje homofobii a transfobii<\/em>\u00a0\u201c .<\/p>\n<p>Koncem minul\u00e9ho m\u011bs\u00edce n\u011bkolik \u010dlen\u016f Kongresu USA napsalo prezidentovi Sv\u011btov\u00e9 banky Ajayi Bangovi s \u017e\u00e1dost\u00ed, aby banka pozastavila ve\u0161ker\u00e9 p\u016fj\u010dky Ugand\u011b, aby donutila vl\u00e1du zru\u0161it anti-gay legislativu.\u00a0D\u0159\u00edve koalice 170 ob\u010dansk\u00fdch organizac\u00ed po\u017eadovala, aby Banga podnikl kroky v reakci na \u201e\u00a0<em>ohavn\u00fd<\/em>\u00a0\u201c z\u00e1kon Ugandy.<\/p>\n<p>T\u00fdm Sv\u011btov\u00e9 banky odjel do Kampaly &#8220;\u00a0<em>okam\u017eit\u011b<\/em>\u00a0&#8220; pot\u00e9, co byl z\u00e1kon schv\u00e1len, a dosp\u011bl k z\u00e1v\u011bru, \u017ee jsou zapot\u0159eb\u00ed dal\u0161\u00ed opat\u0159en\u00ed, aby bylo zaji\u0161t\u011bno, \u017ee realizace projektu bude v souladu s environment\u00e1ln\u00edmi a soci\u00e1ln\u00edmi sm\u011brnicemi banky, uvedla v \u00fater\u00fd skupina.<\/p>\n<p>\u201e\u00a0<em>Na\u0161emu v\u00fdkonn\u00e9mu \u0159editelstv\u00ed nebude p\u0159edlo\u017eeno \u017e\u00e1dn\u00e9 nov\u00e9 ve\u0159ejn\u00e9 financov\u00e1n\u00ed Ugandy, dokud nebude otestov\u00e1na \u00fa\u010dinnost dodate\u010dn\u00fdch opat\u0159en\u00ed<\/em>\u00a0,\u201c ozn\u00e1mila spole\u010dnost.<\/p>\n<p>Podle instituce \u010dinilo portfolio finan\u010dn\u00edch prost\u0159edk\u016f Mezin\u00e1rodn\u00ed asociace pro rozvoj pro Ugandu na konci roku 2022 Sv\u011btov\u00e9 banky 5,4 miliardy dolar\u016f.<\/p>\n<p>Ugandsk\u00fd st\u00e1tn\u00ed ministr zahrani\u010dn\u00edch v\u011bc\u00ed Okello Oryem obvinil banku z pokrytectv\u00ed a tvrdil, \u017ee byla \u201e\u00a0<em>vystavena tlaku obvykl\u00fdmi imperialisty<\/em>\u00a0\u201c.<\/p>\n<p>&#8220;\u00a0<em>Existuje mnoho zem\u00ed Bl\u00edzk\u00e9ho v\u00fdchodu, kter\u00e9 netoleruj\u00ed homosexu\u00e1ly, ve skute\u010dnosti homosexu\u00e1ly v\u011b\u0161\u00ed a popravuj\u00ed, ve Spojen\u00fdch st\u00e1tech americk\u00fdch mnoho st\u00e1t\u016f p\u0159ijalo z\u00e1kony, kter\u00e9 jsou bu\u010f proti, nebo omezuj\u00ed aktivity homosexuality&#8230; Pro\u010d si tedy vyb\u00edrat Ugandu?<\/em>\u00a0&#8220; Agentura Reuters citovala Oryema.<\/p>\n<p>Americk\u00e9 ministerstvo zahrani\u010d\u00ed v \u010dervnu uvalilo v\u00edzov\u00e1 omezen\u00ed na ugandsk\u00e9 \u00fa\u0159edn\u00edky a varovalo, \u017ee osoby odpov\u011bdn\u00e9 za poru\u0161ov\u00e1n\u00ed lidsk\u00fdch pr\u00e1v v africk\u00e9 zemi, v\u010detn\u011b pr\u00e1v LGBTQ lid\u00ed, budou pohn\u00e1ny k odpov\u011bdnosti.<\/p>\n<p>Ugandsk\u00fd prezident Yoweri Museveni opakovan\u011b prohl\u00e1sil, \u017ee jeho vl\u00e1da se nenech\u00e1 ovlivnit \u0161krty v pomoci, aby zru\u0161ila z\u00e1kon, kter\u00fd je podle n\u011bj nezbytn\u00fd k tomu, aby zabr\u00e1nil LGBTQ lidem nab\u00edrat dal\u0161\u00ed.<\/p>\n<p><img decoding=\"async\" loading=\"lazy\" class=\"alignnone size-full wp-image-1185\" src=\"http:\/\/www.infokuryr.cz\/n\/wp-content\/uploads\/2021\/04\/kuryr-podpis.png\" alt=\"\" width=\"84\" height=\"24\" \/><\/p>\n<p>&nbsp;<\/p>\n<p><a href=\"https:\/\/stranapro.cz\/\"><img decoding=\"async\" loading=\"lazy\" class=\"wp-image-30218 aligncenter\" src=\"http:\/\/www.infokuryr.cz\/n\/wp-content\/uploads\/2023\/06\/PRO-banner-300x36.png\" alt=\"\" width=\"1358\" height=\"163\" srcset=\"https:\/\/www.infokuryr.cz\/n\/wp-content\/uploads\/2023\/06\/PRO-banner-300x36.png 300w, https:\/\/www.infokuryr.cz\/n\/wp-content\/uploads\/2023\/06\/PRO-banner-768x93.png 768w, https:\/\/www.infokuryr.cz\/n\/wp-content\/uploads\/2023\/06\/PRO-banner.png 849w\" sizes=\"(max-width: 1358px) 100vw, 1358px\" \/><\/a><\/p>\n<p>&nbsp;<\/p>\n<p>&nbsp;<\/p>\n<p>&nbsp;<\/p>\n","protected":false},"excerpt":{"rendered":"<p>Legislativa podkop\u00e1v\u00e1 hodnoty banky \u201eza\u010dlen\u011bn\u00ed a nediskriminace\u201c, uvedla instituce Sv\u011btov\u00e1 banka ozn\u00e1mila zastaven\u00ed nov\u00e9ho financov\u00e1n\u00ed&#8230;<\/p>\n","protected":false},"author":2,"featured_media":33809,"comment_status":"closed","ping_status":"closed","sticky":false,"template":"","format":"standard","meta":[],"categories":[7],"tags":[241,3014,4618],"_links":{"self":[{"href":"https:\/\/www.infokuryr.cz\/n\/wp-json\/wp\/v2\/posts\/33808"}],"collection":[{"href":"https:\/\/www.infokuryr.cz\/n\/wp-json\/wp\/v2\/posts"}],"about":[{"href":"https:\/\/www.infokuryr.cz\/n\/wp-json\/wp\/v2\/types\/post"}],"author":[{"embeddable":true,"href":"https:\/\/www.infokuryr.cz\/n\/wp-json\/wp\/v2\/users\/2"}],"replies":[{"embeddable":true,"href":"https:\/\/www.infokuryr.cz\/n\/wp-json\/wp\/v2\/comments?post=33808"}],"version-history":[{"count":1,"href":"https:\/\/www.infokuryr.cz\/n\/wp-json\/wp\/v2\/posts\/33808\/revisions"}],"predecessor-version":[{"id":33810,"href":"https:\/\/www.infokuryr.cz\/n\/wp-json\/wp\/v2\/posts\/33808\/revisions\/33810"}],"wp:featuredmedia":[{"embeddable":true,"href":"https:\/\/www.infokuryr.cz\/n\/wp-json\/wp\/v2\/media\/33809"}],"wp:attachment":[{"href":"https:\/\/www.infokuryr.cz\/n\/wp-json\/wp\/v2\/media?parent=33808"}],"wp:term":[{"taxonomy":"category","embeddable":true,"href":"https:\/\/www.infokuryr.cz\/n\/wp-json\/wp\/v2\/categories?post=33808"},{"taxonomy":"post_tag","embeddable":true,"href":"https:\/\/www.infokuryr.cz\/n\/wp-json\/wp\/v2\/tags?post=33808"}],"curies":[{"name":"wp","href":"https:\/\/api.w.org\/{rel}","templated":true}]}}