{"id":33806,"date":"2023-08-10T01:13:03","date_gmt":"2023-08-09T23:13:03","guid":{"rendered":"http:\/\/www.infokuryr.cz\/n\/?p=33806"},"modified":"2023-08-10T06:01:36","modified_gmt":"2023-08-10T04:01:36","slug":"pricinou-vybuchu-v-sergijev-posadu-neni-dron","status":"publish","type":"post","link":"https:\/\/www.infokuryr.cz\/n\/2023\/08\/10\/pricinou-vybuchu-v-sergijev-posadu-neni-dron\/","title":{"rendered":"P\u0159\u00ed\u010dinou v\u00fdbuchu v Sergijev Posadu nen\u00ed dron"},"content":{"rendered":"<div id=\"fb-root\"><\/div>\n<p><strong>Na pyrotechnick\u00e9 tov\u00e1rn\u011b v Sergijev Posadu nedaleko Moskvy do\u0161lo k v\u00fdbuchu, sd\u011blil Sputniku p\u0159edstavitel z\u00e1chrann\u00fdch slu\u017eeb.<\/strong><\/p>\n<p>D\u016fvodem v\u00fdbuchu nen\u00ed dron. Jak up\u0159esnili v z\u00e1chrann\u00fdch slu\u017eb\u00e1ch, p\u0159\u00ed\u010dinou incidentu bylo poru\u0161en\u00ed technologick\u00e9ho procesu.<\/p>\n<p>Zran\u011bno bylo 52 osob, z toho p\u011bt v\u00e1\u017en\u011b, celkem 20 osob bylo p\u0159evezeno do nemocnice, uv\u00e1d\u00ed rusk\u00e9 ministerstvo pro mimo\u0159\u00e1dn\u00e9 situace.<\/p>\n<p>Pod troskami po v\u00fdbuchu v Sergijev Posadu m\u016f\u017ee b\u00fdt p\u011bt lid\u00ed, \u0159ekl gubern\u00e1tor Vorobjov.<\/p>\n<p>Na m\u00edst\u011b pracuje t\u0159iadvacet pos\u00e1dek z\u00e1chrann\u00e9 slu\u017eby a vrtuln\u00edk, uvedlo region\u00e1ln\u00ed ministerstvo zdravotnictv\u00ed.<\/p>\n<p>\u00da\u0159ady Sergijeva Posadu po v\u00fdbuchu uv\u00e1d\u00ed, \u017ee v mnoha budov\u00e1ch byla rozbita okna.<\/p>\n<p><img decoding=\"async\" loading=\"lazy\" class=\"alignnone size-full wp-image-1185\" src=\"http:\/\/www.infokuryr.cz\/n\/wp-content\/uploads\/2021\/04\/kuryr-podpis.png\" alt=\"\" width=\"84\" height=\"24\" \/><\/p>\n<p>&nbsp;<\/p>\n<p><img decoding=\"async\" loading=\"lazy\" class=\"wp-image-33819 aligncenter\" src=\"http:\/\/www.infokuryr.cz\/n\/wp-content\/uploads\/2023\/08\/ces1-300x157.jpg\" alt=\"\" width=\"1303\" height=\"682\" srcset=\"https:\/\/www.infokuryr.cz\/n\/wp-content\/uploads\/2023\/08\/ces1-300x157.jpg 300w, https:\/\/www.infokuryr.cz\/n\/wp-content\/uploads\/2023\/08\/ces1-1024x536.jpg 1024w, https:\/\/www.infokuryr.cz\/n\/wp-content\/uploads\/2023\/08\/ces1-768x402.jpg 768w, https:\/\/www.infokuryr.cz\/n\/wp-content\/uploads\/2023\/08\/ces1.jpg 1200w\" sizes=\"(max-width: 1303px) 100vw, 1303px\" \/><\/p>\n<p>&nbsp;<\/p>\n<p><a href=\"https:\/\/stranapro.cz\/\"><img decoding=\"async\" loading=\"lazy\" class=\"wp-image-30218 aligncenter\" src=\"http:\/\/www.infokuryr.cz\/n\/wp-content\/uploads\/2023\/06\/PRO-banner-300x36.png\" alt=\"\" width=\"1358\" height=\"163\" srcset=\"https:\/\/www.infokuryr.cz\/n\/wp-content\/uploads\/2023\/06\/PRO-banner-300x36.png 300w, https:\/\/www.infokuryr.cz\/n\/wp-content\/uploads\/2023\/06\/PRO-banner-768x93.png 768w, https:\/\/www.infokuryr.cz\/n\/wp-content\/uploads\/2023\/06\/PRO-banner.png 849w\" sizes=\"(max-width: 1358px) 100vw, 1358px\" \/><\/a><\/p>\n<p>&nbsp;<\/p>\n<p>&nbsp;<\/p>\n<p>&nbsp;<\/p>\n","protected":false},"excerpt":{"rendered":"<p>Na pyrotechnick\u00e9 tov\u00e1rn\u011b v Sergijev Posadu nedaleko Moskvy do\u0161lo k v\u00fdbuchu, sd\u011blil Sputniku p\u0159edstavitel z\u00e1chrann\u00fdch&#8230;<\/p>\n","protected":false},"author":2,"featured_media":33807,"comment_status":"closed","ping_status":"closed","sticky":false,"template":"","format":"standard","meta":[],"categories":[7],"tags":[22,5634,300],"_links":{"self":[{"href":"https:\/\/www.infokuryr.cz\/n\/wp-json\/wp\/v2\/posts\/33806"}],"collection":[{"href":"https:\/\/www.infokuryr.cz\/n\/wp-json\/wp\/v2\/posts"}],"about":[{"href":"https:\/\/www.infokuryr.cz\/n\/wp-json\/wp\/v2\/types\/post"}],"author":[{"embeddable":true,"href":"https:\/\/www.infokuryr.cz\/n\/wp-json\/wp\/v2\/users\/2"}],"replies":[{"embeddable":true,"href":"https:\/\/www.infokuryr.cz\/n\/wp-json\/wp\/v2\/comments?post=33806"}],"version-history":[{"count":0,"href":"https:\/\/www.infokuryr.cz\/n\/wp-json\/wp\/v2\/posts\/33806\/revisions"}],"wp:featuredmedia":[{"embeddable":true,"href":"https:\/\/www.infokuryr.cz\/n\/wp-json\/wp\/v2\/media\/33807"}],"wp:attachment":[{"href":"https:\/\/www.infokuryr.cz\/n\/wp-json\/wp\/v2\/media?parent=33806"}],"wp:term":[{"taxonomy":"category","embeddable":true,"href":"https:\/\/www.infokuryr.cz\/n\/wp-json\/wp\/v2\/categories?post=33806"},{"taxonomy":"post_tag","embeddable":true,"href":"https:\/\/www.infokuryr.cz\/n\/wp-json\/wp\/v2\/tags?post=33806"}],"curies":[{"name":"wp","href":"https:\/\/api.w.org\/{rel}","templated":true}]}}