{"id":33805,"date":"2023-08-10T01:12:06","date_gmt":"2023-08-09T23:12:06","guid":{"rendered":"http:\/\/www.infokuryr.cz\/n\/?p=33805"},"modified":"2023-08-09T18:58:14","modified_gmt":"2023-08-09T16:58:14","slug":"prijmy-ukrajiny-z-exportu-obili-se-snizily-po-zastaveni-dohody-dvojnasobne","status":"publish","type":"post","link":"https:\/\/www.infokuryr.cz\/n\/2023\/08\/10\/prijmy-ukrajiny-z-exportu-obili-se-snizily-po-zastaveni-dohody-dvojnasobne\/","title":{"rendered":"P\u0159\u00edjmy Ukrajiny z exportu obil\u00ed se sn\u00ed\u017eily po zastaven\u00ed dohody dvojn\u00e1sobn\u011b"},"content":{"rendered":"<div id=\"fb-root\"><\/div>\n<p><strong>Export obil\u00ed z Ukrajiny se sn\u00ed\u017eil v \u010dervenci na pozad\u00ed zastaven\u00ed obiln\u00ed dohody 1,4kr\u00e1t, a p\u0159\u00edjmy \u2013 t\u00e9m\u011b\u0159 dvojn\u00e1sobn\u011b. Vypl\u00fdv\u00e1 to z \u00fadaj\u016f ukrajinsk\u00e9 celnice a ministerstva zem\u011bd\u011blstv\u00ed, kter\u00e9 rozebral Sputnik.<\/strong><\/p>\n<p>Podle statistiky ministerstva zem\u011bd\u011blstv\u00ed exportoval Kyjev v \u010dervenci 2,3 milionu tun kuku\u0159ice, p\u0161enice a je\u010dmene, co\u017e je o 38% m\u00e9n\u011b, ne\u017e v \u010dervnu. Prudce se sn\u00ed\u017eily dod\u00e1vky na sv\u011btov\u00fd trh kuku\u0159ice \u2013 dvojn\u00e1sobn\u011b, na 1,1 milionu tun, tedy na lo\u0148skou \u00farove\u0148, zna\u010dn\u011b se sn\u00ed\u017eil tak\u00e9 export p\u0161enice \u2013 o jednu t\u0159etinu, na 841 tis\u00edc tun.<\/p>\n<p>Nejv\u011bt\u0161\u00ed sn\u00ed\u017een\u00ed p\u0159ipad\u00e1 na v\u00fdvoz p\u0159es p\u0159\u00edstavy: jestli\u017ee v \u010dervnu bylo p\u0159es n\u011b vypraveno 3,1 milionu tun obil\u00ed, pak v \u010dervenci u\u017e o 46,5% m\u00e9n\u011b \u2013 pouh\u00fdch 1,67 milionu tun. Z\u00e1rove\u0148 se zv\u00fd\u0161ily o 6% objemy dod\u00e1vek po \u017eeleznici, kami\u00f3ny a trajekty.<\/p>\n<p>V d\u016fsledku toho se sn\u00ed\u017eily p\u0159\u00edjmy Ukrajiny z exportu obil\u00ed 1,9kr\u00e1t \u2013 na 380,4 milionu USD ze 712 milion\u016f USD v p\u0159edchoz\u00edm m\u011bs\u00edci. Je to tak\u00e9 o t\u00e9m\u011b\u0159 30 milion\u016f dolar\u016f m\u00e9n\u011b, ne\u017e dostal Kyjev v \u010dervenci roku 2022.<\/p>\n<p>Pozastaven\u00ed obiln\u00ed dohody zn\u00e1m\u00e9 rovn\u011b\u017e jako \u010dernomo\u0159sk\u00e1 iniciativa bylo ozn\u00e1meno v polovin\u011b \u010dervence. Rusko uv\u011bdomilo tehdy Turecko, Ukrajinu a OSN, \u017ee nen\u00ed ochotno ji prodlou\u017eit, proto\u017ee podm\u00ednky v\u016f\u010di Rusku se neplnily. Jde o odblokov\u00e1n\u00ed exportu potravin a hnojiv, nov\u00e9 napojen\u00ed Rosselchozbanku na SWIFT a jin\u00e1 opat\u0159en\u00ed.<\/p>\n<p>Jak ozn\u00e1mil Sputnik, za dobu platnosti obiln\u00ed dohody exportovala Ukrajina obil\u00ed za 9,8 miliardy dolar\u016f. \u0158editel departamentu monet\u00e1rn\u00ed politiky a ekonomick\u00e9 anal\u00fdzy N\u00e1rodn\u00ed banky Ukrajiny Volodymyr Lepu\u0161inskyj p\u0159edpov\u011bd\u011bl, \u017ee Kyjev nedostane letos kv\u016fli zastaven\u00ed obiln\u00ed dohody dv\u011b miliardy USD valutov\u00fdch p\u0159\u00edjm\u016f.<\/p>\n<p><img decoding=\"async\" loading=\"lazy\" class=\"alignnone size-full wp-image-1185\" src=\"http:\/\/www.infokuryr.cz\/n\/wp-content\/uploads\/2021\/04\/kuryr-podpis.png\" alt=\"\" width=\"84\" height=\"24\" \/><\/p>\n<p>&nbsp;<\/p>\n<p><a href=\"https:\/\/stranapro.cz\/\"><img decoding=\"async\" loading=\"lazy\" class=\"wp-image-30218 aligncenter\" src=\"http:\/\/www.infokuryr.cz\/n\/wp-content\/uploads\/2023\/06\/PRO-banner-300x36.png\" alt=\"\" width=\"1358\" height=\"163\" srcset=\"https:\/\/www.infokuryr.cz\/n\/wp-content\/uploads\/2023\/06\/PRO-banner-300x36.png 300w, https:\/\/www.infokuryr.cz\/n\/wp-content\/uploads\/2023\/06\/PRO-banner-768x93.png 768w, https:\/\/www.infokuryr.cz\/n\/wp-content\/uploads\/2023\/06\/PRO-banner.png 849w\" sizes=\"(max-width: 1358px) 100vw, 1358px\" \/><\/a><\/p>\n<p>&nbsp;<\/p>\n<p>&nbsp;<\/p>\n<p>&nbsp;<\/p>\n","protected":false},"excerpt":{"rendered":"<p>Export obil\u00ed z Ukrajiny se sn\u00ed\u017eil v \u010dervenci na pozad\u00ed zastaven\u00ed obiln\u00ed dohody 1,4kr\u00e1t, a&#8230;<\/p>\n","protected":false},"author":2,"featured_media":26957,"comment_status":"closed","ping_status":"closed","sticky":false,"template":"","format":"standard","meta":[],"categories":[7],"tags":[2023,3739,26],"_links":{"self":[{"href":"https:\/\/www.infokuryr.cz\/n\/wp-json\/wp\/v2\/posts\/33805"}],"collection":[{"href":"https:\/\/www.infokuryr.cz\/n\/wp-json\/wp\/v2\/posts"}],"about":[{"href":"https:\/\/www.infokuryr.cz\/n\/wp-json\/wp\/v2\/types\/post"}],"author":[{"embeddable":true,"href":"https:\/\/www.infokuryr.cz\/n\/wp-json\/wp\/v2\/users\/2"}],"replies":[{"embeddable":true,"href":"https:\/\/www.infokuryr.cz\/n\/wp-json\/wp\/v2\/comments?post=33805"}],"version-history":[{"count":0,"href":"https:\/\/www.infokuryr.cz\/n\/wp-json\/wp\/v2\/posts\/33805\/revisions"}],"wp:featuredmedia":[{"embeddable":true,"href":"https:\/\/www.infokuryr.cz\/n\/wp-json\/wp\/v2\/media\/26957"}],"wp:attachment":[{"href":"https:\/\/www.infokuryr.cz\/n\/wp-json\/wp\/v2\/media?parent=33805"}],"wp:term":[{"taxonomy":"category","embeddable":true,"href":"https:\/\/www.infokuryr.cz\/n\/wp-json\/wp\/v2\/categories?post=33805"},{"taxonomy":"post_tag","embeddable":true,"href":"https:\/\/www.infokuryr.cz\/n\/wp-json\/wp\/v2\/tags?post=33805"}],"curies":[{"name":"wp","href":"https:\/\/api.w.org\/{rel}","templated":true}]}}