{"id":33775,"date":"2023-08-09T04:58:34","date_gmt":"2023-08-09T02:58:34","guid":{"rendered":"http:\/\/www.infokuryr.cz\/n\/?p=33775"},"modified":"2023-08-09T04:58:34","modified_gmt":"2023-08-09T02:58:34","slug":"nedelnik-adama-b-bartose-142-o-lajnach-jak-brno","status":"publish","type":"post","link":"https:\/\/www.infokuryr.cz\/n\/2023\/08\/09\/nedelnik-adama-b-bartose-142-o-lajnach-jak-brno\/","title":{"rendered":"NED\u011aLN\u00cdK ADAMA B. BARTO\u0160E (142) O LAJN\u00c1CH JAK BRNO"},"content":{"rendered":"<div id=\"fb-root\"><\/div>\n<p>Tento zp\u016fsob l\u00e9ta zd\u00e1 se mi \u2013 ale ne, to u\u017e jsem jednou napsal, to bych se opakoval. Ale stejn\u011b je to divn\u00e9 l\u00e9to. Jako jaro. Jaro skoro nebylo \u2013 p\u0159i\u0161lo pozd\u011b, bylo kr\u00e1tk\u00e9, studen\u00e9 \u2013 jako p\u0159ed rokem. A l\u00e9to? Nev\u00edm, jak u v\u00e1s, ale tady \u2013 leje a leje a leje \u2013 kdy\u017e to \u0159eknu slu\u0161n\u011b. Ch\u00e1pu, \u017ee to mus\u00ed bejt, ale pro\u010d pr\u00e1v\u011b v l\u00e9t\u011b? A pro\u010d pr\u00e1v\u011b te\u010f, kdy\u017e m\u00e1m m\u00edt \u2013 no tak volno \u00fapln\u011b nem\u00e1m, ale \u2013 voln\u011bji? Jestli jsem za\u017eil t\u00fdden p\u011bkn\u00fdch tropick\u00fdch teplot, co\u017e je p\u0159esn\u011b to, co mi vyhovuje, tak to bylo moc a je\u0161t\u011b se to m\u00edjelo s mou dovolenou. A kdy\u017e je \u010dlov\u011bk mimo b\u011b\u017en\u00fd pracovn\u00ed proces, tak je tu takov\u00e1 zima, \u017ee by ze mne m\u011bla Pekarov\u00e1 radost \u2013 nos\u00edm nejen svetr, ale dokonce i bundu. V l\u00e9t\u011b. To nepochop\u00ed\u0161\u2026<span id=\"more-13754\"><\/span><\/p>\n<p>To, \u017ee v zim\u011b nebyla takov\u00e1 zima, to jsem je\u0161t\u011b vzal s povd\u011bkem, proto\u017ee u\u017e takhle plat\u00edm za elekt\u0159inu 14 tis\u00edc m\u011bs\u00ed\u010dn\u011b a kdyby to m\u011blo b\u00fdt v\u00edc, u\u017e bych asi nevyd\u011bl\u00e1val na nic jin\u00e9ho, ale \u017ee je pak zima v l\u00e9t\u011b, to u\u017e zav\u00e1n\u00ed n\u011b\u010d\u00edm podez\u0159el\u00fdm. Co se to, k sakru, s t\u00edm po\u010das\u00edm d\u011bje? Je srpen a j\u00e1 tu sed\u00edm ve vln\u011bn\u00fdch pono\u017ek\u00e1ch a t\u0159u si zk\u0159ehlou a ledovou prava\u010dku, kter\u00e1 \u2013 proto\u017ee s n\u00ed nic ned\u011bl\u00e1m, ne\u017e klik\u00e1m jedn\u00edm z jej\u00edch prst\u016f na my\u0161i \u2013 mi ztuhla a m\u00e1lem zmrzla. D\u00fdch\u00e1m si na ni a p\u0159em\u00fd\u0161l\u00edm, kde zase soudruzi ud\u011blali chybu\u2026<\/p>\n<p>Ne, v\u00e1\u017en\u011b. Dnes u\u017e vlastn\u011b nev\u00edme, co je opravdov\u00e9 po\u010das\u00ed a co je po\u010das\u00ed modifikovan\u00e9. Kdy je zima, proto\u017ee b\u00fdt zima m\u00e1 a co u\u017e je zima, jak\u00e1 by b\u00fdt nem\u011bla. Co je vedro opravdov\u00e9, nefal\u0161ovan\u00e9, letn\u00ed a co je u\u017e p\u0159es \u010d\u00e1ru a co b\u00fdt nikdy nem\u011blo, proto\u017ee takhle to tam naho\u0159e nikdo nepl\u00e1noval, ale namachrovan\u00ed v\u011bdci, co si hraj\u00ed na bohy, vyrobili fejkov\u00e9 po\u010das\u00ed. Dnes n\u00e1s st\u00e1le krm\u00ed stra\u0161\u00e1ky o tom, jak proti n\u00e1m Rusko vede hybridn\u00ed v\u00e1lku, kter\u00e1 pr\u00fd spo\u010d\u00edv\u00e1 \u2013 pova\u017ete \u2013 ve stra\u0161liv\u00fdch desinformac\u00edch (jako kdyby Z\u00e1pad nikdy nic takov\u00e9ho ned\u011blal a jako kdyby cel\u00e9 na\u0161e zpravodajstv\u00ed nebylo ni\u010d\u00edm jin\u00fdm ne\u017e jedn\u00edm velk\u00fdm hoaxem), ale \u017ee se tu u\u017e desetilet\u00ed bojuje za pomoci \u00faprav po\u010das\u00ed a vyvol\u00e1v\u00e1n\u00ed \u2013 tu sucha, tu z\u00e1plav, tu zem\u011bt\u0159esen\u00ed nebo dokonce extr\u00e9mn\u00edch po\u017e\u00e1r\u016f \u2013 to nikdo ne\u0159ekne, nenap\u00ed\u0161e, o tom se ml\u010d\u00ed po p\u011b\u0161in\u011b.<\/p>\n<p>Cel\u00e9 dne\u0161n\u00ed po\u010das\u00ed je fejkov\u00e9, vyfabulovan\u00e9, vyprefabrikovan\u00e9, dop\u0159edu vypo\u010d\u00edtan\u00e9, nalajnovan\u00e9 \u2013 a jak by tak\u00e9 ne, kdy\u017e jsou na nebi lajny jak kr\u00e1va \u2013 a nebo by snad bylo p\u0159\u00edhodn\u011bj\u0161\u00ed \u0159\u00edci \u2013 jako Brno. Nev\u00edm, jak vy, ale m\u011b ty lajny fakt hezkejch p\u00e1r let, co si jich v\u0161\u00edm\u00e1m, \u0161tvou. Pod\u00edv\u00e1te se na nebe a m\u00e1te pocit, \u017ee se d\u00edv\u00e1te na sklen\u011bn\u00fd st\u016fl zezpodu: n\u011bkdo tam velkou kreditkou ud\u011blal spoustu b\u00edl\u00fdch \u010dar a my to te\u010f jako m\u00e1me \u0161\u0148upat? Prost\u011b a oby\u010dejn\u011b n\u00e1s tady u\u017e desetilet\u00ed pr\u00e1\u0161kujou b\u00edl\u00fdm pr\u00e1\u0161kem, ale \u017e\u00e1dnou ext\u00e1zi z toho nem\u00e1m. Sp\u00ed\u0161e blbou n\u00e1ladu \u2013 \u010dlov\u011bk nevid\u00ed slunce, jen poblit\u00fd nebe, asi tak poblit\u00fd, jako kdy\u017e to v Brn\u011b s t\u00edm \u0161\u0148up\u00e1n\u00edm p\u0159e\u017eenou a vid\u00ed pak sv\u00e9 rann\u00ed sojov\u00e9 latt\u00e9 podruh\u00e9. A kolik toho CO2 kv\u016fli tomu mus\u00ed vyprodukovat, aby tu oblohu nad v\u0161emi velk\u00fdmi (a nejen velk\u00fdmi) m\u011bsty takhle vyb\u00edlili? Z toho by se asi Gr\u00e9ta zvencla\u2026<\/p>\n<p>Zkr\u00e1tka \u2013 zase v\u00e1\u017en\u011b. P\u00ed\u0161u o tom trochu odleh\u010den\u011b, ale skute\u010dn\u011b je to v\u00e1\u017en\u00e9 t\u00e9ma. A velk\u00e9 t\u00e9ma. Je s podivem, \u017ee se o tom cudn\u011b ml\u010d\u00ed. Trochu jsem se s kolegou rozhodl toto tabuizovan\u00e9 t\u00e9ma pro\u0161\u0165ouchnout a po domluv\u011b s V\u00edtkem z SVCS\u00a0<a href=\"http:\/\/knihyabb.cz\/domu\/5784-geoinzenyrstvi-moc-prichazi-z-nebe-vitek-svcs-vychazi-v-rijnu.html\" target=\"_blank\" rel=\"noopener\"><strong>vyd\u00e1v\u00e1m knihu jeho text\u016f na t\u00e9ma geoin\u017een\u00fdringu a v\u0161eho, co s t\u00edm souvis\u00ed<\/strong><\/a>. Je to v\u011bt\u0161\u00ed, ne\u017e si mysl\u00edte. A pokud si mysl\u00edte, \u017ee o tom n\u011bco v\u00edte, a\u017e si tuto knihu p\u0159e\u010dtete, zjist\u00edte, \u017ee je to je\u0161t\u011b hor\u0161\u00ed, ne\u017e jste si mysleli.<\/p>\n<p>Tak\u017ee proto nem\u00e1m dovolenou, ale p\u0159ipravuji tady tuto (a nejen tuto) knihu do tisku. Ono se stejn\u011b ned\u00e1 nic jin\u00e9ho d\u011blat. Na zahrad\u011b pracovat v tom neust\u00e1l\u00e9m de\u0161ti nelze, tak m\u00e1m v\u00edc \u010dasu a kniha, kterou jsem ohla\u0161oval na z\u00e1\u0159\u00ed, vyjde u\u017e v srpnu. M\u016f\u017eete se na ni t\u011b\u0161it, proto\u017ee je to opravdu prvn\u00ed kniha na toto t\u00e9ma u n\u00e1s.<\/p>\n<p>A\u017e si ji p\u0159e\u010dtete, dojde v\u00e1m, \u017ee tady nejen\u017ee nen\u00ed \u017e\u00e1dn\u00e9 opravdov\u00e9 glob\u00e1ln\u00ed oteplov\u00e1n\u00ed, ale \u017ee v\u0161echny ty rozmary po\u010das\u00ed a jeho extr\u00e9mn\u00ed v\u00fdkyvy jsou jen um\u011ble vyvolan\u00e9 jevy, kter\u00e9 maj\u00ed podpo\u0159it dojem, \u017ee se planet\u011b n\u011bco d\u011bje a \u017ee za to m\u016f\u017ee\u0161 ty a j\u00e1. Bez t\u011bchto zm\u011bn v po\u010das\u00ed bychom jim tu jejich p\u0159iblblou zelenou bezuhl\u00edkovou udr\u017eitelnou environment\u00e1ln\u00ed fantasmagorii ne\u017erali a oni by z toho nem\u011bli ten ohromnej k\u0161eft, kterej z toho maj. Ale je to je\u0161t\u011b hor\u0161\u00ed \u2013 nejen, \u017ee kv\u016fli sv\u00fdm k\u0161eft\u016fm rozhasili cel\u00e9 po\u010das\u00ed, cel\u00fd ten \u2013 jak V\u00edtek p\u00ed\u0161e \u2013 citliv\u00fd a po miliony let vylad\u011bn\u00fd planet\u00e1rn\u00ed organismus, tak\u017ee je to, jako kdyby si hr\u00e1li se sirkami nad sudem prachu, ale je\u0161t\u011b n\u00e1s pod touto z\u00e1minkou cht\u011bj\u00ed zotro\u010dit a uvrhnout do digit\u00e1ln\u00edho koncentr\u00e1ku. Aby si mohli sn\u00edt sv\u00e9 vlhk\u00e9 sny o glob\u00e1ln\u00ed vl\u00e1d\u011b, museli vymyslet stra\u0161\u00e1ka. Aby byl stra\u0161\u00e1k opravdu odstra\u0161uj\u00edc\u00ed, p\u011bkn\u011b ho um\u011ble vylep\u0161ili \u2013 a vpodstat\u011b tak vytv\u00e1\u0159ej\u00ed v po\u010das\u00ed jednu krizi za druhou. Tedy ne \u017ee ty a j\u00e1 sv\u00fdm d\u00fdch\u00e1n\u00edm a kr\u00e1vy na louce sv\u00fdm prd\u011bn\u00edm oteplujeme planetu, ale hovada jako Schwab, Gore, Strong, Soros a jim podobn\u00ed c\u00edlen\u011b a \u00famysln\u011b rozst\u0159ikov\u00e1n\u00edm l\u00e1tek do atmosf\u00e9ry \u010di dokonce oh\u0159\u00edv\u00e1n\u00edm ionosf\u00e9ry (ano, HAARP apod.) manipuluj\u00ed s po\u010das\u00edm po cel\u00e9m sv\u011bt\u011b, zp\u016fsobuj\u00ed katastrofy a n\u00e1s pak z toho vin\u00ed, n\u00e1s kv\u016fli tomu omezuj\u00ed na na\u0161ich pr\u00e1vech (berou n\u00e1m maso, auta apod), n\u00e1s od\u00edraj\u00ed z k\u016f\u017ee (emisn\u00ed povolenky apod.) a n\u00e1s pod touto z\u00e1minkou cht\u011bj\u00ed sledovat a kontrolovat (uhl\u00edkov\u00e1 da\u0148, sledov\u00e1n\u00ed spot\u0159eby CO2 a limity, kter\u00e9 na n\u00e1s chystaj\u00ed). Je to prost\u011b jeden z nejv\u011bt\u0161\u00edch podvod\u016f na sv\u011bt\u011b, stokr\u00e1t v\u011bt\u0161\u00ed ne\u017e covid. A my se tv\u00e1\u0159\u00edme, \u017ee se n\u00e1s to net\u00fdk\u00e1.<\/p>\n<p>O tomhle by se m\u011blo mluvit, ne o lajn\u00e1ch v Brn\u011b. O lajn\u00e1ch nad na\u0161imi hlavami\u2026<\/p>\n<p>Navzdory lajn\u00e1m a de\u0161ti p\u0159eji p\u011bkn\u00e9 l\u00e9to<\/p>\n<p><em>Adam B. Barto\u0161<\/em><br \/>\n<em>p\u0159edseda N\u00e1rodn\u00ed demokracie<\/em><\/p>\n<p><a href=\"https:\/\/narodnidemokracie.cz\/nedelnik-adama-b-bartose-142-o-lajnach-jak-brno\/\"><img decoding=\"async\" loading=\"lazy\" class=\"alignnone size-full wp-image-678\" src=\"http:\/\/www.infokuryr.cz\/n\/wp-content\/uploads\/2021\/04\/narodni_demokracie_logo.jpg\" alt=\"\" width=\"300\" height=\"85\" \/><\/a><\/p>\n<p>_______________________________<\/p>\n<p>&nbsp;<\/p>\n<p><a href=\"https:\/\/stranapro.cz\/\"><img decoding=\"async\" loading=\"lazy\" class=\"wp-image-30218 aligncenter\" src=\"http:\/\/www.infokuryr.cz\/n\/wp-content\/uploads\/2023\/06\/PRO-banner-300x36.png\" alt=\"\" width=\"733\" height=\"88\" srcset=\"https:\/\/www.infokuryr.cz\/n\/wp-content\/uploads\/2023\/06\/PRO-banner-300x36.png 300w, https:\/\/www.infokuryr.cz\/n\/wp-content\/uploads\/2023\/06\/PRO-banner-768x93.png 768w, https:\/\/www.infokuryr.cz\/n\/wp-content\/uploads\/2023\/06\/PRO-banner.png 849w\" sizes=\"(max-width: 733px) 100vw, 733px\" \/><\/a><\/p>\n<p>&nbsp;<\/p>\n<p>&nbsp;<\/p>\n<p>&nbsp;<\/p>\n<p>&nbsp;<\/p>\n","protected":false},"excerpt":{"rendered":"<p>Tento zp\u016fsob l\u00e9ta zd\u00e1 se mi \u2013 ale ne, to u\u017e jsem jednou napsal, to&#8230;<\/p>\n","protected":false},"author":2,"featured_media":33776,"comment_status":"closed","ping_status":"closed","sticky":false,"template":"","format":"standard","meta":[],"categories":[6],"tags":[367,873,29,122],"_links":{"self":[{"href":"https:\/\/www.infokuryr.cz\/n\/wp-json\/wp\/v2\/posts\/33775"}],"collection":[{"href":"https:\/\/www.infokuryr.cz\/n\/wp-json\/wp\/v2\/posts"}],"about":[{"href":"https:\/\/www.infokuryr.cz\/n\/wp-json\/wp\/v2\/types\/post"}],"author":[{"embeddable":true,"href":"https:\/\/www.infokuryr.cz\/n\/wp-json\/wp\/v2\/users\/2"}],"replies":[{"embeddable":true,"href":"https:\/\/www.infokuryr.cz\/n\/wp-json\/wp\/v2\/comments?post=33775"}],"version-history":[{"count":0,"href":"https:\/\/www.infokuryr.cz\/n\/wp-json\/wp\/v2\/posts\/33775\/revisions"}],"wp:featuredmedia":[{"embeddable":true,"href":"https:\/\/www.infokuryr.cz\/n\/wp-json\/wp\/v2\/media\/33776"}],"wp:attachment":[{"href":"https:\/\/www.infokuryr.cz\/n\/wp-json\/wp\/v2\/media?parent=33775"}],"wp:term":[{"taxonomy":"category","embeddable":true,"href":"https:\/\/www.infokuryr.cz\/n\/wp-json\/wp\/v2\/categories?post=33775"},{"taxonomy":"post_tag","embeddable":true,"href":"https:\/\/www.infokuryr.cz\/n\/wp-json\/wp\/v2\/tags?post=33775"}],"curies":[{"name":"wp","href":"https:\/\/api.w.org\/{rel}","templated":true}]}}