{"id":3367,"date":"2021-07-16T07:41:58","date_gmt":"2021-07-16T05:41:58","guid":{"rendered":"http:\/\/www.infokuryr.cz\/n\/?p=3367"},"modified":"2021-07-16T07:43:27","modified_gmt":"2021-07-16T05:43:27","slug":"mluvci-bileho-domu-se-prorekla-ze-vakciny-vas-mohou-zabit-i-kdyz-je-vam-mene-nez-27-let","status":"publish","type":"post","link":"https:\/\/www.infokuryr.cz\/n\/2021\/07\/16\/mluvci-bileho-domu-se-prorekla-ze-vakciny-vas-mohou-zabit-i-kdyz-je-vam-mene-nez-27-let\/","title":{"rendered":"Mluv\u010d\u00ed B\u00edl\u00e9ho domu se pro\u0159ekla, \u017ee vakc\u00edny v\u00e1s mohou zab\u00edt, i kdy\u017e je v\u00e1m m\u00e9n\u011b ne\u017e 27 let!"},"content":{"rendered":"<div id=\"fb-root\"><\/div>\n<h4>VIDEO: Mluv\u010d\u00ed B\u00edl\u00e9ho domu se pro\u0159ekla, \u017ee vakc\u00edny v\u00e1s mohou zab\u00edt, i kdy\u017e je v\u00e1m m\u00e9n\u011b ne\u017e 27 let! Pro\u010d americk\u00e1 CDC p\u0159i\u0161la s v\u011bkem 27 a odkud \u010d\u00edslo poch\u00e1z\u00ed? Pro\u010d chce Adam Vojt\u011bch od z\u00e1\u0159\u00ed o\u010dkovat i \u010desk\u00e9 \u0161kol\u00e1ky a prov\u00e1d\u011bt segregace netestovan\u00fdch a neo\u010dkovan\u00fdch d\u011bt\u00ed ve \u0161kol\u00e1ch od ostatn\u00edch d\u011bt\u00ed? D\u011bti budou pr\u00fd chodit na \u017eidovsk\u00e9 a \u010derno\u0161sk\u00e9 z\u00e1chody a budou muset trvale nosit Davidovy hv\u011bzdy v podob\u011b respir\u00e1tor\u016f na obli\u010deji! Ostatn\u00ed d\u011bti se jim budou sm\u00e1t! Kdyby se testovalo na ch\u0159ipku, z lockdown\u016f nevyjdeme, jak je rok dlouh\u00fd! P\u0159esta\u0148te nesmysln\u011b testovat lidi na viry a Covid-19 zmiz\u00ed!<\/h4>\n<p>Ve st\u0159edu 14. \u010dervence prob\u011bhla v B\u00edl\u00e9m dom\u011b dal\u0161\u00ed tiskov\u00e1 konference, kter\u00e1 mohla b\u00fdt dal\u0161\u00ed nez\u00e1\u017eivnou a propaga\u010dn\u00ed tiskovkou Bidenova re\u017eimu, jen\u017ee stalo se n\u011bco, co nikdo neo\u010dek\u00e1val. Tiskov\u00e1 mluv\u010d\u00ed B\u00edl\u00e9ho domu Jen Psaki toti\u017e ztratila sebekontrolu a v\u00e1\u0161niv\u011b se rozhovo\u0159ila o tom, \u017ee B\u00edl\u00fd d\u016fm chce b\u00fdt k ob\u010dan\u016fm maxim\u00e1ln\u011b up\u0159\u00edmn\u00fd. A tak za\u010dala novin\u00e1\u0159\u016fm vysv\u011btlovat\u00a0<strong>[<a href=\"https:\/\/href.li\/?https:\/\/www.infowars.com\/posts\/psaki-slip-vaccines-can-kill-you-if-youre-under-27\/\" target=\"_blank\" rel=\"nofollow noopener\">1<\/a>]<\/strong>, \u017ee chozen\u00ed o\u010dkovac\u00edch komand d\u016fm od domu nen\u00ed v USA projevem despocie a totality, ale prost\u0159edkem edukace obyvatelstva, kdy se vl\u00e1da sna\u017e\u00ed lidem vysv\u011btlit, \u017ee\u00a0<strong>o\u010dkov\u00e1n\u00ed je jedinou cestou, \u017ee lid\u00e9 mus\u00ed b\u00fdt zodpov\u011bdn\u00ed, \u017ee vakc\u00edny jsou bezpe\u010dn\u00e9 a\u2026 \u017ee vakc\u00edny v\u00e1s mohou zab\u00edt, i kdy\u017e v\u00e1m bude m\u00e9n\u011b ne\u017e 27 let!<\/strong><\/p>\n<p>V tom okam\u017eiku v B\u00edl\u00e9m dom\u011b spadly hodiny ze zdi a novin\u00e1\u0159i se zarazili, ov\u0161em Jen Psaki si neuv\u011bdomila, co pr\u00e1v\u011b \u0159ekla a jela bez hnut\u00ed brvy d\u00e1l ve sv\u00e9m projevu k novin\u00e1\u0159\u016fm. Podle americk\u00e9 alternativy byli Ameri\u010dan\u00e9 pr\u00e1v\u011b sv\u011bdky tzv. Freudovsk\u00e9ho uklouznut\u00ed, tedy odhalen\u00ed pravdy a prav\u00e9ho stavu mysli \u010dlov\u011bka, kter\u00fd dlouho n\u011bkoho p\u0159esv\u011bd\u010duje o l\u017ei, ale kdy\u017e se p\u0159estane soust\u0159edit, tak mu vyklouzne z \u00fast pravda. Jen\u017ee, pro\u010d Jen Psaki zrovna mluvila o v\u011bku 27 let?<\/p>\n<p>&nbsp;<\/p>\n<div id=\"rumble_vh9yio\">\n<div id=\"vid_vh9yio\" class=\"rumble_vh9yio-Rumble-cls\">\n<div class=\"\">\n<div>\n<div><div class='videoWrapper'>\r\n\t            <iframe src='https:\/\/rumble.com\/embed\/pj.vh9yio\/' frameborder='0' allowfullscreen><\/iframe>\r\n\t        <\/div><\/div>\n<\/div>\n<div>\n<div>\n<div><\/div>\n<\/div>\n<\/div>\n<div>\n<div><\/div>\n<\/div>\n<\/div>\n<\/div>\n<\/div>\n<p>Na tiskov\u00e9 konferenci se toti\u017e mluvilo o datech poskytnut\u00fdch CDC, kter\u00e9 ukazuj\u00ed, \u017ee u Ameri\u010dan\u016f pod 27 let v\u011bku je ochota k o\u010dkov\u00e1n\u00ed radik\u00e1ln\u011b ni\u017e\u0161\u00ed ne\u017e u dal\u0161\u00edch v\u011bkov\u00fdch skupin.<strong>\u00a0Tento v\u011bk odpov\u00edd\u00e1 tzv. Indigov\u00fdm d\u011btem narozen\u00fdm po roce 1990, kter\u00e9 New Age ozna\u010duje za mimozemsk\u00e9 bytosti, kter\u00e9 pou\u017e\u00edvaj\u00ed lidsk\u00e9 t\u011blo jako prost\u0159edek k z\u00e1chran\u011b planety Zem\u011b.<\/strong>\u00a0Od tzv. Milleni\u00e1l\u016f se ale li\u0161\u00ed v jedn\u00e9 z\u00e1sadn\u00ed v\u011bci, z t\u00e9to planety poch\u00e1z\u00ed pouze jejich biologick\u00fd nosi\u010d, t\u011blo, ale nikoliv v\u011bdom\u00ed, kter\u00e9 toto t\u011blo ob\u00fdv\u00e1. Drtiv\u00e1 v\u011bt\u0161ina zmizel\u00fdch a unesen\u00fdch d\u011bt\u00ed za posledn\u00edch 30 let poch\u00e1z\u00ed ze dvou skupin.<\/p>\n<p>Prvn\u00ed skupinou jsou d\u011bti s krevn\u00ed skupinou 0 Rh faktor negativn\u00ed a druhou skupinou jsou pr\u00e1v\u011b indigov\u00e9 d\u011bti. Americk\u00e1 CDC tak za\u010dala v USA prov\u011b\u0159ovat podivnou souvislost, \u017ee velk\u00e1 \u010d\u00e1st odm\u00edta\u010d\u016f vakc\u00edn jsou osoby s krevn\u00ed skupinou 0 Rh neg a v p\u0159\u00edpad\u011b mlad\u00fdch lid\u00ed to jsou osoby pod 27 let. Zd\u00e1 se v\u00e1m to jako n\u00e1hoda? Ne, nic jako n\u00e1hoda neexistuje!<\/p>\n<h6><span style=\"font-size: 14pt;\">Indigov\u00e9 d\u011bti a nositel\u00e9 pokrevn\u00ed Abrah\u00e1movy linie Nephilim jako odm\u00edta\u010di vaxu? CDC na to podle v\u0161eho k\u00e1pla<\/span><\/h6>\n<p>Vakc\u00edny z\u0159ejm\u011b gumuj\u00ed a ma\u017eou kompendium Nephilim v lidsk\u00e9 DNA a tito lid\u00e9 s touto krv\u00ed maj\u00ed z\u0159ejm\u011b vyvinut\u00fd instinkt na genetick\u00e9 \u00farovni, ochrann\u00fd mechanismus, kter\u00fd je varuje, pokud hroz\u00ed po\u0161kozen\u00ed kompendia na genetick\u00e9 \u00farovni. Lid\u00e9 s touto krv\u00ed se nap\u0159. \u0161t\u00edt\u00ed n\u011bkter\u00fdch m\u00e9n\u011b vyvinut\u00fdch ras, vytv\u00e1\u0159\u00ed si segregaci, odm\u00edtaj\u00ed vakc\u00edny a transf\u00faze krve, podv\u011bdom\u011b.<\/p>\n<p><strong>Vakc\u00edny mRNA prov\u00e1d\u011bj\u00edc\u00ed genovou terapii nam\u00edsto o\u010dkov\u00e1n\u00ed tak podle v\u0161eho, tedy krom\u011b zdravotn\u00edch rizik, ohro\u017euj\u00ed i genetick\u00e9 z\u00e1znamy b\u00edl\u00e9 civilizace v p\u0159\u00edm\u00e9 genetick\u00e9 linii po Abrah\u00e1movi, tedy v linii Am\u0161elach \u2018Haredim po Nephilim.<\/strong>\u00a0A pro\u010d prim\u00e1rn\u011b nao\u010dkovali pr\u00e1v\u011b \u017didy v Izraeli a v Rusku, kde tato linie m\u00e1 nejv\u011bt\u0161\u00ed zastoupen\u00ed? Ano, je to genocida, ale p\u0159edev\u0161\u00edm to vypad\u00e1, \u017ee jde o skartaci kompendia Nephilim z genetick\u00fdch nosi\u010d\u016f na povrchu planety Zem\u011b. A to by d\u00e1valo potom smysl, pro\u010d cht\u011bj\u00ed testovat v\u0161echny lidi, pro\u010d cht\u011bj\u00ed lidi sekvenovat a pro\u010d cht\u011bj\u00ed v\u0161echny lidi napustit t\u011bmito roztoky.<\/p>\n<p><a href=\"https:\/\/aeronet.cz\/news\/wp-content\/uploads\/VaccineKid.jpg\"><img decoding=\"async\" loading=\"lazy\" class=\"alignnone wp-image-47200\" src=\"https:\/\/aeronet.cz\/news\/wp-content\/uploads\/VaccineKid.jpg\" sizes=\"(max-width: 1280px) 100vw, 1280px\" srcset=\"https:\/\/aeronet.cz\/news\/wp-content\/uploads\/VaccineKid.jpg 1280w, https:\/\/aeronet.cz\/news\/wp-content\/uploads\/VaccineKid-300x169.jpg 300w, https:\/\/aeronet.cz\/news\/wp-content\/uploads\/VaccineKid-768x432.jpg 768w, https:\/\/aeronet.cz\/news\/wp-content\/uploads\/VaccineKid-1024x576.jpg 1024w, https:\/\/aeronet.cz\/news\/wp-content\/uploads\/VaccineKid-700x394.jpg 700w, https:\/\/aeronet.cz\/news\/wp-content\/uploads\/VaccineKid-635x357.jpg 635w, https:\/\/aeronet.cz\/news\/wp-content\/uploads\/VaccineKid-859x483.jpg 859w\" alt=\"\" width=\"477\" height=\"269\" \/><\/a><\/p>\n<p>V\u011bk 27 let tak ukazuje, \u017ee \u010d\u00e1st mlad\u00fdch lid\u00ed nen\u00ed zdegenerovan\u00e1, ale pat\u0159\u00ed mezi prudk\u00e9 odp\u016frce vakcinace, nikoliv ale z konceptu\u00e1ln\u00edho hlediska, ale z hlediska genetick\u00e9ho obrann\u00e9ho mechanismu. A tiskov\u00e1 mluv\u010d\u00ed B\u00edl\u00e9ho domu se prost\u011b pro\u0159ekla a naplno vybalila, \u017ee vakc\u00edny mohou zab\u00edjet i lidi, kter\u00fdm je m\u00e9n\u011b ne\u017e 27 let, \u010d\u00edm\u017e de facto odhalila a vyslala sign\u00e1l, \u017ee ani Indigov\u00e9 d\u011bti, ani D\u011bti Abrah\u00e1ma (Am\u0161elach \u2018Haredim) neuniknou vakc\u00edn\u011b a jej\u00edmu likvida\u010dn\u00edmu potenci\u00e1lu.\u00a0<strong>Dne\u0161n\u00ed populace je p\u0159eprogramovan\u00e1, ale jaksi to nefunguje na dv\u011b \u010d\u00e1sti populace, kter\u00e9 instinktivn\u011b se o\u010dkov\u00e1n\u00ed br\u00e1n\u00ed, p\u0159i\u010dem\u017e odpor vypl\u00fdv\u00e1 z podv\u011bdom\u00ed a nikoliv z konceptu\u00e1ln\u00ed roviny znalost\u00ed.<\/strong><\/p>\n<p>A to je neuv\u011b\u0159iteln\u011b zaj\u00edmav\u00e9. Je to instinkt, jak\u00fd maj\u00ed zv\u00ed\u0159ata t\u0159eba p\u0159ed zem\u011bt\u0159esen\u00edm, kdy n\u011bkolik hodin p\u0159edt\u00edm za\u010dnou b\u00fdt neklidn\u00e1 a d\u00e1vaj\u00ed se na \u00fat\u011bk. Instinkt je obrann\u00fd a ochrann\u00fd mechanismus poch\u00e1zej\u00edc\u00ed z genetick\u00e9 v\u00fdbavy \u010dlov\u011bka a \u00fazce prov\u00e1zan\u00fd na unit\u00e1rn\u00ed prostor. Instinkt nevy\u017eaduje konceptu\u00e1ln\u00ed vzd\u011bl\u00e1n\u00ed k ochran\u011b a obran\u011b, je to mechanismus poskytnut\u00fd geneticky. A chemick\u00e9 l\u00e1tky v z\u00e1padn\u00ed populaci tento instinkt v populaci potla\u010duj\u00ed, aby lid\u00e9 nevyc\u00edtili zlo, hrozbu a vlastn\u00ed ohro\u017een\u00ed.<\/p>\n<h6><span style=\"font-size: 14pt;\">Adam Vojt\u011bch chce v \u010desk\u00fdch \u0161kol\u00e1ch zav\u00e9st \u017eidovsk\u00e9 a \u010derno\u0161sk\u00e9 z\u00e1chodky a d\u011btem bez vaxu natrvalo a napo\u0159\u00e1d nasadit dus\u00edtka a n\u00e1hubky<\/span><\/h6>\n<p>A pr\u00e1v\u011b mlad\u00ed lid\u00e9 a d\u011bti se stanou hlavn\u00edm c\u00edlem vakcina\u010dn\u00edho teroru na podzim v cel\u00e9 z\u00e1padn\u00ed populaci, ale nejen tam, ale i v Rusku a v Izraeli. U d\u011bt\u00ed je to \u00fapln\u011b jinak. D\u011bti maj\u00ed vyvinut\u00fd instinkt do extr\u00e9mn\u00ed \u00farovn\u011b. Jejich organismus nebyl dlouh\u00e9 dek\u00e1dy vystaven inhibitor\u016fm a l\u00e1tk\u00e1m potla\u010duj\u00edc\u00edm instinkt, maj\u00ed zkr\u00e1tka v\u00fdbavu k obran\u011b, kter\u00e1 dok\u00e1\u017ee vyc\u00edtit ohro\u017een\u00ed.<\/p>\n<p>A tak minist\u0159i \u0161kolstv\u00ed cht\u011bj\u00ed d\u011bti k o\u010dkov\u00e1n\u00ed donutit terorem a brutalitou apartheidu, kdy neo\u010dkovan\u00e9 a netestovan\u00e9 d\u011bti budou vy\u010dlen\u011bn\u00e9 a zostuzen\u00e9 v kolektivu.\u00a0<strong>\u010cesk\u00fd ministr zdravotnictv\u00ed toti\u017e ve st\u0159edu ve spolupr\u00e1ci s epidemiology vymysleli [<a href=\"https:\/\/href.li\/?https:\/\/cnn.iprima.cz\/zaci-kteri-odmitnou-test-ve-skole-budou-mit-oddelene-misto-v-jidelne-i-na-zachode-29475\" target=\"_blank\" rel=\"nofollow noopener\">2<\/a>], \u017ee doporu\u010d\u00ed \u0159editel\u016fm \u0161kol, aby segregovali od z\u00e1\u0159\u00ed netestovan\u00e9 a neo\u010dkovan\u00e9 d\u011bti ve \u0161kole tak, \u017ee tyto d\u011bti budou m\u00edt odd\u011blen\u00e9 z\u00e1chody a odd\u011blen\u00e9 j\u00eddelny.<\/strong><\/p>\n<figure id=\"attachment_42042\" class=\"wp-caption aligncenter\" style=\"width: 498px;\"><a href=\"https:\/\/aeronet.cz\/news\/wp-content\/uploads\/AdamVojtechPresserMZ.jpg\"><img decoding=\"async\" loading=\"lazy\" class=\"wp-image-42042 \" src=\"https:\/\/aeronet.cz\/news\/wp-content\/uploads\/AdamVojtechPresserMZ-1024x794.jpg\" sizes=\"(max-width: 700px) 100vw, 700px\" srcset=\"https:\/\/aeronet.cz\/news\/wp-content\/uploads\/AdamVojtechPresserMZ-1024x794.jpg 1024w, https:\/\/aeronet.cz\/news\/wp-content\/uploads\/AdamVojtechPresserMZ-300x233.jpg 300w, https:\/\/aeronet.cz\/news\/wp-content\/uploads\/AdamVojtechPresserMZ-768x595.jpg 768w, https:\/\/aeronet.cz\/news\/wp-content\/uploads\/AdamVojtechPresserMZ-700x543.jpg 700w, https:\/\/aeronet.cz\/news\/wp-content\/uploads\/AdamVojtechPresserMZ-461x357.jpg 461w, https:\/\/aeronet.cz\/news\/wp-content\/uploads\/AdamVojtechPresserMZ-623x483.jpg 623w, https:\/\/aeronet.cz\/news\/wp-content\/uploads\/AdamVojtechPresserMZ.jpg 1200w\" alt=\"\" width=\"498\" height=\"386\" \/><\/a><figcaption class=\"wp-caption-text\">Adam Vojt\u011bch, ministr zdravotnictv\u00ed<\/figcaption><\/figure>\n<p>Ano, \u010dtete spr\u00e1vn\u011b. Adam Vojt\u011bch a jeho poradci cht\u011bj\u00ed v \u010cR ve \u0161kol\u00e1ch zav\u00e1d\u011bt Norimbersk\u00e9 z\u00e1kony jako ve 30. letech v N\u011bmecku. \u017did\u00e9 museli b\u00fdt odd\u011bleni od zbytku spole\u010dnosti. M\u011bli odd\u011blen\u00e9 z\u00e1chody, m\u011bli odd\u011blen\u00e9 j\u00eddelny, nesm\u011bli jezdit tramvaj\u00ed a nesm\u011bli nikam cestovat. Je\u0161t\u011b po\u010d\u00e1tkem 60. let v USA m\u011bli \u010derno\u0161i odd\u011blen\u00e9 z\u00e1chody, odd\u011blen\u00e9 j\u00eddelny, odd\u011blen\u00e1 m\u00edsta v autobusech, odd\u011blen\u00e9 lavi\u010dky, odd\u011blen\u00e9 font\u00e1nky na pit\u00ed.\u00a0<strong>A najednou v roce 2021 v \u010cR budou m\u00edt \u010desk\u00e9 neo\u010dkovan\u00e9 a netestovan\u00e9 d\u011bti\u2026 odd\u011blen\u00e9 z\u00e1chody, odd\u011blen\u00e9 j\u00eddelny\u2026 a stejn\u011b jako \u017did\u00e9 budou muset nosit znamen\u00ed m\u00e9n\u011bcennosti, rou\u0161ku nebo respir\u00e1tor.<\/strong>\u00a0A to trvale, napo\u0159\u00e1d, tedy v prostor\u00e1ch \u0161koly. A pro\u010d?\u00a0<strong>Aby ty neo\u010dkovan\u00e9 d\u011bti snad nenakazily ty o\u010dkovan\u00e9?<\/strong><\/p>\n<h6><span style=\"font-size: 14pt;\">Pro\u010d se netestuje plo\u0161n\u011b na ch\u0159ipku? Proto\u017ee bychom z lockdown\u016f nevy\u0161li, jak je rok dlouh\u00fd<\/span><\/h6>\n<p>Do redakce jsme dostali dotaz, jestli se pr\u00fd n\u011bkde na sv\u011bt\u011b testuje na ch\u0159ipku? Tento dotaz je mo\u017en\u00e1 my\u0161len jako vtip, ale ve skute\u010dnosti odhaluje d\u011bsivou pravdu. Kdyby se toti\u017e plo\u0161n\u011b testovalo po\u0159\u00e1d dokola v populaci, jestli lid\u00e9 maj\u00ed viry ch\u0159ipky stejn\u011b, jako se testuje po\u0159\u00e1d na koronavirus, tak bychom nikdy z lockdown\u016f nevy\u0161li, proto\u017ee pozitivn\u00ed by byla po\u0159\u00e1d velk\u00e1 \u010d\u00e1st populace. Po\u0159\u00e1d a po\u0159\u00e1d. A v\u00edte, pro\u010d?\u00a0<strong>Proto\u017ee viry ch\u0159ipky m\u00e1me v sob\u011b v\u0161ichni v r\u016fzn\u00e9 m\u00ed\u0159e po cel\u00fd rok, a dozv\u00edme se o nich jen p\u0159i ochlazen\u00ed, p\u0159i oslaben\u00ed imunity, a p\u0159i jejich namno\u017een\u00ed v t\u011ble.<\/strong>\u00a0Proto se nikdy na ch\u0159ipku netestovalo, proto\u017ee by to byl nesmysl. Jen\u017ee te\u010f si vezm\u011bte, \u017ee koronavirus se chov\u00e1 jako ch\u0159ipka a z\u016fstane v populaci natrvalo jako ch\u0159ipka.<\/p>\n<figure id=\"attachment_45980\" class=\"wp-caption aligncenter\" style=\"width: 534px;\"><a href=\"https:\/\/aeronet.cz\/news\/wp-content\/uploads\/KidSelftest800.jpg\"><img decoding=\"async\" loading=\"lazy\" class=\"wp-image-45980 \" src=\"https:\/\/aeronet.cz\/news\/wp-content\/uploads\/KidSelftest800-1024x576.jpg\" sizes=\"(max-width: 700px) 100vw, 700px\" srcset=\"https:\/\/aeronet.cz\/news\/wp-content\/uploads\/KidSelftest800-1024x576.jpg 1024w, https:\/\/aeronet.cz\/news\/wp-content\/uploads\/KidSelftest800-300x169.jpg 300w, https:\/\/aeronet.cz\/news\/wp-content\/uploads\/KidSelftest800-768x432.jpg 768w, https:\/\/aeronet.cz\/news\/wp-content\/uploads\/KidSelftest800-700x394.jpg 700w, https:\/\/aeronet.cz\/news\/wp-content\/uploads\/KidSelftest800-635x357.jpg 635w, https:\/\/aeronet.cz\/news\/wp-content\/uploads\/KidSelftest800-859x483.jpg 859w, https:\/\/aeronet.cz\/news\/wp-content\/uploads\/KidSelftest800.jpg 1067w\" alt=\"\" width=\"534\" height=\"300\" \/><\/a><figcaption class=\"wp-caption-text\">Bez testu se z \u010desk\u00fdch \u0161kol\u00e1k\u016f stanou podlid\u00e9, d\u011bti se budou \u0161pejlovat do t\u00e9 doby, dokud se nenechaj\u00ed o\u010dkovat<\/figcaption><\/figure>\n<p>A kdy\u017e se bude pokra\u010dovat v testov\u00e1n\u00ed, nikdy nedojde k situaci, \u017ee by virus zmizel a najednou by u\u017e \u017e\u00e1dn\u00fd test nic neodhalil. Tak\u017ee, co to znamen\u00e1? No p\u0159ece to, \u017ee je pot\u0159eba zastavit testov\u00e1n\u00ed! Hlavn\u00edm c\u00edlem k zastaven\u00ed pandemie je zastaven\u00ed testov\u00e1n\u00ed, kter\u00e9 je stejn\u011b nesmysln\u00e9, jako testov\u00e1n\u00ed ch\u0159ipky, kter\u00e1 je v\u0161ude. Stejn\u011b tak koronavirus je u\u017e v\u0161ude a z\u016fstane v lidsk\u00fdch t\u011blech.<\/p>\n<p><strong>M\u00e1me v sob\u011b miliardy r\u016fzn\u00fdch vir\u016f a jak \u0159ekla doktorka So\u0148a Pekov\u00e1, nem\u00e1 smysl se o\u010dkovat proti \u0161mejdu z laborato\u0159e.<\/strong>\u00a0Ten mutuje tak rychle, \u017ee nikdy nezmiz\u00ed a bude v n\u011bjak\u00e9 podobn\u011b st\u00e1le mutovat a poletovat. A politici mus\u00ed \u0159\u00edct, u\u017e nebudeme testovat, proto\u017ee to nem\u00e1 smysl a v\u00fdznam, podobn\u011b jako u ch\u0159ipky. A v tom okam\u017eiku hysterie skon\u010d\u00ed.<\/p>\n<h6><span style=\"font-size: 14pt;\">Slovensko zavedlo trest odn\u011bt\u00ed svobody na 2 t\u00fddny pro osoby, kter\u00e9 p\u0159ekro\u010d\u00ed hranice bez dvou d\u00e1vek terapeutick\u00e9ho vaxu<\/span><\/h6>\n<p>Jen\u017ee si v\u0161imn\u011bte, \u017ee tohle politici necht\u011bj\u00ed ud\u011blat. Nouzov\u00e9 stavy jim vyhovuj\u00ed, lockdowny a omezov\u00e1n\u00ed svobod lid\u00ed jim zleh\u010duje vl\u00e1dnut\u00ed a kontrolu nad obyvatelstvem. A tak se m\u00edsto toho nakupuj\u00ed miliony dal\u0161\u00edch test\u016f, omezuj\u00ed se lidsk\u00e1 pr\u00e1va a nasunuj\u00ed se segrega\u010dn\u00ed Norimbersk\u00e9 z\u00e1kony, kter\u00e9 \u010desk\u00e9 d\u011bti bez vakc\u00edn a test\u016f budou pos\u00edlat na \u017eidovsk\u00e9 a \u010derno\u0161sk\u00e9 z\u00e1chody, doslova jako m\u00e9n\u011bcenn\u00e9 d\u011bti, kter\u00e9 budou muset nosit znamen\u00ed v podob\u011b n\u00e1hubk\u016f a respir\u00e1tor\u016f.<\/p>\n<figure id=\"attachment_47517\" class=\"wp-caption aligncenter\" style=\"width: 496px;\"><a href=\"https:\/\/aeronet.cz\/news\/wp-content\/uploads\/SK_Impfung.jpg\"><img decoding=\"async\" loading=\"lazy\" class=\"wp-image-47517 \" src=\"https:\/\/aeronet.cz\/news\/wp-content\/uploads\/SK_Impfung.jpg\" sizes=\"(max-width: 960px) 100vw, 960px\" srcset=\"https:\/\/aeronet.cz\/news\/wp-content\/uploads\/SK_Impfung.jpg 960w, https:\/\/aeronet.cz\/news\/wp-content\/uploads\/SK_Impfung-300x271.jpg 300w, https:\/\/aeronet.cz\/news\/wp-content\/uploads\/SK_Impfung-768x693.jpg 768w, https:\/\/aeronet.cz\/news\/wp-content\/uploads\/SK_Impfung-700x631.jpg 700w, https:\/\/aeronet.cz\/news\/wp-content\/uploads\/SK_Impfung-396x357.jpg 396w, https:\/\/aeronet.cz\/news\/wp-content\/uploads\/SK_Impfung-535x483.jpg 535w\" alt=\"\" width=\"496\" height=\"447\" \/><\/a><figcaption class=\"wp-caption-text\">Slovensko zavedlo j\u00edzdn\u00ed pruh na hranic\u00edch pro o\u010dkovan\u00e9 osoby, kter\u00e9 nemus\u00ed do karant\u00e9ny. O\u010dkov\u00e1n\u00ed osvobozuje. Sarkastick\u00e1 fotomont\u00e1\u017e, cedule se zelenou zna\u010dkou je ale skute\u010dn\u00e1.<\/figcaption><\/figure>\n<p>Tohle je teror, kter\u00fd by ve zdrav\u00e9 spole\u010dnosti vyvolal odpor, povst\u00e1n\u00ed, nepokoje, revoluci a gener\u00e1ln\u00ed st\u00e1vky. Lid\u00e9 by zablokovali ministerstvo zdravotnictv\u00ed a za\u010dali by skandovat slova o demisi ministra, p\u0159\u00edpadn\u011b cel\u00e9 vl\u00e1dy, kter\u00e1 zav\u00e1d\u00ed apartheid a novodob\u00e9 \u017eidovsk\u00e9 \u017elut\u00e9 hv\u011bzdy pro neo\u010dkovan\u00e9 a netestovan\u00e9 \u0161kol\u00e1ky. Jakmile by toto n\u011bjak\u00e1 \u0161kola zavedla, p\u0159ivedla by n\u011bkter\u00e9 sv\u00e9 d\u011bti a\u017e k sebevra\u017ed\u011b, proto\u017ee o\u010dkovan\u00e9 d\u011bti by za\u010daly d\u011bti s respir\u00e1tory \u0161ikanovat, nat\u00e1\u010det na videa, prov\u00e1d\u011bt kyber\u0161ikanu\u00a0<strong>a v d\u016fsledku by to vedlo k tomu, \u017ee d\u00edt\u011b by bylo donuceno bu\u010f se nechat o\u010dkovat, anebo sp\u00e1chat sebevra\u017edu, proto\u017ee ten teror by d\u00edt\u011b neuneslo.<\/strong><\/p>\n<h6><span style=\"font-size: 14pt;\">Na neo\u010dkovan\u00e9 lidi se za\u010dne pohl\u00ed\u017eet jako na pra\u0161iv\u00e9 psy a pod\u0159adn\u00e9 lidi. D\u011bti bez roztoku v \u017eil\u00e1ch budou ter\u010dem brut\u00e1ln\u00ed \u0161koln\u00ed \u0161ikany<\/span><\/h6>\n<p><strong>Dob\u0159e si v\u0161\u00edmejte teroru na Slovensku, kde tamn\u00ed covidov\u00e1 hur\u00e1 parta u moci zavedla nov\u00e9 pravidlo, \u017ee st\u00e1tn\u00ed hranice mohou p\u0159ekra\u010dovat jen pln\u011b o\u010dkovan\u00e9 osoby se dv\u011bma d\u00e1vkami [<a href=\"https:\/\/href.li\/?https:\/\/www.hlavnespravy.sk\/lengvarsky-rozhodnutie-ustavneho-sudu-sr-je-spravne-chystame-novu-vyhlasku-k-hraniciam\/2608274\" target=\"_blank\" rel=\"nofollow noopener\">3<\/a>], v\u0161ichni ostatn\u00ed mus\u00ed do karant\u00e9ny na dva t\u00fddny jako pra\u0161iv\u00ed psi.<\/strong>\u00a0A te\u010f nemluv\u00edme jen o turistech a cizinc\u00edch, ale o slovensk\u00fdch ob\u010danech, kte\u0159\u00ed se vrac\u00ed z ciziny dom\u016f. Kdo nebude m\u00edt dv\u011b d\u00e1vky, je automaticky odsouzen k trestu odn\u011bt\u00ed svobody na dva t\u00fddny. A pod\u00edvejte se, ani po intervenci \u00dastavn\u00edho soudu Slovenska se nezd\u00e1, \u017ee se n\u011bco zm\u011bn\u00ed, proto\u017ee slovensk\u00fd ministr zdramini dnes ozn\u00e1mil, \u017ee opat\u0159en\u00ed na slovensk\u00e9 hranici se je\u0161t\u011b v\u00edce zp\u0159\u00edsn\u00ed a neprojdou u\u017e ani lid\u00e9 s jednou d\u00e1vkou vakc\u00edny, i tito lid\u00e9 p\u016fjdou do karant\u00e9ny. \u00dastavn\u00ed soud hadr, d\u00e1my a p\u00e1nov\u00e9.<\/p>\n<figure id=\"attachment_47516\" class=\"wp-caption aligncenter\" style=\"width: 519px;\"><a href=\"https:\/\/aeronet.cz\/news\/wp-content\/uploads\/VaxLaneSK.jpg\"><img decoding=\"async\" loading=\"lazy\" class=\"wp-image-47516 \" src=\"https:\/\/aeronet.cz\/news\/wp-content\/uploads\/VaxLaneSK-1024x914.jpg\" sizes=\"(max-width: 700px) 100vw, 700px\" srcset=\"https:\/\/aeronet.cz\/news\/wp-content\/uploads\/VaxLaneSK-1024x914.jpg 1024w, https:\/\/aeronet.cz\/news\/wp-content\/uploads\/VaxLaneSK-300x268.jpg 300w, https:\/\/aeronet.cz\/news\/wp-content\/uploads\/VaxLaneSK-768x685.jpg 768w, https:\/\/aeronet.cz\/news\/wp-content\/uploads\/VaxLaneSK-700x625.jpg 700w, https:\/\/aeronet.cz\/news\/wp-content\/uploads\/VaxLaneSK-400x357.jpg 400w, https:\/\/aeronet.cz\/news\/wp-content\/uploads\/VaxLaneSK-541x483.jpg 541w, https:\/\/aeronet.cz\/news\/wp-content\/uploads\/VaxLaneSK.jpg 1076w\" alt=\"\" width=\"519\" height=\"463\" \/><\/a><figcaption class=\"wp-caption-text\">Dal\u0161\u00ed p\u0159\u00edklad vyhrazen\u00e9ho j\u00edzdn\u00edho pruhu na slovensk\u00e9 hranici pro o\u010dkovan\u00e9<\/figcaption><\/figure>\n<p>Slov\u00e1ci po\u0159\u00e1d nepochopili, \u017ee jejich vl\u00e1da pln\u00ed pouze globalistick\u00e9 \u00fakoly a zad\u00e1n\u00ed na nasunut\u00ed Total Control v zemi pod Tatrami. A to je\u0161t\u011b ani Slov\u00e1ci netu\u0161\u00ed, co Hegerova vl\u00e1da ud\u011bl\u00e1 od z\u00e1\u0159\u00ed se \u0161kol\u00e1ky.\u00a0<strong>My u\u017e to v redakci v\u00edme, p\u016fjde o kopii \u010desk\u00e9ho vakcina\u010dn\u00edho \u0161\u00edlenstv\u00ed ve \u0161kol\u00e1ch a o stejn\u00e9 \u010di podobn\u00e9 segregace d\u011bt\u00ed, kter\u00e9 chyst\u00e1 v \u010cR Adam Vojt\u011bch.<\/strong>\u00a0V\u00edme, \u017ee Bratislava kop\u00edruje od Prahy a Praha kop\u00edruje od Bratislavy. N\u00e1rod, jeho\u017e rodi\u010de si nechaj\u00ed s\u00e1hnout na d\u011bti, kter\u00fdm re\u017eim vpichuje do \u017eil terapeutick\u00e9 experiment\u00e1ln\u00ed roztoky, nedok\u00e1\u017ee p\u0159e\u017e\u00edt a zahyne. A tak tiskov\u00e1 mluv\u010d\u00ed B\u00edl\u00e9ho domu je vlastn\u011b nakonec jedin\u00e1, od kter\u00e9 zazn\u011bla pravda. Ano, vakc\u00edny mohou zab\u00edjet i lidi mlad\u0161\u00ed ne\u017e 27 let!<\/p>\n<p>-VK- \u0160\u00e9fredaktor AE News<\/p>\n<p><a href=\"https:\/\/aeronet.cz\/news\/video-mluvci-bileho-domu-se-prorekla-ze-vakciny-vas-mohou-zabit-i-kdyz-je-vam-mene-nez-27-let-proc-americka-cdc-prisla-s-vekem-27-a-odkud-cislo-pochazi-proc-chce-adam-vojtech-od-zari-ockovat\/\">ZDROJ<\/a><\/p>\n<p>&nbsp;<\/p>\n","protected":false},"excerpt":{"rendered":"<p>VIDEO: Mluv\u010d\u00ed B\u00edl\u00e9ho domu se pro\u0159ekla, \u017ee vakc\u00edny v\u00e1s mohou zab\u00edt, i kdy\u017e je v\u00e1m&#8230;<\/p>\n","protected":false},"author":2,"featured_media":3368,"comment_status":"closed","ping_status":"closed","sticky":false,"template":"","format":"standard","meta":[],"categories":[7],"tags":[213,497,37,651],"_links":{"self":[{"href":"https:\/\/www.infokuryr.cz\/n\/wp-json\/wp\/v2\/posts\/3367"}],"collection":[{"href":"https:\/\/www.infokuryr.cz\/n\/wp-json\/wp\/v2\/posts"}],"about":[{"href":"https:\/\/www.infokuryr.cz\/n\/wp-json\/wp\/v2\/types\/post"}],"author":[{"embeddable":true,"href":"https:\/\/www.infokuryr.cz\/n\/wp-json\/wp\/v2\/users\/2"}],"replies":[{"embeddable":true,"href":"https:\/\/www.infokuryr.cz\/n\/wp-json\/wp\/v2\/comments?post=3367"}],"version-history":[{"count":0,"href":"https:\/\/www.infokuryr.cz\/n\/wp-json\/wp\/v2\/posts\/3367\/revisions"}],"wp:featuredmedia":[{"embeddable":true,"href":"https:\/\/www.infokuryr.cz\/n\/wp-json\/wp\/v2\/media\/3368"}],"wp:attachment":[{"href":"https:\/\/www.infokuryr.cz\/n\/wp-json\/wp\/v2\/media?parent=3367"}],"wp:term":[{"taxonomy":"category","embeddable":true,"href":"https:\/\/www.infokuryr.cz\/n\/wp-json\/wp\/v2\/categories?post=3367"},{"taxonomy":"post_tag","embeddable":true,"href":"https:\/\/www.infokuryr.cz\/n\/wp-json\/wp\/v2\/tags?post=3367"}],"curies":[{"name":"wp","href":"https:\/\/api.w.org\/{rel}","templated":true}]}}