{"id":3366,"date":"2021-07-16T07:26:43","date_gmt":"2021-07-16T05:26:43","guid":{"rendered":"http:\/\/www.infokuryr.cz\/n\/?p=3366"},"modified":"2021-07-16T07:28:43","modified_gmt":"2021-07-16T05:28:43","slug":"uz-neni-jejich-twitter-zablokoval-protasevice","status":"publish","type":"post","link":"https:\/\/www.infokuryr.cz\/n\/2021\/07\/16\/uz-neni-jejich-twitter-zablokoval-protasevice\/","title":{"rendered":"U\u017e nen\u00ed jejich. Twitter zablokoval Protasevi\u010de"},"content":{"rendered":"<div id=\"fb-root\"><\/div>\n<p><strong>No to je prost\u011b \u00fa\u017easn\u00e9. Twitter, ani\u017e by vysv\u011btlil d\u016fvody, hloup\u011b zablokoval \u00fa\u010det Protasevi\u010de, kter\u00fd p\u0159ed n\u011bkolika dny sl\u00edbil, \u017ee ho povede v dom\u00e1c\u00edm v\u011bzen\u00ed.<\/strong><\/p>\n<p>Ale proto\u017ee Protasevi\u010d u\u017e \u201enen\u00ed jejich\u201c, je nyn\u00ed na druh\u00e9 stran\u011b, zach\u00e1zej\u00ed s n\u00edm stejn\u011b jako s t\u011bmi, proti kter\u00fdm Protasevi\u010d p\u0159edt\u00edm vystupoval. Je ironi\u00ed, \u017ee pokud se ho d\u0159\u00edve pokou\u0161eli uml\u010det v B\u011blorusku, nyn\u00ed je uml\u010dov\u00e1n t\u011bmi, pro kter\u00e9 pracoval.<\/p>\n<p>Pokud je pro Z\u00e1pad Protasevi\u010d st\u00e1le pot\u0159eba (pokud), pak jen jako tich\u00fd \u201ev\u011bze\u0148 re\u017eimu\u201c, ale rozhodn\u011b ne jako upov\u00eddan\u00fd bloger, kter\u00fd hovo\u0159\u00ed o Luka\u0161enkov\u00fdch ocelov\u00fdch koul\u00edch a o tom, jak kradou jeho b\u00fdval\u00ed komplici v polsko-litevsk\u00e9 opozici.<\/p>\n<p>Proto je bez sentimentality blokov\u00e1n \u00fa\u010det toho, za koho se ne tak d\u00e1vno postavili v\u016fdci st\u00e1t\u016f a jeho\u017e portr\u00e9ty byly vyv\u011b\u0161eny na leti\u0161t\u00edch.<\/p>\n<p>A tak Protasevi\u010d nemus\u00ed b\u00fdt sly\u0161et, rad\u011bji si poslechn\u011bte tragick\u00fd p\u0159\u00edb\u011bh o tom, jak trp\u00ed v zajet\u00ed KGB.<\/p>\n<p>Svobodn\u00e9 soci\u00e1ln\u00ed s\u00edt\u011b svobodn\u00fdch lid\u00ed.<\/p>\n<p>P\u0159\u00edb\u011bh s Ukrajinkou Nade\u017edou Sav\u010denkovou se opakuje v je\u0161t\u011b komedi\u00e1ln\u011bj\u0161\u00edm form\u00e1tu. Fra\u0161ka.<\/p>\n<p>B\u00fdval\u00fd \u201ehrdina-opozi\u010dn\u00edk\u201c se uk\u00e1zal b\u00fdt tak nepohodln\u00fd, \u017ee je d\u011bsiv\u00e9 o n\u011bm mluvit, nato\u017e diskutovat o tom, co p\u0159esn\u011b \u0159\u00edk\u00e1.<\/p>\n<p><a href=\"https:\/\/bit.ly\/2VI3spE\">ZDROJ, <\/a><a href=\"https:\/\/www.pokec24.cz\/politika\/uz-neni-jejich-twitter-zablokoval-protasevice\/\">ZDROJ<\/a><\/p>\n<p>&nbsp;<\/p>\n","protected":false},"excerpt":{"rendered":"<p>No to je prost\u011b \u00fa\u017easn\u00e9. Twitter, ani\u017e by vysv\u011btlil d\u016fvody, hloup\u011b zablokoval \u00fa\u010det Protasevi\u010de, kter\u00fd&#8230;<\/p>\n","protected":false},"author":2,"featured_media":1939,"comment_status":"closed","ping_status":"closed","sticky":false,"template":"","format":"standard","meta":[],"categories":[7],"tags":[150,63,421],"_links":{"self":[{"href":"https:\/\/www.infokuryr.cz\/n\/wp-json\/wp\/v2\/posts\/3366"}],"collection":[{"href":"https:\/\/www.infokuryr.cz\/n\/wp-json\/wp\/v2\/posts"}],"about":[{"href":"https:\/\/www.infokuryr.cz\/n\/wp-json\/wp\/v2\/types\/post"}],"author":[{"embeddable":true,"href":"https:\/\/www.infokuryr.cz\/n\/wp-json\/wp\/v2\/users\/2"}],"replies":[{"embeddable":true,"href":"https:\/\/www.infokuryr.cz\/n\/wp-json\/wp\/v2\/comments?post=3366"}],"version-history":[{"count":0,"href":"https:\/\/www.infokuryr.cz\/n\/wp-json\/wp\/v2\/posts\/3366\/revisions"}],"wp:featuredmedia":[{"embeddable":true,"href":"https:\/\/www.infokuryr.cz\/n\/wp-json\/wp\/v2\/media\/1939"}],"wp:attachment":[{"href":"https:\/\/www.infokuryr.cz\/n\/wp-json\/wp\/v2\/media?parent=3366"}],"wp:term":[{"taxonomy":"category","embeddable":true,"href":"https:\/\/www.infokuryr.cz\/n\/wp-json\/wp\/v2\/categories?post=3366"},{"taxonomy":"post_tag","embeddable":true,"href":"https:\/\/www.infokuryr.cz\/n\/wp-json\/wp\/v2\/tags?post=3366"}],"curies":[{"name":"wp","href":"https:\/\/api.w.org\/{rel}","templated":true}]}}