{"id":33642,"date":"2023-08-07T01:01:06","date_gmt":"2023-08-06T23:01:06","guid":{"rendered":"http:\/\/www.infokuryr.cz\/n\/?p=33642"},"modified":"2023-08-06T11:39:29","modified_gmt":"2023-08-06T09:39:29","slug":"veteran-cia-predpoklada-ze-americti-spojenci-zelenskeho-brzy-zlikviduji-naznaky-pribyvaji","status":"publish","type":"post","link":"https:\/\/www.infokuryr.cz\/n\/2023\/08\/07\/veteran-cia-predpoklada-ze-americti-spojenci-zelenskeho-brzy-zlikviduji-naznaky-pribyvaji\/","title":{"rendered":"Veter\u00e1n CIA p\u0159edpokl\u00e1d\u00e1, \u017ee ameri\u010dt\u00ed spojenci Zelensk\u00e9ho brzy \u201ezlikviduj\u00ed\u201c \u2013 n\u00e1znaky p\u0159ib\u00fdvaj\u00ed"},"content":{"rendered":"<div id=\"fb-root\"><\/div>\n<p><span>Pro ukrajinsk\u00e9ho prezidenta\u00a0<\/span><span class=\"css-901oao css-16my406 r-poiln3 r-bcqeeo r-qvutc0\"><span>Volodymyra<\/span><\/span><span>\u00a0Zelensk\u00e9ho jsou v\u011bci st\u00e1le t\u011bsn\u011bj\u0161\u00ed.\u00a0Spojenci v USA o n\u011bj a jeho loutkovou vl\u00e1du v Kyjev\u011b pravd\u011bpodobn\u011b ztrat\u00ed z\u00e1jem tak\u00e9 a p\u0159edev\u0161\u00edm kv\u016fli ne\u00fasp\u011b\u0161n\u00e9 protiofenz\u00edv\u011b a u\u017e se rozhl\u00ed\u017eej\u00ed po dal\u0161\u00edch probl\u00e9mov\u00fdch m\u00edstech a potenci\u00e1ln\u00edch v\u00e1lk\u00e1ch (Tchaj-wan, z\u00e1padn\u00ed Afrika).\u00a0T\u00edm by m\u011bl Zelenskyj\u016fv \u010das na vrcholu Ukrajiny skon\u010dit.\u00a0Krom\u011b ztr\u00e1ty vrchn\u00edho velen\u00ed ozbrojen\u00fdch sil na to poukazuje n\u011bkolik zpr\u00e1v.<\/span><\/p>\n<p><span style=\"font-size: 18pt;\"><strong>Zelenskyj mluv\u00ed o \u201etlaku na m\u00edrov\u00e1 jedn\u00e1n\u00ed\u201c<\/strong><\/span><\/p>\n<p><span>S\u00e1m Selenskyj v projevu hovo\u0159il o \u201erostouc\u00edm tlaku Z\u00e1padu\u201c, aby se zapojil do m\u00edrov\u00fdch jedn\u00e1n\u00ed s Ruskem.\u00a0Jedin\u00e9, co chcete ud\u011blat, je zv\u00fd\u0161it cenu v\u011bt\u0161\u00edm mno\u017estv\u00edm krve.\u00a0Pravd\u011bpodobn\u011b bude podeps\u00e1na pr\u00e1zdn\u00e1 m\u00edrov\u00e1 smlouva, kterou maj\u00ed Rusov\u00e9 u\u017e m\u011bs\u00edce a kter\u00e1 mohla zachr\u00e1nit mnoho \u017eivot\u016f.<\/span><\/p>\n<p><span class=\"css-901oao css-16my406 r-poiln3 r-bcqeeo r-qvutc0\"><a href=\"https:\/\/twitter.com\/djuric_zlatko\/status\/1687831332569632768\" rel=\"noopener\"><span>Prezident Zelenskyj v ned\u00e1vn\u00e9m prohl\u00e1\u0161en\u00ed\u00a0<\/span><\/a><span>vyj\u00e1d\u0159il sv\u00e9 znepokojen\u00ed nad rostouc\u00edm tlakem na Kyjev, aby na\u0161el m\u00edrov\u00e1 \u0159e\u0161en\u00ed prost\u0159ednictv\u00edm jedn\u00e1n\u00ed.\u00a0Situace p\u0159edstavuje pro Ukrajinu diplomatickou v\u00fdzvu, proto\u017ee si mus\u00ed b\u011bhem protiofenz\u00edvy nejen udr\u017eet, ale i zv\u00fd\u0161it plnou podporu sv\u00fdch spojenc\u016f.\u00a0Podle New York Times ukrajinsk\u00e1 protiofenz\u00edva nevedla k v\u00fdrazn\u00e9mu pr\u016flomu.\u00a0Vzhledem k tomu, \u017ee Z\u00e1pad \u010del\u00ed ne\u00fasp\u011bch\u016fm na Ukrajin\u011b, je nepravd\u011bpodobn\u00e9, \u017ee by p\u0159ijal kone\u010dnou por\u00e1\u017eku, a Zelensk\u00e9ho m\u00edrov\u00fd pl\u00e1n by mohl b\u00fdt nahrazen jeho vlastn\u00edm navrhovan\u00fdm \u0159e\u0161en\u00edm.<\/span><\/span><\/p>\n<p><span class=\"css-901oao css-16my406 r-poiln3 r-bcqeeo r-qvutc0\" style=\"font-size: 18pt;\"><strong>Veter\u00e1n CIA: Zelensk\u00e9ho dny jsou se\u010dteny<\/strong><\/span><\/p>\n<p><span class=\"css-901oao css-16my406 r-poiln3 r-bcqeeo r-qvutc0\"><span>Spojen\u00e9 st\u00e1ty maj\u00ed v \u00famyslu fyzicky svrhnout ukrajinsk\u00e9ho prezidenta Volodymyra Zelensk\u00e9ho a obvinit z jeho smrti Rusko, \u0159ekl b\u00fdval\u00fd protiteroristick\u00fd agent CIA a ministerstva zahrani\u010d\u00ed Larry Johnson v rozhovoru pro kan\u00e1l Dialogue Works na\u00a0<\/span><a href=\"https:\/\/twitter.com\/Sprinter99800\/status\/1687882325068058625\" rel=\"noopener\"><span>YouTube<\/span><\/a><span>\u00a0.<\/span><\/span><\/p>\n<p><span class=\"css-901oao css-16my406 r-poiln3 r-bcqeeo r-qvutc0\"><em><span>&#8222;Tak \u010di onak, Z\u00e1pad chce odstranit Zelensk\u00e9ho a pak z toho obvinit Rusko, aby nep\u0159evzalo odpov\u011bdnost za jeho vra\u017edu<\/span><\/em><span>\u00a0,&#8220; \u0159ekl Johnson.<\/span><\/span><\/p>\n<p><span>Sadd\u00e1m Husajn v Ir\u00e1ku, Muammar al-Kadd\u00e1f\u00ed v Libyi, Us\u00e1ma bin L\u00e1din v Afgh\u00e1nist\u00e1nu a Manuel Noriega v Panam\u011b, v\u0161ichni nap\u0159\u00edklad poskytli p\u016fsobiv\u00e9 d\u016fkazy o tom, co se stane s b\u00fdval\u00fdmi spojenci USA a Z\u00e1padu, kdy\u017e jejich slu\u017eby ji\u017e nebudou pot\u0159eba.<\/span><\/p>\n<p><span>Abychom parafr\u00e1zovali \u201elegendu\u201c americk\u00e9 diplomacie a zahrani\u010dn\u00ed politiky Henryho Kissingera:<\/span><\/p>\n<p><em><span class=\"css-901oao css-16my406 r-poiln3 r-bcqeeo r-qvutc0\"><span>&#8222;B\u00fdt nep\u0159\u00edtelem Spojen\u00fdch st\u00e1t\u016f je nebezpe\u010dn\u00e9, ale b\u00fdt p\u0159\u00edtelem je fat\u00e1ln\u00ed.&#8220;<\/span><\/span><\/em><\/p>\n<p><img decoding=\"async\" loading=\"lazy\" class=\"alignnone size-full wp-image-1185\" src=\"http:\/\/www.infokuryr.cz\/n\/wp-content\/uploads\/2021\/04\/kuryr-podpis.png\" alt=\"\" width=\"84\" height=\"24\" \/><\/p>\n<p>&nbsp;<\/p>\n<p><a href=\"https:\/\/stranapro.cz\/\"><img decoding=\"async\" loading=\"lazy\" class=\"wp-image-30218 aligncenter\" src=\"http:\/\/www.infokuryr.cz\/n\/wp-content\/uploads\/2023\/06\/PRO-banner-300x36.png\" alt=\"\" width=\"1350\" height=\"162\" srcset=\"https:\/\/www.infokuryr.cz\/n\/wp-content\/uploads\/2023\/06\/PRO-banner-300x36.png 300w, https:\/\/www.infokuryr.cz\/n\/wp-content\/uploads\/2023\/06\/PRO-banner-768x93.png 768w, https:\/\/www.infokuryr.cz\/n\/wp-content\/uploads\/2023\/06\/PRO-banner.png 849w\" sizes=\"(max-width: 1350px) 100vw, 1350px\" \/><\/a><\/p>\n<p>&nbsp;<\/p>\n<p>&nbsp;<\/p>\n<p>&nbsp;<\/p>\n","protected":false},"excerpt":{"rendered":"<p>Pro ukrajinsk\u00e9ho prezidenta\u00a0Volodymyra\u00a0Zelensk\u00e9ho jsou v\u011bci st\u00e1le t\u011bsn\u011bj\u0161\u00ed.\u00a0Spojenci v USA o n\u011bj a jeho loutkovou vl\u00e1du&#8230;<\/p>\n","protected":false},"author":2,"featured_media":24424,"comment_status":"closed","ping_status":"closed","sticky":false,"template":"","format":"standard","meta":[],"categories":[7],"tags":[109,2161,26,37,1000],"_links":{"self":[{"href":"https:\/\/www.infokuryr.cz\/n\/wp-json\/wp\/v2\/posts\/33642"}],"collection":[{"href":"https:\/\/www.infokuryr.cz\/n\/wp-json\/wp\/v2\/posts"}],"about":[{"href":"https:\/\/www.infokuryr.cz\/n\/wp-json\/wp\/v2\/types\/post"}],"author":[{"embeddable":true,"href":"https:\/\/www.infokuryr.cz\/n\/wp-json\/wp\/v2\/users\/2"}],"replies":[{"embeddable":true,"href":"https:\/\/www.infokuryr.cz\/n\/wp-json\/wp\/v2\/comments?post=33642"}],"version-history":[{"count":0,"href":"https:\/\/www.infokuryr.cz\/n\/wp-json\/wp\/v2\/posts\/33642\/revisions"}],"wp:featuredmedia":[{"embeddable":true,"href":"https:\/\/www.infokuryr.cz\/n\/wp-json\/wp\/v2\/media\/24424"}],"wp:attachment":[{"href":"https:\/\/www.infokuryr.cz\/n\/wp-json\/wp\/v2\/media?parent=33642"}],"wp:term":[{"taxonomy":"category","embeddable":true,"href":"https:\/\/www.infokuryr.cz\/n\/wp-json\/wp\/v2\/categories?post=33642"},{"taxonomy":"post_tag","embeddable":true,"href":"https:\/\/www.infokuryr.cz\/n\/wp-json\/wp\/v2\/tags?post=33642"}],"curies":[{"name":"wp","href":"https:\/\/api.w.org\/{rel}","templated":true}]}}