{"id":33639,"date":"2023-08-07T01:00:16","date_gmt":"2023-08-06T23:00:16","guid":{"rendered":"http:\/\/www.infokuryr.cz\/n\/?p=33639"},"modified":"2023-08-06T11:36:00","modified_gmt":"2023-08-06T09:36:00","slug":"specialista-v-akci-africane-se-stazenymi-kalhotami-ve-starem-meste-dusseldorf","status":"publish","type":"post","link":"https:\/\/www.infokuryr.cz\/n\/2023\/08\/07\/specialista-v-akci-africane-se-stazenymi-kalhotami-ve-starem-meste-dusseldorf\/","title":{"rendered":"&#8222;Specialista&#8220; v akci: Afri\u010dan\u00e9 se sta\u017een\u00fdmi kalhotami ve star\u00e9m m\u011bst\u011b D\u00fcsseldorf"},"content":{"rendered":"<div id=\"fb-root\"><\/div>\n<p>Video z minul\u00e9ho v\u00edkendu op\u011bt dokumentuje \u00fasp\u011b\u0161n\u00e9 nasazen\u00ed zahrani\u010dn\u00edch kvalifikovan\u00fdch pracovn\u00edk\u016f v n\u011bmeck\u00e9 spole\u010dnosti.\u00a0Afri\u010dan se v tomto p\u0159\u00edpad\u011b obna\u017eil na p\u011b\u0161\u00ed z\u00f3n\u011b d\u00fcsseldorfsk\u00e9ho star\u00e9ho m\u011bsta a se sta\u017een\u00fdmi kalhotami spokojen\u011b pochodoval sm\u011brem k mlad\u00fdm \u017een\u00e1m.\u00a0Nikdo z p\u0159\u00edtomn\u00fdch nic proti kulturn\u00edmu obohacen\u00ed neud\u011blal:<\/p>\n<p>&nbsp;<\/p>\n<div class='videoWrapper'>\r\n\t            <iframe src='https:\/\/rumble.com\/embed\/pj.v32dvby\/' frameborder='0' allowfullscreen><\/iframe>\r\n\t        <\/div>\n<p>&nbsp;<\/p>\n<p>&nbsp;<\/p>\n<p><img decoding=\"async\" loading=\"lazy\" class=\"alignnone size-full wp-image-1185\" src=\"http:\/\/www.infokuryr.cz\/n\/wp-content\/uploads\/2021\/04\/kuryr-podpis.png\" alt=\"\" width=\"84\" height=\"24\" \/><\/p>\n<p>&nbsp;<\/p>\n<p><img decoding=\"async\" loading=\"lazy\" class=\"wp-image-30218 aligncenter\" src=\"http:\/\/www.infokuryr.cz\/n\/wp-content\/uploads\/2023\/06\/PRO-banner-300x36.png\" alt=\"\" width=\"1350\" height=\"162\" srcset=\"https:\/\/www.infokuryr.cz\/n\/wp-content\/uploads\/2023\/06\/PRO-banner-300x36.png 300w, https:\/\/www.infokuryr.cz\/n\/wp-content\/uploads\/2023\/06\/PRO-banner-768x93.png 768w, https:\/\/www.infokuryr.cz\/n\/wp-content\/uploads\/2023\/06\/PRO-banner.png 849w\" sizes=\"(max-width: 1350px) 100vw, 1350px\" \/><\/p>\n<p>&nbsp;<\/p>\n<p>&nbsp;<\/p>\n<p>&nbsp;<\/p>\n","protected":false},"excerpt":{"rendered":"<p>Video z minul\u00e9ho v\u00edkendu op\u011bt dokumentuje \u00fasp\u011b\u0161n\u00e9 nasazen\u00ed zahrani\u010dn\u00edch kvalifikovan\u00fdch pracovn\u00edk\u016f v n\u011bmeck\u00e9 spole\u010dnosti.\u00a0Afri\u010dan se&#8230;<\/p>\n","protected":false},"author":2,"featured_media":33640,"comment_status":"closed","ping_status":"closed","sticky":false,"template":"","format":"standard","meta":[],"categories":[7],"tags":[551,84,5618,5436,889],"_links":{"self":[{"href":"https:\/\/www.infokuryr.cz\/n\/wp-json\/wp\/v2\/posts\/33639"}],"collection":[{"href":"https:\/\/www.infokuryr.cz\/n\/wp-json\/wp\/v2\/posts"}],"about":[{"href":"https:\/\/www.infokuryr.cz\/n\/wp-json\/wp\/v2\/types\/post"}],"author":[{"embeddable":true,"href":"https:\/\/www.infokuryr.cz\/n\/wp-json\/wp\/v2\/users\/2"}],"replies":[{"embeddable":true,"href":"https:\/\/www.infokuryr.cz\/n\/wp-json\/wp\/v2\/comments?post=33639"}],"version-history":[{"count":1,"href":"https:\/\/www.infokuryr.cz\/n\/wp-json\/wp\/v2\/posts\/33639\/revisions"}],"predecessor-version":[{"id":33641,"href":"https:\/\/www.infokuryr.cz\/n\/wp-json\/wp\/v2\/posts\/33639\/revisions\/33641"}],"wp:featuredmedia":[{"embeddable":true,"href":"https:\/\/www.infokuryr.cz\/n\/wp-json\/wp\/v2\/media\/33640"}],"wp:attachment":[{"href":"https:\/\/www.infokuryr.cz\/n\/wp-json\/wp\/v2\/media?parent=33639"}],"wp:term":[{"taxonomy":"category","embeddable":true,"href":"https:\/\/www.infokuryr.cz\/n\/wp-json\/wp\/v2\/categories?post=33639"},{"taxonomy":"post_tag","embeddable":true,"href":"https:\/\/www.infokuryr.cz\/n\/wp-json\/wp\/v2\/tags?post=33639"}],"curies":[{"name":"wp","href":"https:\/\/api.w.org\/{rel}","templated":true}]}}