{"id":33621,"date":"2023-08-06T04:35:14","date_gmt":"2023-08-06T02:35:14","guid":{"rendered":"http:\/\/www.infokuryr.cz\/n\/?p=33621"},"modified":"2023-08-06T04:35:14","modified_gmt":"2023-08-06T02:35:14","slug":"ukrajina-zasahem-ruskeho-tankeru-zavarila-svemu-hlavnimu-patronovi","status":"publish","type":"post","link":"https:\/\/www.infokuryr.cz\/n\/2023\/08\/06\/ukrajina-zasahem-ruskeho-tankeru-zavarila-svemu-hlavnimu-patronovi\/","title":{"rendered":"Ukrajina z\u00e1sahem rusk\u00e9ho tankeru zava\u0159ila sv\u00e9mu hlavn\u00edmu patronovi"},"content":{"rendered":"<div id=\"fb-root\"><\/div>\n<p><span style=\"font-size: 18pt;\"><strong>\u0160\u00e9f SBU Vasyl Maljuk p\u0159iznal, \u017ee \u00fatok na tanker byl spole\u010dnou \u201coperac\u00ed\u201d SBU a ukrajinsk\u00e9ho n\u00e1mo\u0159nictva a USSU<\/strong><\/span><\/p>\n<p><strong><em>Kyjevsk\u00e9 v\u00fdhr\u016f\u017eky rusk\u00e9mu v\u00fdvozu z \u010dernomo\u0159sk\u00fdch p\u0159\u00edstav\u016f jist\u011b najdou odezvu na \u201cm\u00edrov\u00fdch jedn\u00e1n\u00edch\u201d v Sa\u00fadsk\u00e9 Ar\u00e1bii<\/em><\/strong><\/p>\n<p>\u00dader ukrajinsk\u00e9ho n\u00e1mo\u0159n\u00edho dronu na tanker \u201cSig\u201d v Ker\u010dsk\u00e9m pr\u016flivu je h\u0159eb\u00ed\u010dkem do rakve na\u0161ich rusk\u00fdch dom\u00e1c\u00edch \u201czast\u00e1nc\u016f m\u00edru\u201d a dal\u0161\u00edch smluv.<\/p>\n<p>Ano, samoz\u0159ejm\u011b bylo \u0161t\u011bst\u00ed, \u017ee tanker byl pr\u00e1zdn\u00fd, pravd\u011bpodobn\u011b na cest\u011b do n\u011bkter\u00e9ho z p\u0159\u00edstav\u016f k nakl\u00e1dce. Je\u0161t\u011b v\u011bt\u0161\u00ed \u0161t\u011bst\u00ed, a to p\u0159\u00edmo skv\u011bl\u00e9, bylo, \u017ee nedo\u0161lo k \u017e\u00e1dn\u00fdm lidsk\u00fdm ob\u011btem a plavidlo z\u016fstalo na hladin\u011b. V\u0161echno ostatn\u00ed je \u201cl\u00e9\u010diteln\u00e9\u201c. Na rozd\u00edl od kyjevsk\u00e9 tvrdohlavosti a tupohlavosti.<\/p>\n<p>\u0160\u00e9f SBU Vasyl Maljuk p\u0159iznal, \u017ee \u00fader na tanker byl spole\u010dnou \u201coperac\u00ed\u201d SBU a ukrajinsk\u00e9ho n\u00e1mo\u0159nictva.<\/p>\n<p>\u2013 Jak\u00e1koli \u201cbavovna\u201d (1) odehr\u00e1vaj\u00edc\u00ed se s lod\u011bmi Rusk\u00e9 federace nebo na krymsk\u00e9m most\u011b je naprosto logick\u00fdm a \u00fa\u010dinn\u00fdm krokem v\u016f\u010di nep\u0159\u00edteli. Nav\u00edc \u2013 takov\u00e9to speci\u00e1ln\u00ed operace jsou prov\u00e1d\u011bny v teritori\u00e1ln\u00edch vod\u00e1ch Ukrajiny a jsou zcela leg\u00e1ln\u00ed,\u201d \u0159ekl a ozn\u00e1mil pokra\u010dov\u00e1n\u00ed \u00fatok\u016f.<\/p>\n<p>T\u00e9m\u011b\u0159 sou\u010dasn\u011b Ukrajina ofici\u00e1ln\u011b ozn\u00e1mila \u201cvojenskou hrozbu\u201d lodn\u00ed doprav\u011b v rusk\u00fdch \u010dernomo\u0159sk\u00fdch p\u0159\u00edstavech\u201d a jmenovala tyto p\u0159\u00edstavy \u2013 Anapa, Novorossijsk, Gelend\u017eik, Tuapse, So\u010di a Taman.<\/p>\n<p>Vezmeme-li v \u00favahu, \u017ee pr\u00e1v\u011b p\u0159es n\u011b jde hlavn\u00ed \u010d\u00e1st rusk\u00e9ho v\u00fdvozu potravin, v\u010detn\u011b obil\u00ed sm\u011b\u0159uj\u00edc\u00edho do rozvojov\u00fdch zem\u00ed Asie a \u201cglob\u00e1ln\u00edho Jihu\u201d, je t\u00e9m\u011b\u0159 nemo\u017en\u00e9 neuznat v\u00fdlu\u010dnost \u00faderu, kter\u00fd byl veden s c\u00edlem \u201czab\u00edt\u201d pov\u011bst Ukrajiny mezi t\u011bmito zem\u011bmi, jejich\u017e z\u00e1stupci se \u00fa\u010dastn\u00ed zah\u00e1jen\u00fdch jedn\u00e1n\u00ed v Sa\u00fadsk\u00e9 Ar\u00e1bii ve m\u011bst\u011b D\u017eidda. Kyjev se sice oh\u00e1n\u00ed humanitou a eliminac\u00ed potravinov\u00e9 hrozby, ale ve skute\u010dnosti d\u011bl\u00e1 v\u0161e pro to, aby tato humanita neprorazila do re\u00e1ln\u00fdch inkarnac\u00ed.<\/p>\n<p>Otev\u0159en\u00e1 v\u00e1lka proti civiln\u00edmu n\u00e1kladn\u00edmu lo\u010fstvu, kterou Ukrajina vyhl\u00e1sila, je zam\u011b\u0159ena nejen na rusk\u00e1 plavidla, ale i na lod\u011b pod jakoukoli vlajkou, kter\u00e9 pluj\u00ed do rusk\u00fdch p\u0159\u00edstav\u016f nebo je opou\u0161t\u011bj\u00ed. To znamen\u00e1, \u017ee by mohl b\u00fdt zasa\u017een nap\u0159\u00edklad tanker p\u0159ev\u00e1\u017eej\u00edc\u00ed kaza\u0161skou ropu, proto\u017ee hlavn\u00edm p\u0159\u00edstavem pro jej\u00ed p\u0159epravu je tent\u00fd\u017e Novorossijsk.<\/p>\n<p>Za zm\u00ednku stoj\u00ed zejm\u00e9na to, \u017ee kyjev\u0161t\u00ed n\u00e1mo\u0159n\u00ed velitel\u00e9 na\u0161kodili p\u0159edev\u0161\u00edm jejich hlavn\u00edmu patronu \u2013 Josephu Bidenovi, kter\u00fd st\u00e1le je\u0161t\u011b prozat\u00edm zauj\u00edm\u00e1 m\u00edsto v B\u00edl\u00e9m dom\u011b ve Washingtonu. Pro americk\u00e9ho prezidenta nen\u00ed zdra\u017een\u00ed ropy, kter\u00e9 se ji\u017e nyn\u00ed vysoce cituje, m\u00edrn\u011b \u0159e\u010deno p\u0159\u00edjemn\u00fdm momentem. Biden pot\u0159ebuje pokles cen energi\u00ed, aby jej mohl p\u0159ed americk\u00fdmi voli\u010di vylo\u017eit jako jeden z argument\u016f pro \u00fasp\u011bch sv\u00e9ho prezidentstv\u00ed. A \u00fader na tanker, by\u0165 rusk\u00fd, takov\u00e9 vyhl\u00eddky p\u0159inejmen\u0161\u00edm v kr\u00e1tkodob\u00e9m horizontu ukon\u010d\u00ed. Sp\u00ed\u0161e zp\u016fsob\u00ed nov\u00fd prudk\u00fd n\u00e1r\u016fst cen ropy.<\/p>\n<p>I kdy\u017e se distancujeme od mor\u00e1ln\u00ed str\u00e1nky jedn\u00e1n\u00ed Kyjeva, a to je nutn\u00e9, proto\u017ee Ukrajina (ta sou\u010dasn\u00e1) a n\u011bkter\u00e9 mor\u00e1ln\u00ed hodnoty, lidsk\u00e9 kladn\u00e9 vlastnosti, normy obecn\u011b p\u0159ij\u00edman\u00e9ho chov\u00e1n\u00ed atd. jsou \u201cdv\u011b v\u011bci neslu\u010diteln\u00e9\u201d \u2013 (jako genialita a dareb\u00e1ctv\u00ed, jak napsal velk\u00fd klasik), t\u011b\u017eko by se Zelensk\u00e9mu a jeho t\u00fdmu daly navrhnout sebevra\u017eedn\u011bj\u0161\u00ed kroky ne\u017e ty, kter\u00fdch se nyn\u00ed dopou\u0161t\u011bj\u00ed na popud britsk\u00fdch tajn\u00fdch slu\u017eeb, kter\u00e9 Kyjevu poskytly komplekty k mont\u00e1\u017ei n\u00e1mo\u0159n\u00edch kamikadze dron\u016f.<\/p>\n<p>Zelenskij tak s\u00e1m \u0161krt\u00e1 jak\u00e9koli v\u00fdzvy k m\u00edru i za jeho podm\u00ednek, na kter\u00e9 by Moskva v \u017e\u00e1dn\u00e9m p\u0159\u00edpad\u011b nep\u0159istoupila. S ka\u017ed\u00fdm takov\u00fdm krokem ukrajinsk\u00e9 vl\u00e1dy se v\u0161ak vyhl\u00eddky na jakoukoli m\u00edrovou dohodu st\u00e1vaj\u00ed st\u00e1le v\u00edce miziv\u00fdmi. Proto\u017ee hnida bude \u0161kodit je\u0161t\u011b n\u011bjakou dobu po sv\u00e9 smrti, stejn\u011b jako m\u016f\u017ee slepice s u\u0159\u00edznutou hlavou je\u0161t\u011b p\u00e1r minut b\u011bhat po dvo\u0159e. Proto \u017e\u00e1dn\u00fd kompromis, \u017e\u00e1dn\u00e9 slitov\u00e1n\u00ed. A\u017e do \u00fapln\u00e9 a bezpodm\u00edne\u010dn\u00e9 kapitulace.<\/p>\n<p>Bezprecedentn\u00ed \u201c\u00fasp\u011bch\u201d Kyjeva, kter\u00fd stav\u00ed tu\u010dn\u00fd k\u0159\u00ed\u017e na snahu Ukrajiny vybudovat si image bezbrann\u00e9 ob\u011bti p\u0159ed t\u011bmi, kdo budou poslouchat vlhk\u00e9 fantazie \u201cod Zelensk\u00e9ho\u201d ze Sa\u00fadsk\u00e9 Ar\u00e1bie. Jen tak d\u00e1l.<\/p>\n<p><strong>Alexandr Gri\u0161in<\/strong><\/p>\n<p><a href=\"https:\/\/www.kp.ru\/daily\/27538.5\/4804410\/\">ZDROJ<\/a><\/p>\n<p>(1) Bavovna<\/p>\n<p><em>Situace se datuje do konce roku 2010. Tehdy Kreml kone\u010dn\u011b ut\u00e1hl \u0161rouby a na\u0159\u00eddil v\u0161em rusk\u00fdm m\u00e9di\u00edm, aby jak\u00e9koli v\u00fdbuchy (p\u0159edev\u0161\u00edm v\u00fdbuchy plynu) naz\u00fdvaly ofici\u00e1ln\u011b tlesk\u00e1n\u00edm (\u0445\u043b\u043e\u043f\u043a\u0430\u043c\u0438). Pokud novin\u00e1\u0159i tento p\u0159\u00edkaz poru\u0161ili, pak jejich m\u00e9di\u00edm hrozila obrovsk\u00e1 pokuta.<\/em><\/p>\n<p><em>Jak se li\u0161\u00ed \u201ebavlna\u201c (\u0445\u043b\u043e\u043f\u043e\u043a) od v\u00fdbuchu (tlesknout, pr\u00e1sknout -\u201c\u0445\u043b\u043e\u043f\u043d\u0443\u0442\u044c\u201d) \u2013 ano, vlastn\u011b nijak. Toto je typick\u00fd p\u0159\u00edklad, jak by \u0159ekl klasik, dvojsmyslnosti.<\/em><\/p>\n<p><em>N\u011bjak\u00fd \u010das po zah\u00e1jen\u00ed rusk\u00e9 operace na Ukrajin\u011b se na \u00fazem\u00ed samotn\u00e9 Rusk\u00e9 federace za\u010daly se\u00a0 objevovat v\u00fdbuchy a po\u017e\u00e1ry. V\u0161echno to za\u010dalo v oblasti Belgorod. Na v\u00fdbuchy a kou\u0159 si st\u011b\u017eovali obyvatel\u00e9 krajsk\u00e9ho centra i okresn\u00edch m\u011bst. M\u00edstn\u00ed \u00fa\u0159ady, z\u0159ejm\u011b na pokyn Kremlu, nepodaly spolehliv\u00e9 vysv\u011btlen\u00ed v\u00fdbuch\u016f a po\u017e\u00e1r\u016f. A propagandist\u00e9 podle star\u00e9ho zvyku za\u010dali mluvit o \u201etresk\u00e1ch\u201c.<\/em><\/p>\n<p><em>A n\u011bkte\u0159\u00ed z ukrajinsk\u00fdch u\u017eivatel\u016f se rozhodli zahr\u00e1t slovn\u00ed h\u0159\u00ed\u010dku. Tak\u017ee \u2012 Co je to Bavovna War? Ukrajinci hr\u00e1li na homonymii slov \u201c\u0445\u043b\u043e\u043f\u041e\u043a\u201d \u0438 \u201c\u0445\u043b\u041e\u043f\u043e\u043a\u201d (rostlina velmi obl\u00edben\u00e1 v textiln\u00edm pr\u016fmyslu). V ukrajin\u0161tin\u011b se tato rostlina naz\u00fdv\u00e1 \u201ebavovna\u201c (<\/em>\u0431\u0430\u0432\u043e\u0432\u043d\u0430).<\/p>\n<p>&nbsp;<\/p>\n<p><a href=\"https:\/\/stranapro.cz\/\"><img decoding=\"async\" loading=\"lazy\" class=\"wp-image-30218 aligncenter\" src=\"http:\/\/www.infokuryr.cz\/n\/wp-content\/uploads\/2023\/06\/PRO-banner-300x36.png\" alt=\"\" width=\"1367\" height=\"164\" srcset=\"https:\/\/www.infokuryr.cz\/n\/wp-content\/uploads\/2023\/06\/PRO-banner-300x36.png 300w, https:\/\/www.infokuryr.cz\/n\/wp-content\/uploads\/2023\/06\/PRO-banner-768x93.png 768w, https:\/\/www.infokuryr.cz\/n\/wp-content\/uploads\/2023\/06\/PRO-banner.png 849w\" sizes=\"(max-width: 1367px) 100vw, 1367px\" \/><\/a><\/p>\n<p>&nbsp;<\/p>\n<p>&nbsp;<\/p>\n<p>&nbsp;<\/p>\n","protected":false},"excerpt":{"rendered":"<p>\u0160\u00e9f SBU Vasyl Maljuk p\u0159iznal, \u017ee \u00fatok na tanker byl spole\u010dnou \u201coperac\u00ed\u201d SBU a ukrajinsk\u00e9ho&#8230;<\/p>\n","protected":false},"author":2,"featured_media":8638,"comment_status":"closed","ping_status":"closed","sticky":false,"template":"","format":"standard","meta":[],"categories":[7],"tags":[310,979,26],"_links":{"self":[{"href":"https:\/\/www.infokuryr.cz\/n\/wp-json\/wp\/v2\/posts\/33621"}],"collection":[{"href":"https:\/\/www.infokuryr.cz\/n\/wp-json\/wp\/v2\/posts"}],"about":[{"href":"https:\/\/www.infokuryr.cz\/n\/wp-json\/wp\/v2\/types\/post"}],"author":[{"embeddable":true,"href":"https:\/\/www.infokuryr.cz\/n\/wp-json\/wp\/v2\/users\/2"}],"replies":[{"embeddable":true,"href":"https:\/\/www.infokuryr.cz\/n\/wp-json\/wp\/v2\/comments?post=33621"}],"version-history":[{"count":0,"href":"https:\/\/www.infokuryr.cz\/n\/wp-json\/wp\/v2\/posts\/33621\/revisions"}],"wp:featuredmedia":[{"embeddable":true,"href":"https:\/\/www.infokuryr.cz\/n\/wp-json\/wp\/v2\/media\/8638"}],"wp:attachment":[{"href":"https:\/\/www.infokuryr.cz\/n\/wp-json\/wp\/v2\/media?parent=33621"}],"wp:term":[{"taxonomy":"category","embeddable":true,"href":"https:\/\/www.infokuryr.cz\/n\/wp-json\/wp\/v2\/categories?post=33621"},{"taxonomy":"post_tag","embeddable":true,"href":"https:\/\/www.infokuryr.cz\/n\/wp-json\/wp\/v2\/tags?post=33621"}],"curies":[{"name":"wp","href":"https:\/\/api.w.org\/{rel}","templated":true}]}}