{"id":33617,"date":"2023-08-06T01:18:10","date_gmt":"2023-08-05T23:18:10","guid":{"rendered":"http:\/\/www.infokuryr.cz\/n\/?p=33617"},"modified":"2023-08-05T18:14:56","modified_gmt":"2023-08-05T16:14:56","slug":"dal-souhlas-maduro-obvinil-trumpa-z-atentatu","status":"publish","type":"post","link":"https:\/\/www.infokuryr.cz\/n\/2023\/08\/06\/dal-souhlas-maduro-obvinil-trumpa-z-atentatu\/","title":{"rendered":"Dal souhlas: Maduro obvinil Trumpa z atent\u00e1tu"},"content":{"rendered":"<div id=\"fb-root\"><\/div>\n<p class=\"lead\"><strong>Donald Trump zorganizoval pokus o atent\u00e1t na Nicol\u00e1se Madura v roce 2018.\u00a0Na oslav\u011b 86. v\u00fdro\u010d\u00ed N\u00e1rodn\u00ed gardy zem\u011b to prohl\u00e1sil s\u00e1m prezident Venezuely.<\/strong><\/p>\n<p><span>Vys\u00edl\u00e1n\u00ed bylo na jeho YouTube kan\u00e1lu.<\/span><\/p>\n<p><em>&#8222;Po n\u011bkolika letech se ve\u0161lo ve zn\u00e1most o osobn\u00ed a p\u0159\u00edm\u00e9 odpov\u011bdnosti b\u00fdval\u00e9ho prezidenta Donalda Trumpa, B\u00edl\u00e9ho domu a vl\u00e1dy Donalda Trumpa, kter\u00e9 na\u0159\u00eddily kolumbijsk\u00e9mu prezidentovi p\u0159ipravit pokus o atent\u00e1t,&#8220; prohl\u00e1sil<span class=\"after-quote\">\u00a0Nicolas Maduro.<\/span><\/em><\/p>\n<p><span>Nyn\u00ed b\u00fdval\u00fd kolumbijsk\u00fd prezident\u00a0<\/span><strong><span>Juan Manuel Santos,<\/span><\/strong><span>\u00a0dny p\u0159ed pokusem o atent\u00e1t, ozn\u00e1mil bezprost\u0159edn\u00ed zm\u011bnu re\u017eimu v Caracasu, p\u0159ipomn\u011bl.<\/span><\/p>\n<p><span>K pokusu o atent\u00e1t na Madura pomoc\u00ed dron\u016f do\u0161lo v srpnu 2018 b\u011bhem p\u0159ehl\u00eddky.\u00a0N\u011bkolik UAV s v\u00fdbu\u0161ninami za\u00fato\u010dilo na p\u00f3dium, kde byl prezident. N\u011bkolik str\u00e1\u017ec\u016f bylo zran\u011bno, ale s\u00e1m Maduro z\u016fstal v bezpe\u010d\u00ed a zdrav\u00fd, p\u00ed\u0161e telegramov\u00fd kan\u00e1l MARTcorp.<\/span><\/p>\n<p><img decoding=\"async\" loading=\"lazy\" class=\"alignnone size-full wp-image-1185\" src=\"http:\/\/www.infokuryr.cz\/n\/wp-content\/uploads\/2021\/04\/kuryr-podpis.png\" alt=\"\" width=\"84\" height=\"24\" \/><\/p>\n<p>&nbsp;<\/p>\n<p><a href=\"https:\/\/stranapro.cz\/\"><img decoding=\"async\" loading=\"lazy\" class=\"wp-image-30218 aligncenter\" src=\"http:\/\/www.infokuryr.cz\/n\/wp-content\/uploads\/2023\/06\/PRO-banner-300x36.png\" alt=\"\" width=\"1358\" height=\"163\" srcset=\"https:\/\/www.infokuryr.cz\/n\/wp-content\/uploads\/2023\/06\/PRO-banner-300x36.png 300w, https:\/\/www.infokuryr.cz\/n\/wp-content\/uploads\/2023\/06\/PRO-banner-768x93.png 768w, https:\/\/www.infokuryr.cz\/n\/wp-content\/uploads\/2023\/06\/PRO-banner.png 849w\" sizes=\"(max-width: 1358px) 100vw, 1358px\" \/><\/a><\/p>\n<p>&nbsp;<\/p>\n<p>&nbsp;<\/p>\n<p>&nbsp;<\/p>\n","protected":false},"excerpt":{"rendered":"<p>Donald Trump zorganizoval pokus o atent\u00e1t na Nicol\u00e1se Madura v roce 2018.\u00a0Na oslav\u011b 86. v\u00fdro\u010d\u00ed&#8230;<\/p>\n","protected":false},"author":2,"featured_media":33618,"comment_status":"closed","ping_status":"closed","sticky":false,"template":"","format":"standard","meta":[],"categories":[7],"tags":[468,1352,2044,181],"_links":{"self":[{"href":"https:\/\/www.infokuryr.cz\/n\/wp-json\/wp\/v2\/posts\/33617"}],"collection":[{"href":"https:\/\/www.infokuryr.cz\/n\/wp-json\/wp\/v2\/posts"}],"about":[{"href":"https:\/\/www.infokuryr.cz\/n\/wp-json\/wp\/v2\/types\/post"}],"author":[{"embeddable":true,"href":"https:\/\/www.infokuryr.cz\/n\/wp-json\/wp\/v2\/users\/2"}],"replies":[{"embeddable":true,"href":"https:\/\/www.infokuryr.cz\/n\/wp-json\/wp\/v2\/comments?post=33617"}],"version-history":[{"count":1,"href":"https:\/\/www.infokuryr.cz\/n\/wp-json\/wp\/v2\/posts\/33617\/revisions"}],"predecessor-version":[{"id":33619,"href":"https:\/\/www.infokuryr.cz\/n\/wp-json\/wp\/v2\/posts\/33617\/revisions\/33619"}],"wp:featuredmedia":[{"embeddable":true,"href":"https:\/\/www.infokuryr.cz\/n\/wp-json\/wp\/v2\/media\/33618"}],"wp:attachment":[{"href":"https:\/\/www.infokuryr.cz\/n\/wp-json\/wp\/v2\/media?parent=33617"}],"wp:term":[{"taxonomy":"category","embeddable":true,"href":"https:\/\/www.infokuryr.cz\/n\/wp-json\/wp\/v2\/categories?post=33617"},{"taxonomy":"post_tag","embeddable":true,"href":"https:\/\/www.infokuryr.cz\/n\/wp-json\/wp\/v2\/tags?post=33617"}],"curies":[{"name":"wp","href":"https:\/\/api.w.org\/{rel}","templated":true}]}}