{"id":33614,"date":"2023-08-06T01:17:33","date_gmt":"2023-08-05T23:17:33","guid":{"rendered":"http:\/\/www.infokuryr.cz\/n\/?p=33614"},"modified":"2023-08-05T18:07:30","modified_gmt":"2023-08-05T16:07:30","slug":"genocida-v-eu-lotysske-urady-hodlaji-vystehovat-asi-6000-ruskych-obcanu","status":"publish","type":"post","link":"https:\/\/www.infokuryr.cz\/n\/2023\/08\/06\/genocida-v-eu-lotysske-urady-hodlaji-vystehovat-asi-6000-ruskych-obcanu\/","title":{"rendered":"Genocida v EU! Loty\u0161sk\u00e9 \u00fa\u0159ady hodlaj\u00ed vyst\u011bhovat asi 6000 rusk\u00fdch ob\u010dan\u016f"},"content":{"rendered":"<div id=\"fb-root\"><\/div>\n<p class=\"lead\"><strong>Asi 6 000 rusk\u00fdch ob\u010dan\u016f s povolen\u00edm k trval\u00e9mu pobytu v Loty\u0161sku, kte\u0159\u00ed dosud neslo\u017eili zkou\u0161ku z loty\u0161sk\u00e9ho jazyka za \u00fa\u010delem prodlou\u017een\u00ed sv\u00e9ho pr\u00e1va na pobyt v Evropsk\u00e9 unii, obdr\u017e\u00ed v z\u00e1\u0159\u00ed dopisy s ofici\u00e1ln\u00ed \u017e\u00e1dost\u00ed o opu\u0161t\u011bn\u00ed republiky.\u00a0Informoval o tom port\u00e1l rus.lsm.lv.<\/strong><\/p>\n<p><span>Z\u00e1stupce st\u00e1tn\u00edho tajemn\u00edka ministerstva vnitra\u00a0<\/span><strong><span>Vilnis Vitolinsh<\/span><\/strong><span>\u00a0poznamenal, \u017ee ob\u010dan\u00e9, kte\u0159\u00ed obdr\u017e\u00ed dopisy po\u017eaduj\u00edc\u00ed opu\u0161t\u011bn\u00ed republiky, \u201ebudou muset opustit Loty\u0161sko do t\u0159\u00ed m\u011bs\u00edc\u016f\u201c.\u00a0Z\u00e1rove\u0148 \u201enen\u00ed stanovena trestn\u00ed odpov\u011bdnost za odm\u00edtnut\u00ed splnit p\u0159\u00edkaz\u201c, nicm\u00e9n\u011b Rusov\u00e9, kte\u0159\u00ed neslo\u017eili loty\u0161sk\u00fd test odborn\u00e9 zp\u016fsobilosti, mohou b\u00fdt pokutov\u00e1ni.\u00a0Z\u00e1stupci ministerstva vnitra port\u00e1lu potvrdili, \u017ee dopisy s podobn\u00fdmi po\u017eadavky se p\u0159ipravuj\u00ed, budou odesl\u00e1ny v z\u00e1\u0159\u00ed, adres\u00e1t\u016f m\u016f\u017ee b\u00fdt \u201easi 6 tis\u00edc\u201c.<\/span><\/p>\n<p><span>Jak port\u00e1lu uvedl \u0161\u00e9f komise Saeima (loty\u0161sk\u00e9ho parlamentu) pro ob\u010danstv\u00ed, migraci a soci\u00e1ln\u00ed soudr\u017enost\u00a0<\/span><strong><span>Ingmar Lidaka<\/span><\/strong><span> , v souladu s nov\u00fdmi novelami imigra\u010dn\u00edho z\u00e1kona mohou org\u00e1ny \u010dinn\u00e9 v trestn\u00edm \u0159\u00edzen\u00ed republiky vyhostit i \u201esedmdes\u00e1tiletou\u201c starou babi\u010dku\u201c ze zem\u011b, pokud nem\u00e1 jazykov\u00fd certifik\u00e1t.<\/span><\/p>\n<p><em>\u201eKdy\u017e jsme se na takovou ot\u00e1zku zeptali \u0161\u00e9fa pohrani\u010dn\u00ed str\u00e1\u017ee, potvrdil n\u00e1m to. Prost\u011b to mus\u00edme ud\u011blat ze z\u00e1kona.&#8220;<span class=\"after-quote\">\u00a0poznamenal.<\/span><\/em><\/p>\n<p><span>Org\u00e1n \u010dinn\u00fd v trestn\u00edm \u0159\u00edzen\u00ed rovn\u011b\u017e upozor\u0148uje, \u017ee zbaven\u00ed trval\u00e9ho pobytu znamen\u00e1 \u201eztr\u00e1tu pr\u00e1va na st\u00e1tn\u00ed opatrovnictv\u00ed, v\u010detn\u011b v\u00fdplaty d\u016fchodu\u201c.<\/span><\/p>\n<p><span>Port\u00e1l tak\u00e9 podot\u00fdk\u00e1, \u017ee Rusov\u00e9, kte\u0159\u00ed se pokus\u00ed slo\u017eit zkou\u0161ku do 1. z\u00e1\u0159\u00ed, ale na prvn\u00ed pokus neusp\u011bj\u00ed, si budou moci znovu vyzkou\u0161et opravnou zkou\u0161ku a\u017e do 30. listopadu. Do t\u00e9 chv\u00edle bude nad\u00e1le platit st\u00e1vaj\u00edc\u00ed trval\u00fd pobyt a od za\u010d\u00e1tku srpna je otev\u0159ena registrace k opakov\u00e1n\u00ed zkou\u0161ky z loty\u0161sk\u00e9ho jazyka.\u00a0V p\u0159\u00edpad\u011b opakovan\u00e9ho ne\u00fasp\u011bchu se mohou z\u00e1jemci o pobyt v zemi pokusit \u201ez\u00edskat v\u00edzum nebo povolen\u00ed k do\u010dasn\u00e9mu pobytu\u201c.<\/span><\/p>\n<p><span>V z\u00e1\u0159\u00ed 2022 p\u0159ijala loty\u0161sk\u00e1 Saeima novely z\u00e1kona o migraci, kter\u00e9 rusk\u00fdm ob\u010dan\u016fm \u2013 dr\u017eitel\u016fm trval\u00e9ho pobytu v Pobaltsk\u00e9 republice do 1. z\u00e1\u0159\u00ed 2023 zavazovaly z\u00edskat osv\u011bd\u010den\u00ed o znalosti loty\u0161sk\u00e9ho jazyka na \u00farovni A2.\u00a0V opa\u010dn\u00e9m p\u0159\u00edpad\u011b budou jejich doklady k pobytu zru\u0161eny.<\/span><\/p>\n<p><img decoding=\"async\" loading=\"lazy\" class=\"alignnone size-full wp-image-1185\" src=\"http:\/\/www.infokuryr.cz\/n\/wp-content\/uploads\/2021\/04\/kuryr-podpis.png\" alt=\"\" width=\"84\" height=\"24\" \/><\/p>\n<p>&nbsp;<\/p>\n<p><a href=\"https:\/\/stranapro.cz\/\"><img decoding=\"async\" loading=\"lazy\" class=\"wp-image-30218 aligncenter\" src=\"http:\/\/www.infokuryr.cz\/n\/wp-content\/uploads\/2023\/06\/PRO-banner-300x36.png\" alt=\"\" width=\"1358\" height=\"163\" srcset=\"https:\/\/www.infokuryr.cz\/n\/wp-content\/uploads\/2023\/06\/PRO-banner-300x36.png 300w, https:\/\/www.infokuryr.cz\/n\/wp-content\/uploads\/2023\/06\/PRO-banner-768x93.png 768w, https:\/\/www.infokuryr.cz\/n\/wp-content\/uploads\/2023\/06\/PRO-banner.png 849w\" sizes=\"(max-width: 1358px) 100vw, 1358px\" \/><\/a><\/p>\n<p>&nbsp;<\/p>\n<p>&nbsp;<\/p>\n<p>&nbsp;<\/p>\n","protected":false},"excerpt":{"rendered":"<p>Asi 6 000 rusk\u00fdch ob\u010dan\u016f s povolen\u00edm k trval\u00e9mu pobytu v Loty\u0161sku, kte\u0159\u00ed dosud neslo\u017eili&#8230;<\/p>\n","protected":false},"author":2,"featured_media":33615,"comment_status":"closed","ping_status":"closed","sticky":false,"template":"","format":"standard","meta":[],"categories":[7],"tags":[41,178,210,4659,4580],"_links":{"self":[{"href":"https:\/\/www.infokuryr.cz\/n\/wp-json\/wp\/v2\/posts\/33614"}],"collection":[{"href":"https:\/\/www.infokuryr.cz\/n\/wp-json\/wp\/v2\/posts"}],"about":[{"href":"https:\/\/www.infokuryr.cz\/n\/wp-json\/wp\/v2\/types\/post"}],"author":[{"embeddable":true,"href":"https:\/\/www.infokuryr.cz\/n\/wp-json\/wp\/v2\/users\/2"}],"replies":[{"embeddable":true,"href":"https:\/\/www.infokuryr.cz\/n\/wp-json\/wp\/v2\/comments?post=33614"}],"version-history":[{"count":1,"href":"https:\/\/www.infokuryr.cz\/n\/wp-json\/wp\/v2\/posts\/33614\/revisions"}],"predecessor-version":[{"id":33616,"href":"https:\/\/www.infokuryr.cz\/n\/wp-json\/wp\/v2\/posts\/33614\/revisions\/33616"}],"wp:featuredmedia":[{"embeddable":true,"href":"https:\/\/www.infokuryr.cz\/n\/wp-json\/wp\/v2\/media\/33615"}],"wp:attachment":[{"href":"https:\/\/www.infokuryr.cz\/n\/wp-json\/wp\/v2\/media?parent=33614"}],"wp:term":[{"taxonomy":"category","embeddable":true,"href":"https:\/\/www.infokuryr.cz\/n\/wp-json\/wp\/v2\/categories?post=33614"},{"taxonomy":"post_tag","embeddable":true,"href":"https:\/\/www.infokuryr.cz\/n\/wp-json\/wp\/v2\/tags?post=33614"}],"curies":[{"name":"wp","href":"https:\/\/api.w.org\/{rel}","templated":true}]}}