{"id":33612,"date":"2023-08-06T01:16:29","date_gmt":"2023-08-05T23:16:29","guid":{"rendered":"http:\/\/www.infokuryr.cz\/n\/?p=33612"},"modified":"2023-08-05T17:56:42","modified_gmt":"2023-08-05T15:56:42","slug":"sef-bezpecnosti-vysvetluje-proc-ukrajina-nemuze-vyrabet-jaderne-zbrane","status":"publish","type":"post","link":"https:\/\/www.infokuryr.cz\/n\/2023\/08\/06\/sef-bezpecnosti-vysvetluje-proc-ukrajina-nemuze-vyrabet-jaderne-zbrane\/","title":{"rendered":"\u0160\u00e9f bezpe\u010dnosti vysv\u011btluje, pro\u010d Ukrajina nem\u016f\u017ee vyr\u00e1b\u011bt jadern\u00e9 zbran\u011b"},"content":{"rendered":"<div id=\"fb-root\"><\/div>\n<p><span style=\"font-size: 18pt;\"><strong>Aleksey Danilov \u0159ekl, \u017ee kyjevsk\u00e9 atomov\u00e9 aspirace by byly vykolejeny politikou a technick\u00fdmi probl\u00e9my<\/strong><\/span><\/p>\n<p><span>Ukrajina nem\u00e1 t\u00e9m\u011b\u0159 \u017e\u00e1dnou \u0161anci vyrobit jadern\u00e9 zbran\u011b sama, uznal \u0161\u00e9f Rady n\u00e1rodn\u00ed bezpe\u010dnosti a obrany zem\u011b a z\u00e1rove\u0148 nazna\u010dil, \u017ee Kyjev m\u016f\u017ee nakonec hostit atomov\u00fd arzen\u00e1l z\u00e1padn\u00ed v\u00fdroby.<\/span><\/p>\n<p><span>Aleksey Danilov byl v p\u00e1tek v n\u00e1rodn\u00ed televizi dot\u00e1z\u00e1n, zda Ukrajina m\u016f\u017ee doufat, \u017ee znovu z\u00edsk\u00e1 sv\u016fj jadern\u00fd status, kter\u00fd ztratila kr\u00e1tce po rozpadu Sov\u011btsk\u00e9ho svazu.\u00a0<\/span><em><span>\u201ePokud jde o arzen\u00e1l, kter\u00fd n\u00e1m byl zabaven, bu\u010fme realist\u00e9 \u2013 to je sotva mo\u017en\u00e9.\u00a0A to nejen kv\u016fli n\u011bkter\u00fdm politick\u00fdm ot\u00e1zk\u00e1m, ale tak\u00e9 kv\u016fli t\u011bm technologick\u00fdm,\u201c<\/span><\/em><span>\u00a0\u0159ekl.<\/span><\/p>\n<p><span>\u00da\u0159edn\u00edk d\u00e1le popsal z\u00e1soby mezikontinent\u00e1ln\u00edch balistick\u00fdch raket, kter\u00e9 Ukrajina hostila,\u00a0<\/span><em><span>\u201ejako komplikovanou v\u011bc\u201c,<\/span><\/em><span>\u00a0ale poznamenal, \u017ee se vyskytly p\u0159\u00edpady, kdy spojenci NATO poskytli jadern\u00e9 zbran\u011b jadern\u00fdm mocnostem.<\/span><\/p>\n<p><em><span>&#8222;Nemohu v\u00e1m \u0159\u00edci, zda to bude fungovat v na\u0161em p\u0159\u00edpad\u011b,&#8220;<\/span><\/em><span>\u00a0p\u0159ipustil Danilov a dodal, \u017ee jak\u00e9koli \u00fasil\u00ed Kyjeva v t\u00e9to oblasti bude \u010delit v\u00e1\u017en\u00fdm p\u0159ek\u00e1\u017ek\u00e1m.<\/span><\/p>\n<p><span>Danilovovy koment\u00e1\u0159e jsou v kontrastu s koment\u00e1\u0159i Alexeje Arestovi\u010de, b\u00fdval\u00e9ho poradce ukrajinsk\u00e9ho prezidenta Vladimira Zelensk\u00e9ho, kter\u00fd v \u010dervnu navrhl, \u017ee by Kyjev mohl rychle vyvinout vlastn\u00ed atomov\u00fd arzen\u00e1l a z\u00edskat pot\u0159ebn\u00fd \u0161t\u011bpn\u00fd materi\u00e1l.<\/span><\/p>\n<p><span>Po rozpadu Sov\u011btsk\u00e9ho svazu v roce 1991 Ukrajina zd\u011bdila asi jednu t\u0159etinu jadern\u00fdch hlavic v zemi spolu s doprovodnou infrastrukturou.\u00a0V roce 1994 se dobrovoln\u011b vzdala zbran\u00ed v\u00fdm\u011bnou za bezpe\u010dnostn\u00ed z\u00e1ruky ze strany USA, Brit\u00e1nie a Ruska v r\u00e1mci Budape\u0161\u0165sk\u00e9ho memoranda.\u00a0V posledn\u00edch letech v\u0161ak ru\u0161t\u00ed p\u0159edstavitel\u00e9 opakovan\u011b prohl\u00e1sili, \u017ee z\u00e1padn\u00ed vm\u011b\u0161ov\u00e1n\u00ed do vnit\u0159n\u00edch z\u00e1le\u017eitost\u00ed Ukrajiny tuto smlouvu podkopalo.<\/span><\/p>\n<p><span>Za\u010d\u00e1tkem roku 2022, kr\u00e1tce p\u0159ed za\u010d\u00e1tkem moskevsk\u00e9ho vojensk\u00e9ho ta\u017een\u00ed na Ukrajinu, Zelenskyj signalizoval, \u017ee by se Kyjev mohl pokusit z\u00edskat zp\u011bt sv\u016fj jadern\u00fd status, s odkazem na ztr\u00e1tu Krymu.\u00a0Poloostrov drtivou v\u011bt\u0161inou hlasoval pro p\u0159ipojen\u00ed k Rusku v roce 2014 po p\u0159evratu v Kyjev\u011b podporovan\u00e9m Z\u00e1padem.<\/span><\/p>\n<p><span>Podle rusk\u00e9ho prezidenta Vladimira Putina Ukrajina p\u0159ed za\u010d\u00e1tkem konfliktu jednala o z\u00edsk\u00e1n\u00ed jadern\u00fdch zbran\u00ed, zat\u00edmco b\u00fdval\u00fd rusk\u00fd v\u016fdce Dmitrij Medved\u011bv uvedl, \u017ee hrozby Kyjeva restartovat sv\u016fj jadern\u00fd program byly jedn\u00edm z hlavn\u00edch faktor\u016f, kter\u00e9 p\u0159im\u011bly Rusko zah\u00e1jit vojenskou operaci.\u00a0<\/span><\/p>\n<p><img decoding=\"async\" loading=\"lazy\" class=\"alignnone size-full wp-image-1185\" src=\"http:\/\/www.infokuryr.cz\/n\/wp-content\/uploads\/2021\/04\/kuryr-podpis.png\" alt=\"\" width=\"84\" height=\"24\" \/><\/p>\n<p>&nbsp;<\/p>\n<p><a href=\"https:\/\/stranapro.cz\/\"><img decoding=\"async\" loading=\"lazy\" class=\"wp-image-30218 aligncenter\" src=\"http:\/\/www.infokuryr.cz\/n\/wp-content\/uploads\/2023\/06\/PRO-banner-300x36.png\" alt=\"\" width=\"1358\" height=\"163\" srcset=\"https:\/\/www.infokuryr.cz\/n\/wp-content\/uploads\/2023\/06\/PRO-banner-300x36.png 300w, https:\/\/www.infokuryr.cz\/n\/wp-content\/uploads\/2023\/06\/PRO-banner-768x93.png 768w, https:\/\/www.infokuryr.cz\/n\/wp-content\/uploads\/2023\/06\/PRO-banner.png 849w\" sizes=\"(max-width: 1358px) 100vw, 1358px\" \/><\/a><\/p>\n<p>&nbsp;<\/p>\n<p>&nbsp;<\/p>\n<p>&nbsp;<\/p>\n","protected":false},"excerpt":{"rendered":"<p>Aleksey Danilov \u0159ekl, \u017ee kyjevsk\u00e9 atomov\u00e9 aspirace by byly vykolejeny politikou a technick\u00fdmi probl\u00e9my Ukrajina&#8230;<\/p>\n","protected":false},"author":2,"featured_media":33613,"comment_status":"closed","ping_status":"closed","sticky":false,"template":"","format":"standard","meta":[],"categories":[7],"tags":[2579,3569,26],"_links":{"self":[{"href":"https:\/\/www.infokuryr.cz\/n\/wp-json\/wp\/v2\/posts\/33612"}],"collection":[{"href":"https:\/\/www.infokuryr.cz\/n\/wp-json\/wp\/v2\/posts"}],"about":[{"href":"https:\/\/www.infokuryr.cz\/n\/wp-json\/wp\/v2\/types\/post"}],"author":[{"embeddable":true,"href":"https:\/\/www.infokuryr.cz\/n\/wp-json\/wp\/v2\/users\/2"}],"replies":[{"embeddable":true,"href":"https:\/\/www.infokuryr.cz\/n\/wp-json\/wp\/v2\/comments?post=33612"}],"version-history":[{"count":0,"href":"https:\/\/www.infokuryr.cz\/n\/wp-json\/wp\/v2\/posts\/33612\/revisions"}],"wp:featuredmedia":[{"embeddable":true,"href":"https:\/\/www.infokuryr.cz\/n\/wp-json\/wp\/v2\/media\/33613"}],"wp:attachment":[{"href":"https:\/\/www.infokuryr.cz\/n\/wp-json\/wp\/v2\/media?parent=33612"}],"wp:term":[{"taxonomy":"category","embeddable":true,"href":"https:\/\/www.infokuryr.cz\/n\/wp-json\/wp\/v2\/categories?post=33612"},{"taxonomy":"post_tag","embeddable":true,"href":"https:\/\/www.infokuryr.cz\/n\/wp-json\/wp\/v2\/tags?post=33612"}],"curies":[{"name":"wp","href":"https:\/\/api.w.org\/{rel}","templated":true}]}}