{"id":3359,"date":"2021-07-16T03:51:20","date_gmt":"2021-07-16T01:51:20","guid":{"rendered":"http:\/\/www.infokuryr.cz\/n\/?p=3359"},"modified":"2021-07-16T03:51:20","modified_gmt":"2021-07-16T01:51:20","slug":"evropsky-soud-zakazal-muslimske-satky-a-burky","status":"publish","type":"post","link":"https:\/\/www.infokuryr.cz\/n\/2021\/07\/16\/evropsky-soud-zakazal-muslimske-satky-a-burky\/","title":{"rendered":"Evropsk\u00fd soud zak\u00e1zal muslimsk\u00e9 \u0161\u00e1tky a burky"},"content":{"rendered":"<div id=\"fb-root\"><\/div>\n<p>Evropsk\u00fd soud rozhodl o legitimit\u011b z\u00e1kazu burek a \u0161\u00e1tk\u016f ve ve\u0159ejn\u00e9m styku, zejm. v zam\u011bstn\u00e1n\u00edch se stykem s ve\u0159ejnost\u00ed. Zam\u011bstnavatel\u00e9 tak opr\u00e1vn\u011bn\u011b zak\u00e1zali a mohou d\u00e1le zakazovat isl\u00e1msk\u00e9 zahalov\u00e1n\u00ed na pracovi\u0161ti \u010di ve\u0159ejn\u00e9m p\u016fsobi\u0161ti.<\/p>\n<p><a href=\"https:\/\/www.welt.de\/politik\/deutschland\/article232512623\/EuGH-Kopftuchverbot-in-Kita-und-Drogerie-kann-rechtens-sein.html\">ZDROJ<\/a><\/p>\n<p>&nbsp;<\/p>\n","protected":false},"excerpt":{"rendered":"<p>Evropsk\u00fd soud rozhodl o legitimit\u011b z\u00e1kazu burek a \u0161\u00e1tk\u016f ve ve\u0159ejn\u00e9m styku, zejm. v zam\u011bstn\u00e1n\u00edch&#8230;<\/p>\n","protected":false},"author":2,"featured_media":3360,"comment_status":"closed","ping_status":"closed","sticky":false,"template":"","format":"standard","meta":[],"categories":[7],"tags":[277,44,520],"_links":{"self":[{"href":"https:\/\/www.infokuryr.cz\/n\/wp-json\/wp\/v2\/posts\/3359"}],"collection":[{"href":"https:\/\/www.infokuryr.cz\/n\/wp-json\/wp\/v2\/posts"}],"about":[{"href":"https:\/\/www.infokuryr.cz\/n\/wp-json\/wp\/v2\/types\/post"}],"author":[{"embeddable":true,"href":"https:\/\/www.infokuryr.cz\/n\/wp-json\/wp\/v2\/users\/2"}],"replies":[{"embeddable":true,"href":"https:\/\/www.infokuryr.cz\/n\/wp-json\/wp\/v2\/comments?post=3359"}],"version-history":[{"count":0,"href":"https:\/\/www.infokuryr.cz\/n\/wp-json\/wp\/v2\/posts\/3359\/revisions"}],"wp:featuredmedia":[{"embeddable":true,"href":"https:\/\/www.infokuryr.cz\/n\/wp-json\/wp\/v2\/media\/3360"}],"wp:attachment":[{"href":"https:\/\/www.infokuryr.cz\/n\/wp-json\/wp\/v2\/media?parent=3359"}],"wp:term":[{"taxonomy":"category","embeddable":true,"href":"https:\/\/www.infokuryr.cz\/n\/wp-json\/wp\/v2\/categories?post=3359"},{"taxonomy":"post_tag","embeddable":true,"href":"https:\/\/www.infokuryr.cz\/n\/wp-json\/wp\/v2\/tags?post=3359"}],"curies":[{"name":"wp","href":"https:\/\/api.w.org\/{rel}","templated":true}]}}