{"id":3356,"date":"2021-07-16T03:42:02","date_gmt":"2021-07-16T01:42:02","guid":{"rendered":"http:\/\/www.infokuryr.cz\/n\/?p=3356"},"modified":"2021-07-16T03:42:02","modified_gmt":"2021-07-16T01:42:02","slug":"nestesti-jmenem-ceska-televize-medialni-expert-stepanek-poukazal-na-manipulacni-techniky-ct","status":"publish","type":"post","link":"https:\/\/www.infokuryr.cz\/n\/2021\/07\/16\/nestesti-jmenem-ceska-televize-medialni-expert-stepanek-poukazal-na-manipulacni-techniky-ct\/","title":{"rendered":"\u201eNe\u0161t\u011bst\u00ed jm\u00e9nem \u010cesk\u00e1 televize.\u201c Medi\u00e1ln\u00ed expert \u0160t\u011bp\u00e1nek pouk\u00e1zal na manipula\u010dn\u00ed techniky \u010cT"},"content":{"rendered":"<div id=\"fb-root\"><\/div>\n<p><strong>Medi\u00e1ln\u00ed expert a jedna z \u010deln\u00edch tv\u00e1\u0159\u00ed hnut\u00ed Trikol\u00f3ra Petr \u0160t\u011bp\u00e1nek poodhalil manipulativn\u00ed techniky \u010cesk\u00e9 televize. Jde pr\u00fd o to ud\u011blat z jedn\u011bch \u201ekazisv\u011bty\u201c, zat\u00edmco druz\u00ed \u201eto s n\u00e1mi mysl\u00ed dob\u0159e\u201c. V pr\u00e1ci \u010cesk\u00e9 televize je nutn\u00e1 zm\u011bna, dod\u00e1v\u00e1.<\/strong><\/p>\n<p>\u0160t\u011bp\u00e1nek na sv\u00fdch soci\u00e1ln\u00edch s\u00edt\u00edch vypr\u00e1v\u00ed p\u0159\u00edb\u011bh t\u00fdkaj\u00edc\u00ed se jeho a jedn\u00e9 z jeho zn\u00e1m\u00fdch, kter\u00e1 ho \u00fadajn\u011b kritizuje za jeho soustavnou kritiku \u010cesk\u00e9\u00a0televize. Ona pr\u00fd jej\u00ed pr\u00e1ci pova\u017euje za profesion\u00e1ln\u00ed.<\/p>\n<p>Medi\u00e1ln\u00ed expert zde doch\u00e1z\u00ed k z\u00e1v\u011bru, \u017ee jeho zn\u00e1m\u00e1 konzumuje pouze\u00a0<strong>mainstreamov\u00e1 masov\u00e1 m\u00e9dia<\/strong>\u00a0vyobrazuj\u00edc\u00ed sv\u011bt ne v jeho pestrosti, n\u00fdbr\u017e pouze jedn\u00edm p\u0159\u00edpustn\u00fdm sm\u011brem. On, na rozd\u00edl od n\u00ed, z\u00edsk\u00e1v\u00e1 informace z mnohem v\u00edce zdroj\u016f.<\/p>\n<p>\u201e<em>Ona a j\u00ed podobn\u00ed prost\u011b nemohou v\u011bd\u011bt, \u017ee na spoustu v\u011bc\u00ed existuj\u00ed tak\u00e9 odli\u0161n\u00e9 pohledy a \u017ee ten jedin\u00fd n\u00e1zorov\u00fd proud, kter\u00fd \u010cesk\u00e1 televize ve sv\u00e9m zpravodajstv\u00ed a publicistice dlouhodob\u011b up\u0159ednost\u0148uje, je mnohdy zcela zav\u00e1d\u011bj\u00edc\u00ed, ba p\u0159\u00edmo manipulativn\u00ed<\/em>,\u201c napsal a dodal: \u201e<em>Metody, jak se to d\u011bl\u00e1, jsou vlastn\u011b docela jednoduch\u00e9. Tady je n\u011bkolik p\u0159\u00edklad\u016f. N\u011b\u010demu se nen\u00e1padn\u011b p\u0159id\u00e1 plusov\u00e9 znam\u00e9nko, n\u011b\u010demu z\u00e1porn\u00e9. N\u011bkoho p\u0159ed kameru zvete, n\u011bkoho ne. A kdy\u017e to d\u011bl\u00e1te dlouhodob\u011b, ve\u0159ejnost to pochopiteln\u011b ovlivn\u00ed.<\/em>\u201c<\/p>\n<p>\u0160t\u011bp\u00e1nek n\u00e1sledn\u011b p\u0159in\u00e1\u0161\u00ed n\u011bkolik p\u0159\u00edklad\u016f toho, \u201ejak se to d\u011bl\u00e1\u201c. Prvn\u00ed p\u0159\u00edkladem je medi\u00e1ln\u00ed vyt\u011b\u017eov\u00e1n\u00ed jen vybran\u00fdch politik\u016f se \u201espr\u00e1vn\u00fdm\u201c n\u00e1zorem. Zde pro\u00a0n\u00e1zornost\u00a0uv\u00e1d\u00ed p\u0159edsedkyni TOP 09 Mark\u00e9tu Pekarovou Adamovou.<\/p>\n<p>\u201eTo, jak\u00fdm zp\u016fsobem \u010cesk\u00e1 televize dlouhodob\u011b prote\u017euje tuhle poslankyni a tuhle skom\u00edraj\u00edc\u00ed politickou strani\u010dku, je doslova donebevolaj\u00edc\u00ed nestydatost. Nen\u00ed dne, aby Pekarov\u00e1 z obrazovky ve\u0159ejnopr\u00e1vn\u00ed televize n\u011bco nekomentovala. P\u0159\u00ed\u0161ern\u00e1 manipulace!\u201c mysl\u00ed si medi\u00e1ln\u00ed expert.<\/p>\n<p>V druh\u00e9m p\u0159\u00edpad\u011b Petr \u0160t\u011bp\u00e1nek poukazuje na pr\u00e1ci \u010cesk\u00e9 televize p\u0159i informov\u00e1n\u00ed o americk\u00e9 politick\u00e9 sc\u00e9n\u011b. Na jedn\u00e9 stran\u011b pr\u00fd \u010cT l\u00ed\u010d\u00ed republik\u00e1ny jako probl\u00e9mov\u00e9 a vytv\u00e1\u0159ej\u00edc\u00ed p\u0159ek\u00e1\u017eky, zat\u00edmco destruktivn\u00ed politick\u00e9 chov\u00e1n\u00ed republik\u00e1n\u016f ponech\u00e1v\u00e1 bez pov\u0161imnut\u00ed, \u010di jim nep\u0159isuzuje negativn\u00ed hodnocen\u00ed.<\/p>\n<p>\u201eTo, o\u010d tu b\u011b\u017e\u00ed, je interpretace d\u011bj\u016f. Kdy\u017e to d\u011bl\u00e1te dlouhodob\u011b, pozvolna p\u0159esv\u011bd\u010d\u00edte podstatnou \u010d\u00e1st ve\u0159ejnosti, \u017ee tihle to p\u0159ece mysl\u00ed dob\u0159e, zat\u00edmco ti druz\u00ed jsou kazisv\u011bti. Jde jen o to, komu p\u0159id\u011bl\u00edte jak\u00e9 znam\u00e9nko,\u201c p\u00ed\u0161e medi\u00e1ln\u00ed expert.<\/p>\n<p>T\u0159et\u00ed p\u0159\u00edklad Petr \u0160t\u011bp\u00e1nka: \u201eUd\u00e1losti 14. 7. 2021, Evropsk\u00e1 komise p\u0159ijala klimatick\u00fd \u201eporu\u010d\u00edme v\u011btru, de\u0161ti\u201c bal\u00ed\u010dek. A koho si \u010cT p\u0159izvala k oponentn\u00edmu rozhovoru? N\u011bkoho z dlouhodob\u00fdch, z\u00e1sadov\u00fdch, konzistentn\u00edch kritik\u016f unijn\u00edho klimatick\u00e9ho \u0161\u00edlenstv\u00ed, t\u0159eba p\u0159edsedkyni Trikolory Zuzana Majerovou? Ale kdepak. Hovo\u0159\u00ed Jan Skope\u010dek z ODS. Co\u017e o to, tenhle posledn\u00ed pravicov\u00fd mohyk\u00e1n zfialov\u011bl\u00e9 ODS \u0159\u00edk\u00e1 rozumn\u00e9 v\u011bci. Probl\u00e9m je ale jinde. Jeho domovsk\u00e1 ODS p\u0159ed unijn\u00edm \u0161\u00edlenstv\u00ed nazvan\u00fdm Green Deal d\u00e1vno srazila paty. \u017d\u00e1dnou logiku v t\u00e9hle\u00a0dramaturgii\u00a0nehledejme. Jde pouze o to, komu zpravodajsk\u00e1 redakce fand\u00ed a komu ne. Za na\u0161e pen\u00edze.\u201c<\/p>\n<p><strong>\u201eJe nutn\u00e1 zm\u011bna\u201c<\/strong><\/p>\n<p>Podle jeho n\u00e1zoru je nezbytn\u00e9 ud\u011blat ve fungov\u00e1n\u00ed \u010cesk\u00e9 televize citeln\u00e9 zm\u011bny, aby neslou\u017eila pouze jako medi\u00e1ln\u00ed \u0161t\u00e1b sil, jim\u017e fand\u00ed. Zp\u016fsob financov\u00e1n\u00ed \u010cesk\u00e9 televize formou takzvan\u00fdch koncesion\u00e1\u0159sk\u00fdch poplatk\u016f ozna\u010dil za \u201eplacen\u00ed v\u00fdpaln\u00e9ho\u201c, kter\u00e9 nav\u00edc je\u0161t\u011b nejv\u00edce zat\u011b\u017euje nejchud\u0161\u00ed \u010d\u00e1sti populace.<\/p>\n<p>Za jin\u00e9 mo\u017enosti financov\u00e1n\u00ed fungov\u00e1n\u00ed \u010cesk\u00e9 televize medi\u00e1ln\u00ed expert ozna\u010duje mo\u017enost vlastn\u00ed kapitoly ve st\u00e1tn\u00edm rozpo\u010dtu \u010di formou dobrovolnosti poplatk\u016f. \u201eKomu se tahle jednostrann\u00e1 mas\u00edrka l\u00edb\u00ed, a\u0165 si ji plat\u00ed. Ka\u017ed\u00e9mu jeho nebe! Pokud jsou pravdiv\u00e9 pr\u016fzkumy ve\u0159ejn\u00e9ho m\u00edn\u011bn\u00ed, kter\u00fdmi se veden\u00ed \u010cT oh\u00e1n\u00ed, toti\u017e jak velk\u00e9 procento div\u00e1k\u016f je s vys\u00edl\u00e1n\u00edm \u010cT spokojeno a \u017ee by dokonce r\u00e1di platili v\u00edc, \u017e\u00e1dn\u00e9 vyschnut\u00ed finan\u010dn\u00edch zdroj\u016f p\u0159ece nehroz\u00ed. Ostatn\u011b i BBC, velk\u00fd vzor, se vyd\u00e1v\u00e1 touto cestou,\u201c dodal Petr \u0160t\u011bp\u00e1nek v z\u00e1v\u011bru sv\u00e9ho vyj\u00e1d\u0159en\u00ed na soci\u00e1ln\u00edch s\u00edt\u00edch.<\/p>\n<p><strong>LGBT lobbing \u010cT<\/strong><\/p>\n<p>\u010cesk\u00e1 televize p\u0159ed t\u00fddnem\u00a0<a href=\"https:\/\/cz.sputniknews.com\/20210708\/podleha-duhovemu-lobbingu-ceska-televize-jde-do-spravniho-rizeni-kvuli-propagande-lgbt-15090220.html\">dostala<\/a>\u00a0p\u0159es prsty od Rady pro rozhlasov\u00e9 a televizn\u00ed vys\u00edl\u00e1n\u00ed, a to kv\u016fli jednostrann\u00e9mu informov\u00e1n\u00ed o LGBT.<\/p>\n<p>\u010cesk\u00e9 televizi hroz\u00ed pokuta, napsala na sv\u00fdch str\u00e1nk\u00e1ch Aliance pro rodinu, nebo\u0165 j\u00ed Rada pro rozhlasov\u00e9 a televizn\u00ed vys\u00edl\u00e1n\u00ed dala ji\u017e podruh\u00e9 za pravdu. \u201e<em>Ji\u017e druhou st\u00ed\u017enost Aliance pro rodinu na\u00a0<strong>neobjektivn\u00ed<\/strong>vys\u00edl\u00e1n\u00ed \u010cT o z\u00e1konech, kter\u00e9 projedn\u00e1v\u00e1 Sn\u011bmovna ve v\u011bcech man\u017eelstv\u00ed, vyhodnotila Rada pro rozhlasov\u00e9 a televizn\u00ed vys\u00edl\u00e1n\u00ed jako opr\u00e1vn\u011bnou,<\/em>\u201c\u00a0uvedla\u00a0Aliance.<\/p>\n<p>\u201eNa konci minul\u00e9ho roku n\u00e1m za\u010dali volat lid\u00e9, \u017ee vid\u011bli r\u016fzn\u00e9 po\u0159ady na \u010cT, kde se v\u011bnuj\u00ed homosexu\u00e1ln\u00edmu man\u017eelstv\u00ed a \u017ee tam \u00fapln\u011b chyb\u00ed n\u00e1\u0161 oponentn\u00ed hlas a jestli s t\u00edm nem\u016f\u017eeme n\u011bco ud\u011blat. \u017de pr\u00fd dokonce ve zpr\u00e1v\u00e1ch dali moder\u00e1to\u0159i lidem n\u00e1vod, jak podepsat petici za homosexu\u00e1ln\u00ed man\u017eelstv\u00ed. To n\u00e1s dost p\u0159ekvapilo, proto\u017ee n\u00e1s, jako organiz\u00e1tory petice za \u00fastavn\u00ed ochranu man\u017eelstv\u00ed, kter\u00e1 m\u00e1 v pap\u00edrov\u00e9 podob\u011b p\u0159es sto tis\u00edc podpis\u016f, nikdo nikam nezval,\u201c cituje port\u00e1l Aliance pro rodinu sv\u00e9ho m\u00edstop\u0159edsedu Jana Gregora.<\/p>\n<p>St\u00ed\u017enost byla pod\u00e1na, podle jeho slov z d\u016fvodu ochrany ve\u0159ejnopr\u00e1vn\u00edho\u00a0m\u00e9dia, \u201eaby aktivismus a politick\u00e9 n\u00e1zory n\u011bkter\u00fdch redaktor\u016f neznehodnocovali pr\u00e1ci cel\u00e9 \u010cT a nepodkop\u00e1vali d\u016fv\u011bru nemal\u00e9 \u010d\u00e1sti koncesion\u00e1\u0159\u016f\u201c. \u201e<em>Koncesion\u00e1\u0159\u016f, kte\u0159\u00ed si p\u0159ej\u00ed, aby d\u011btem nikdo nebral pr\u00e1vo na m\u00e1mu a t\u00e1tu a kte\u0159\u00ed ct\u00ed sou\u010dasn\u00fd pr\u00e1vn\u00ed stav \u00fapravy man\u017eelstv\u00ed jako svazku mu\u017ee a \u017eeny. Proto jsme podali ofici\u00e1ln\u00ed st\u00ed\u017enost<\/em>,\u201c dodal Gregor.<\/p>\n<p>Redakto\u0159i \u010cesk\u00e9 televize, jak napsala Aliance pro rodinu, \u201eopakovan\u011b p\u0159eb\u00edraj\u00ed sugestivn\u00ed marketingov\u00e1 hesla LGBTIQ+ aktivist\u016f, nam\u00edsto objektivn\u00edch pojm\u016f\u201c.<\/p>\n<p>P\u0159edsedkyn\u011b Aliance pro rodinu Jana Jochov\u00e1 prohl\u00e1sila, \u017ee organizace je \u201evelmi r\u00e1da\u201c, \u017ee Rada pro rozhlasov\u00e9 a televizn\u00ed vys\u00edl\u00e1n\u00ed uznala st\u00ed\u017enost proti propagand\u011b LGBT na obrazovce \u010cesk\u00e9 televize za opr\u00e1vn\u011bnou. \u201eAle to ne proto, \u017ee bychom cht\u011bli n\u011bjak ubl\u00ed\u017eit ve\u0159ejnopr\u00e1vn\u00ed \u010cT. Ale prost\u011b proto, \u017ee v\u00edme, jak oby\u010dejn\u00fdm lidem vad\u00ed televizn\u00ed \u201eduhov\u00fd n\u00e1tlak\u201c. V\u011b\u0159\u00edme, \u017ee ve\u0159ejnopr\u00e1vn\u00ed m\u00e9dium mus\u00ed z podstaty v\u011bci zachov\u00e1vat objektivitu a pevn\u011b douf\u00e1me, \u017ee to \u010cT a jej\u00ed redakto\u0159i kone\u010dn\u011b pochop\u00ed,\u201d dodala Jana Jochov\u00e1.<\/p>\n<p><a href=\"https:\/\/cz.sputniknews.com\/20210715\/nestesti-jmenem-ceska-televize-medialni-expert-stepanek-poukazal-na-manipulacni-techniky-ct-15156487.html\">ZDROJ<\/a><\/p>\n<p>&nbsp;<\/p>\n","protected":false},"excerpt":{"rendered":"<p>Medi\u00e1ln\u00ed expert a jedna z \u010deln\u00edch tv\u00e1\u0159\u00ed hnut\u00ed Trikol\u00f3ra Petr \u0160t\u011bp\u00e1nek poodhalil manipulativn\u00ed techniky \u010cesk\u00e9&#8230;<\/p>\n","protected":false},"author":2,"featured_media":1886,"comment_status":"closed","ping_status":"closed","sticky":false,"template":"","format":"standard","meta":[],"categories":[6],"tags":[47,28,71,158],"_links":{"self":[{"href":"https:\/\/www.infokuryr.cz\/n\/wp-json\/wp\/v2\/posts\/3356"}],"collection":[{"href":"https:\/\/www.infokuryr.cz\/n\/wp-json\/wp\/v2\/posts"}],"about":[{"href":"https:\/\/www.infokuryr.cz\/n\/wp-json\/wp\/v2\/types\/post"}],"author":[{"embeddable":true,"href":"https:\/\/www.infokuryr.cz\/n\/wp-json\/wp\/v2\/users\/2"}],"replies":[{"embeddable":true,"href":"https:\/\/www.infokuryr.cz\/n\/wp-json\/wp\/v2\/comments?post=3356"}],"version-history":[{"count":0,"href":"https:\/\/www.infokuryr.cz\/n\/wp-json\/wp\/v2\/posts\/3356\/revisions"}],"wp:featuredmedia":[{"embeddable":true,"href":"https:\/\/www.infokuryr.cz\/n\/wp-json\/wp\/v2\/media\/1886"}],"wp:attachment":[{"href":"https:\/\/www.infokuryr.cz\/n\/wp-json\/wp\/v2\/media?parent=3356"}],"wp:term":[{"taxonomy":"category","embeddable":true,"href":"https:\/\/www.infokuryr.cz\/n\/wp-json\/wp\/v2\/categories?post=3356"},{"taxonomy":"post_tag","embeddable":true,"href":"https:\/\/www.infokuryr.cz\/n\/wp-json\/wp\/v2\/tags?post=3356"}],"curies":[{"name":"wp","href":"https:\/\/api.w.org\/{rel}","templated":true}]}}