{"id":33552,"date":"2023-08-05T01:15:54","date_gmt":"2023-08-04T23:15:54","guid":{"rendered":"http:\/\/www.infokuryr.cz\/n\/?p=33552"},"modified":"2023-08-04T17:20:20","modified_gmt":"2023-08-04T15:20:20","slug":"indicky-nejvyssi-soud-pozastavil-odsouzeni-vudce-opozice-za-pomluvu","status":"publish","type":"post","link":"https:\/\/www.infokuryr.cz\/n\/2023\/08\/05\/indicky-nejvyssi-soud-pozastavil-odsouzeni-vudce-opozice-za-pomluvu\/","title":{"rendered":"Indick\u00fd nejvy\u0161\u0161\u00ed soud pozastavil odsouzen\u00ed v\u016fdce opozice za pomluvu"},"content":{"rendered":"<div id=\"fb-root\"><\/div>\n<p><span style=\"font-size: 18pt;\"><strong>\u010clen Kongresov\u00e9 strany Rahul Gandhi byl obnoven jako poslanec, co\u017e mu p\u0159ipravilo cestu k \u00fa\u010dasti v n\u00e1rodn\u00edch volb\u00e1ch v roce 2024<\/strong><\/span><\/p>\n<p><span>Indick\u00fd nejvy\u0161\u0161\u00ed soud v p\u00e1tek zru\u0161il odsouzen\u00ed p\u0159edsedu strany Kongresu R\u00e1hula G\u00e1ndh\u00edho a vr\u00e1til ho do funkce \u010dlena parlamentu.\u00a0Odsouzen\u00ed se t\u00fdkalo pomlouva\u010dn\u00e9 pozn\u00e1mky ohledn\u011b p\u0159\u00edjmen\u00ed \u201eModi\u201c, kter\u00e1 byla pova\u017eov\u00e1na za ur\u00e1\u017eku indick\u00e9ho premi\u00e9ra.<\/span><\/p>\n<p><span>Rozhodnut\u00ed Nejvy\u0161\u0161\u00edho soudu umo\u017en\u00ed G\u00e1ndh\u00edmu napadnout n\u00e1rodn\u00ed volby v zemi p\u0159\u00ed\u0161t\u00ed rok.\u00a0Rozhodnut\u00ed uvedlo, \u017ee p\u016fvodn\u00ed soud v Suratu loni v b\u0159eznu neuvedl \u017e\u00e1dn\u00fd d\u016fvod pro maxim\u00e1ln\u00ed trest odn\u011bt\u00ed svobody v d\u00e9lce dvou let.<\/span><\/p>\n<p><span>P\u0159\u00edpad se t\u00fdkal p\u0159edvolebn\u00edho projevu, kter\u00fd G\u00e1ndh\u00ed pronesl v roce 2019, kdy\u017e se ptal, pro\u010d \u201e\u00a0<\/span><em><span>v\u0161ichni zlod\u011bji maj\u00ed Modi jako [sv\u00e9] spole\u010dn\u00e9 p\u0159\u00edjmen\u00ed<\/span><\/em><span>\u00a0\u201c.\u00a0Po soudn\u00edm procesu byl odsouzen za pomluvu a dostal nejvy\u0161\u0161\u00ed trest.\u00a0P\u0159i\u0161el o m\u00edsto v parlamentu, proto\u017ee politici, kte\u0159\u00ed dostanou trest odn\u011bt\u00ed svobody na dva a v\u00edce let, jsou automaticky diskvalifikov\u00e1ni.\u00a0G\u00e1ndh\u00ed tak\u00e9 nesm\u011bl osm let kandidovat ve volb\u00e1ch.<\/span><\/p>\n<p><span>D\u0159\u00edv\u011bj\u0161\u00ed odvol\u00e1n\u00ed k ni\u017e\u0161\u00edm soud\u016fm a nejvy\u0161\u0161\u00edmu soudu v Modiho domovsk\u00e9m st\u00e1t\u011b Gud\u017ear\u00e1t byla v\u0161echna zam\u00edtnuta, co\u017e p\u0159inutilo v\u016fdce Kongresu podat odvol\u00e1n\u00ed k Nejvy\u0161\u0161\u00edmu soudu.<\/span><\/p>\n<p><span>Rozhodnut\u00ed, ke kter\u00e9mu v p\u00e1tek dosp\u011bla t\u0159\u00ed\u010dlenn\u00e1 lavi\u010dka, p\u0159ich\u00e1z\u00ed jako velk\u00e1 \u00faleva pro ned\u00e1vno vytvo\u0159en\u00fd 26\u010dlenn\u00fd opozi\u010dn\u00ed blok INDIE, kter\u00fd se p\u0159ipravuje na p\u0159evzet\u00ed N\u00e1rodn\u00ed demokratick\u00e9 aliance veden\u00e9 Modim v p\u0159\u00ed\u0161t\u00edch parlamentn\u00edch volb\u00e1ch. \u00a0<\/span><\/p>\n<p><span>&#8220;\u00a0<\/span><em><span>Soudce neuvedl \u017e\u00e1dn\u00fd d\u016fvod pro ulo\u017een\u00ed maxim\u00e1ln\u00edho trestu, odsouzen\u00ed mus\u00ed b\u00fdt pozastaveno do kone\u010dn\u00e9ho rozsudku,<\/span><\/em><span>\u00a0&#8220; uvedli soudci.\u00a0Nejvy\u0161\u0161\u00ed soud v\u0161ak poznamenal, \u017ee G\u00e1ndh\u00edho pozn\u00e1mka nebyla \u201ev dobr\u00e9m vkusu\u201c a \u017ee se od osoby ve ve\u0159ejn\u00e9m \u017eivot\u011b o\u010dek\u00e1valo \u201ezdr\u017eenlivost a opatrnost\u201c p\u0159i ve\u0159ejn\u00fdch projevech.\u00a0<\/span><\/p>\n<p><span>G\u00e1ndh\u00ed st\u00e1l nad pozn\u00e1mkou ve sv\u00e9m \u010destn\u00e9m prohl\u00e1\u0161en\u00ed Nejvy\u0161\u0161\u00edho soudu a odm\u00edtl se omluvit.\u00a0Prosil o setrv\u00e1n\u00ed na sv\u00e9m odsouzen\u00ed a tvrdil, \u017ee nen\u00ed vinen.<\/span><\/p>\n<p><span>\u201eNavrhovatel tvrd\u00ed a v\u017edy tvrdil, \u017ee nen\u00ed vinen z trestn\u00e9ho \u010dinu a \u017ee odsouzen\u00ed je neudr\u017eiteln\u00e9, a pokud by se m\u011bl omluvit a trestn\u00fd \u010din zn\u00e1sobit, ud\u011blal by to mnohem d\u0159\u00edve,\u201c st\u00e1lo v \u010destn\u00e9m prohl\u00e1\u0161en\u00ed.<\/span><\/p>\n<p><span>Soudce Gavai vzal v \u00favahu, \u017ee G\u00e1ndh\u00edho volebn\u00ed obvod Wayanad v Kerale byl v sou\u010dasn\u00e9 dob\u011b nezastoupen kv\u016fli p\u0159esv\u011bd\u010den\u00ed a pr\u00e1va voli\u010d\u016f byla ovlivn\u011bna.\u00a0\u017d\u00e1dal tak\u00e9 vysv\u011btlen\u00ed od soudce prvn\u00edho soudu, \u017ee v kauze ulo\u017eil maxim\u00e1ln\u00ed trest dvou let.<\/span><\/p>\n<p><img decoding=\"async\" loading=\"lazy\" class=\"alignnone size-full wp-image-1185\" src=\"http:\/\/www.infokuryr.cz\/n\/wp-content\/uploads\/2021\/04\/kuryr-podpis.png\" alt=\"\" width=\"84\" height=\"24\" \/><\/p>\n<p>&nbsp;<\/p>\n<p><a href=\"https:\/\/stranapro.cz\/\"><img decoding=\"async\" loading=\"lazy\" class=\"wp-image-30218 aligncenter\" src=\"http:\/\/www.infokuryr.cz\/n\/wp-content\/uploads\/2023\/06\/PRO-banner-300x36.png\" alt=\"\" width=\"1367\" height=\"164\" srcset=\"https:\/\/www.infokuryr.cz\/n\/wp-content\/uploads\/2023\/06\/PRO-banner-300x36.png 300w, https:\/\/www.infokuryr.cz\/n\/wp-content\/uploads\/2023\/06\/PRO-banner-768x93.png 768w, https:\/\/www.infokuryr.cz\/n\/wp-content\/uploads\/2023\/06\/PRO-banner.png 849w\" sizes=\"(max-width: 1367px) 100vw, 1367px\" \/><\/a><\/p>\n<p>&nbsp;<\/p>\n<p>&nbsp;<\/p>\n<p>&nbsp;<\/p>\n","protected":false},"excerpt":{"rendered":"<p>\u010clen Kongresov\u00e9 strany Rahul Gandhi byl obnoven jako poslanec, co\u017e mu p\u0159ipravilo cestu k \u00fa\u010dasti&#8230;<\/p>\n","protected":false},"author":2,"featured_media":33553,"comment_status":"closed","ping_status":"closed","sticky":false,"template":"","format":"standard","meta":[],"categories":[7],"tags":[79,441,520,324],"_links":{"self":[{"href":"https:\/\/www.infokuryr.cz\/n\/wp-json\/wp\/v2\/posts\/33552"}],"collection":[{"href":"https:\/\/www.infokuryr.cz\/n\/wp-json\/wp\/v2\/posts"}],"about":[{"href":"https:\/\/www.infokuryr.cz\/n\/wp-json\/wp\/v2\/types\/post"}],"author":[{"embeddable":true,"href":"https:\/\/www.infokuryr.cz\/n\/wp-json\/wp\/v2\/users\/2"}],"replies":[{"embeddable":true,"href":"https:\/\/www.infokuryr.cz\/n\/wp-json\/wp\/v2\/comments?post=33552"}],"version-history":[{"count":0,"href":"https:\/\/www.infokuryr.cz\/n\/wp-json\/wp\/v2\/posts\/33552\/revisions"}],"wp:featuredmedia":[{"embeddable":true,"href":"https:\/\/www.infokuryr.cz\/n\/wp-json\/wp\/v2\/media\/33553"}],"wp:attachment":[{"href":"https:\/\/www.infokuryr.cz\/n\/wp-json\/wp\/v2\/media?parent=33552"}],"wp:term":[{"taxonomy":"category","embeddable":true,"href":"https:\/\/www.infokuryr.cz\/n\/wp-json\/wp\/v2\/categories?post=33552"},{"taxonomy":"post_tag","embeddable":true,"href":"https:\/\/www.infokuryr.cz\/n\/wp-json\/wp\/v2\/tags?post=33552"}],"curies":[{"name":"wp","href":"https:\/\/api.w.org\/{rel}","templated":true}]}}