{"id":3351,"date":"2021-07-16T03:26:05","date_gmt":"2021-07-16T01:26:05","guid":{"rendered":"http:\/\/www.infokuryr.cz\/n\/?p=3351"},"modified":"2021-07-16T03:26:05","modified_gmt":"2021-07-16T01:26:05","slug":"babis-se-pripravuje-na-deltu","status":"publish","type":"post","link":"https:\/\/www.infokuryr.cz\/n\/2021\/07\/16\/babis-se-pripravuje-na-deltu\/","title":{"rendered":"Babi\u0161 se p\u0159ipravuje na deltu"},"content":{"rendered":"<div id=\"fb-root\"><\/div>\n<p>M\u00e9dia Andreje Babi\u0161e pat\u0159\u00ed k\u00a0nejv\u011bt\u0161\u00edm podporovatel\u016fm Glob\u00e1ln\u00ed v\u00e1lky proti covidu-19. Ve schopnosti \u0161\u00ed\u0159it strach a\u00a0paniku konkuruj\u00ed dokonce i\u00a0\u010cesk\u00e9 televizi a\u00a0\u010cesk\u00e9mu rozhlasu. Mo\u017en\u00e1 jsou ob\u010das \u201eneliber\u00e1ln\u00ed\u201c\u00a0ve sv\u00fdch postoj\u00edch k\u00a0Ma\u010farsku, \u010c\u00edn\u011b a\u00a0Rusku, ale rozhodn\u011b ne ke covidu. Lidov\u00e9 noviny vyz\u00fdvaj\u00ed k\u00a0povinn\u00e9mu o\u010dkov\u00e1n\u00ed a\u00a0MF Dnes \u010dasto p\u0159ipravuje ve\u0159ejnost na dal\u0161\u00ed restrikce t\u00edm, \u017ee je zve\u0159ej\u0148uje dop\u0159edu. MFD byla tak\u00e9 velk\u00fdm zast\u00e1ncem brexitu, nelze v\u0161ak o\u010dek\u00e1vat, \u017ee se bude stav\u011bt na stranu Velk\u00e9 Brit\u00e1nie, pokud jde o\u00a0uvoln\u011bn\u00ed proticovidov\u00fdch opat\u0159en\u00ed. M\u00edsto toho podpo\u0159\u00ed Babi\u0161e v\u00a0jeho zp\u0159\u00eds\u0148ov\u00e1n\u00ed pravidel p\u0159ed parlamentn\u00edmi volbami. Bude obt\u00ed\u017en\u011bj\u0161\u00ed cestovat, zru\u0161\u00ed se bezplatn\u00e9 testov\u00e1n\u00ed, zv\u00fd\u0161\u00ed se po\u010det zdravotn\u00edch kontrol delikvent\u016f a\u00a0podnikatelsk\u00e9 prost\u0159ed\u00ed se pod t\u00edhou omezen\u00ed je\u0161t\u011b v\u00edce zkonsoliduje. Babi\u0161 nem\u00e1 moc co ztratit. Sv\u011btov\u00e1 m\u00e9dia budou d\u00e1l h\u00fd\u0159it deltou a\u00a0v\u011bt\u0161ina \u010cech\u016f uv\u00edt\u00e1 pevnou ruku. Babi\u0161 bude m\u00edt kryt\u00e1 z\u00e1da, pokud na podzim skute\u010dn\u011b p\u0159ijde nov\u00e1 vlna, jak\u00a0<a href=\"https:\/\/www.seznamzpravy.cz\/clanek\/od-cervence-budou-venkovni-koncerty-pro-pet-tisic-lidi-oznamil-dnes-babis-167175\" target=\"_blank\" rel=\"noopener\">p\u0159edpokl\u00e1d\u00e1<\/a>.<\/p>\n<p><a href=\"https:\/\/www.fsfinalword.cz\/?page=archive&amp;day=2021-07-15&amp;utm_source=utm_source%3Dnewsletter&amp;utm_medium=utm_medium%3Demail&amp;utm_campaign=utm_campaign%3Dfinal_word_15.7.2021\">Erik Best<\/a><\/p>\n<p><img decoding=\"async\" loading=\"lazy\" class=\"alignnone  wp-image-1179\" src=\"http:\/\/www.infokuryr.cz\/n\/wp-content\/uploads\/2021\/04\/erik-best.jpg\" alt=\"\" width=\"135\" height=\"152\" \/><\/p>\n<p>&nbsp;<\/p>\n","protected":false},"excerpt":{"rendered":"<p>M\u00e9dia Andreje Babi\u0161e pat\u0159\u00ed k\u00a0nejv\u011bt\u0161\u00edm podporovatel\u016fm Glob\u00e1ln\u00ed v\u00e1lky proti covidu-19. Ve schopnosti \u0161\u00ed\u0159it strach a\u00a0paniku&#8230;<\/p>\n","protected":false},"author":2,"featured_media":363,"comment_status":"closed","ping_status":"closed","sticky":false,"template":"","format":"standard","meta":[],"categories":[6],"tags":[126,23,158,213],"_links":{"self":[{"href":"https:\/\/www.infokuryr.cz\/n\/wp-json\/wp\/v2\/posts\/3351"}],"collection":[{"href":"https:\/\/www.infokuryr.cz\/n\/wp-json\/wp\/v2\/posts"}],"about":[{"href":"https:\/\/www.infokuryr.cz\/n\/wp-json\/wp\/v2\/types\/post"}],"author":[{"embeddable":true,"href":"https:\/\/www.infokuryr.cz\/n\/wp-json\/wp\/v2\/users\/2"}],"replies":[{"embeddable":true,"href":"https:\/\/www.infokuryr.cz\/n\/wp-json\/wp\/v2\/comments?post=3351"}],"version-history":[{"count":0,"href":"https:\/\/www.infokuryr.cz\/n\/wp-json\/wp\/v2\/posts\/3351\/revisions"}],"wp:featuredmedia":[{"embeddable":true,"href":"https:\/\/www.infokuryr.cz\/n\/wp-json\/wp\/v2\/media\/363"}],"wp:attachment":[{"href":"https:\/\/www.infokuryr.cz\/n\/wp-json\/wp\/v2\/media?parent=3351"}],"wp:term":[{"taxonomy":"category","embeddable":true,"href":"https:\/\/www.infokuryr.cz\/n\/wp-json\/wp\/v2\/categories?post=3351"},{"taxonomy":"post_tag","embeddable":true,"href":"https:\/\/www.infokuryr.cz\/n\/wp-json\/wp\/v2\/tags?post=3351"}],"curies":[{"name":"wp","href":"https:\/\/api.w.org\/{rel}","templated":true}]}}