{"id":33490,"date":"2023-08-04T01:12:39","date_gmt":"2023-08-03T23:12:39","guid":{"rendered":"http:\/\/www.infokuryr.cz\/n\/?p=33490"},"modified":"2023-08-03T18:54:29","modified_gmt":"2023-08-03T16:54:29","slug":"jiri-paroubek-fresh-horrors-na-hlavu-vlady","status":"publish","type":"post","link":"https:\/\/www.infokuryr.cz\/n\/2023\/08\/04\/jiri-paroubek-fresh-horrors-na-hlavu-vlady\/","title":{"rendered":"Ji\u0159\u00ed Paroubek: Fresh horrors na hlavu vl\u00e1dy"},"content":{"rendered":"<div id=\"fb-root\"><\/div>\n<p><strong>Vl\u00e1da za\u017e\u00edv\u00e1 v posledn\u00edm t\u00fddnu prakticky ka\u017ed\u00fd den p\u0159\u00edsun \u010derstv\u00e9 hr\u016fzy (fresh horror). Lid\u00e9, kte\u0159\u00ed jsou bl\u00edzko vl\u00e1d\u011b anebo cel\u00e9 vl\u00e1dn\u00ed formaci, v\u010detn\u011b prezidenta, prakticky ka\u017edodenn\u011b z\u00e1sobuj\u00ed jim jinak naklon\u011bn\u00e1 \u010desk\u00e1 m\u00e9dia v\u011bt\u0161\u00edmi nebo men\u0161\u00edmi skand\u00e1ln\u00edmi ud\u00e1lostmi.<\/strong><\/p>\n<p>A tak jsme se v posledn\u00edch dnech dozv\u011bd\u011bli, \u017ee ministr zahrani\u010d\u00ed Lipavsk\u00fd podle v\u0161eho sprost\u011b l\u017ee, kdy\u017e tvrd\u00ed, \u017ee obsazov\u00e1n\u00ed pracovn\u00edch m\u00edst na ambas\u00e1d\u00e1ch prob\u00edh\u00e1, jak by m\u011blo, tedy na z\u00e1klad\u011b v\u00fdb\u011brov\u00fdch \u0159\u00edzen\u00ed.<\/p>\n<p>Pan ministr by m\u011bl zve\u0159ejnit person\u00e1ln\u00ed audit b\u00fdval\u00e9ho pracovn\u00edka ministerstva zahrani\u010d\u00ed, kter\u00fd z\u00a0tohoto \u00fa\u0159adu pot\u00e9, co p\u0159edlo\u017eil zm\u00edn\u011bn\u00fd audit veden\u00ed, vylet\u011bl jako Sputnik. Prost\u011b pan ministr se zbavil nepohodln\u00e9ho kritika, kter\u00fd mu nastavil zrcadlo. Dokud nebude zve\u0159ejn\u011bn cel\u00fd tento audit, m\u016f\u017ee ka\u017ed\u00fd sm\u011ble tvrdit, \u017ee obsazov\u00e1n\u00ed zaj\u00edmav\u00fdch m\u00edst na ambas\u00e1d\u00e1ch prob\u00edh\u00e1 syst\u00e9mem \u201ej\u00e1 na br\u00e1chu, br\u00e1cha na m\u011b\u201c.<\/p>\n<p>P\u0159\u00edklad &#8222;skv\u011bl\u00e9&#8220; person\u00e1ln\u00ed pr\u00e1ce p\u0159edvedli Pir\u00e1ti tak\u00e9 na ministerstvu vnitra (MV), kde jimi nominovan\u00fd, opravdu poda\u0159en\u00fd politick\u00fd n\u00e1m\u011bstek Kol\u00e1\u0159\u00edk, podle v\u0161eho v\u00a0n\u00e1valu alkoholov\u00e9ho (a mo\u017en\u00e1 \u017ee i jin\u00e9ho) opojen\u00ed, str\u00e1vil bujarou \u010d\u00e1st noci v\u00a0jednom apartm\u00e1 se svou man\u017eelkou a tak\u00e9 se svou pod\u0159\u00edzenou, podle jej\u00edho vyj\u00e1d\u0159en\u00ed milenkou pana n\u00e1m\u011bstka. Podle vyj\u00e1d\u0159en\u00ed doty\u010dn\u00e9 pracovnice MV j\u00ed pan n\u00e1m\u011bstek po z\u0159ejm\u011b nepoda\u0159en\u00e9 konfrontaci t\u00e9to d\u00e1my se z\u00e1konitou man\u017eelkou, pot\u00e9 co milenku s man\u017eelem p\u0159istihla in flagranti, skopal. A to byl pravd\u011bpodobn\u011b vrcholn\u00fd kousek ve\u010dera v za\u0159\u00edzen\u00ed MV na Spiritce, kde podle v\u0161eho pan n\u00e1m\u011bstek, z\u0159ejm\u011b i dal\u0161\u00ed \u0161pi\u010dky MV a jin\u00ed vyvolen\u00ed chlastali za st\u00e1tn\u00ed pen\u00edze a dr\u017eeli se p\u0159itom kolem krku. Pir\u00e1ti a ministr Raku\u0161an maj\u00ed te\u010f jist\u011b nep\u011bkn\u00e9 starosti s\u00a0t\u00edm, co jim to ten Kol\u00e1\u0159\u00edk natropil.<\/p>\n<p>A aby toho nebylo m\u00e1lo, tak mezi probl\u00e9mov\u00e9 vl\u00e1dn\u00ed politiky se v\u00a0tomto t\u00fddnu za\u0159adila tak\u00e9 prim\u00e1torka Brna Va\u0148kov\u00e1. Pan\u00ed prim\u00e1torce jsou podle v\u0161eho drogy bli\u017e\u0161\u00ed ne\u017eli by bylo zdr\u00e1vo. Na zve\u0159ejn\u011bn\u00e9 fotografii je pan\u00ed prim\u00e1torka zv\u011b\u010dn\u011bna s\u00a0jak\u00fdmsi b\u00edl\u00fdm pr\u00e1\u0161kem, co\u017e jist\u011b nebude cukr. Asi by bylo dobr\u00e9, kdyby pan\u00ed prim\u00e1torka podstoupila test na drogy a to nejl\u00e9pe test metodou sekven\u010dn\u00ed anal\u00fdzy, kter\u00e1 umo\u017e\u0148uje odhalit dlouhodob\u00e9 u\u017e\u00edv\u00e1n\u00ed drog.<\/p>\n<p>Ve\u0159ejn\u00ed \u010dinitel\u00e9 by nem\u011bli vykon\u00e1vat sv\u00e9 funkce ani pod vlivem alkoholu a u\u017e v\u016fbec ne pod vlivem drog. A pokud pan\u00ed prim\u00e1torka p\u0159esv\u011bd\u010div\u011b nevysv\u011btl\u00ed celou z\u00e1le\u017eitost, bude prost\u011b dal\u0161\u00edm z otev\u0159en\u00fdch v\u0159ed\u016f na t\u011ble Ob\u010dansk\u00e9 demokratick\u00e9 strany. A d\u0159\u00edve nebo pozd\u011bji \u017ee sv\u00e9 funkce s ostudou odejde&#8230;<\/p>\n<p>A to byly p\u0159\u00edpady jen za posledn\u00ed t\u00fdden, kter\u00e9 dokumentuj\u00ed \u00faplnou prohnilost vl\u00e1dn\u00ed koalice a jej\u00edch lid\u00ed ve vysok\u00fdch politick\u00fdch funkc\u00edch.<\/p>\n<p>Je ov\u0161em pot\u0159eba zm\u00ednit tak\u00e9 pana prezidenta a jeho snahu vyhov\u011bt sv\u00fdm sponzor\u016fm. Tedy cel\u00e9 vlivov\u00e9 skupin\u011b hoch\u016f, kte\u0159\u00ed spolu mluv\u00ed a kte\u0159\u00ed ovl\u00e1daj\u00ed \u201eDen\u00edk N\u201c. Den\u00edk N dne\u0161n\u00edmu prezidentovi dlouho p\u0159ed volebn\u00ed kampan\u00ed vytv\u00e1\u0159el skv\u011blou image. Je pot\u0159eba tak\u00e9 \u0159\u00edci, \u017ee prezident Pavel byl p\u0159ed p\u00e1r lety je\u0161t\u011b \u010dlenem redak\u010dn\u00ed rady Den\u00edku N. P\u00e1nov\u00e9, kte\u0159\u00ed ovl\u00e1daj\u00ed p\u0159es nadaci Den\u00edk N, sed\u00ed v jej\u00ed spr\u00e1vn\u00ed rad\u011b, pat\u0159ili ke sponzor\u016fm volebn\u00ed kampan\u011b prezidenta Pavla. Ve spr\u00e1vn\u00ed rad\u011b t\u00e9to nadace pak sed\u00ed s\u00a0pr\u00e1vni\u010dkou Ronovskou, kterou nyn\u00ed pan prezident navrhl ke jmenov\u00e1n\u00ed za \u00fastavn\u00edho soudce.<\/p>\n<p>Je to p\u0159\u00edpad nesl\u00fdchan\u00e9ho nepotismu a nepokryt\u00e9ho klientelismu, tak p\u0159\u00edzna\u010dn\u00e9ho pro vl\u00e1dn\u00ed koalici, jej\u00ed\u017e \u00fakoly pan prezident tak r\u00e1d beze zbytku pln\u00ed.<\/p>\n<p><a href=\"https:\/\/vasevec.info\/komentare\/fresh-horrors-na-hlavu-vlady\">Ji\u0159\u00ed Paroubek<\/a><\/p>\n<p><img decoding=\"async\" loading=\"lazy\" class=\"alignnone size-medium wp-image-2342\" src=\"http:\/\/www.infokuryr.cz\/n\/wp-content\/uploads\/2021\/06\/paroubek-300x208.jpg\" alt=\"\" width=\"300\" height=\"208\" srcset=\"https:\/\/www.infokuryr.cz\/n\/wp-content\/uploads\/2021\/06\/paroubek-300x208.jpg 300w, https:\/\/www.infokuryr.cz\/n\/wp-content\/uploads\/2021\/06\/paroubek.jpg 318w\" sizes=\"(max-width: 300px) 100vw, 300px\" \/><\/p>\n<p>&nbsp;<\/p>\n<p>&nbsp;<\/p>\n<p><a href=\"https:\/\/stranapro.cz\/\"><img decoding=\"async\" loading=\"lazy\" class=\"wp-image-30218 aligncenter\" src=\"http:\/\/www.infokuryr.cz\/n\/wp-content\/uploads\/2023\/06\/PRO-banner-300x36.png\" alt=\"\" width=\"1358\" height=\"163\" srcset=\"https:\/\/www.infokuryr.cz\/n\/wp-content\/uploads\/2023\/06\/PRO-banner-300x36.png 300w, https:\/\/www.infokuryr.cz\/n\/wp-content\/uploads\/2023\/06\/PRO-banner-768x93.png 768w, https:\/\/www.infokuryr.cz\/n\/wp-content\/uploads\/2023\/06\/PRO-banner.png 849w\" sizes=\"(max-width: 1358px) 100vw, 1358px\" \/><\/a><\/p>\n<p>&nbsp;<\/p>\n<p>&nbsp;<\/p>\n<p>&nbsp;<\/p>\n","protected":false},"excerpt":{"rendered":"<p>Vl\u00e1da za\u017e\u00edv\u00e1 v posledn\u00edm t\u00fddnu prakticky ka\u017ed\u00fd den p\u0159\u00edsun \u010derstv\u00e9 hr\u016fzy (fresh horror). Lid\u00e9, kte\u0159\u00ed&#8230;<\/p>\n","protected":false},"author":2,"featured_media":33491,"comment_status":"closed","ping_status":"closed","sticky":false,"template":"","format":"standard","meta":[],"categories":[6],"tags":[29,122,4388,99],"_links":{"self":[{"href":"https:\/\/www.infokuryr.cz\/n\/wp-json\/wp\/v2\/posts\/33490"}],"collection":[{"href":"https:\/\/www.infokuryr.cz\/n\/wp-json\/wp\/v2\/posts"}],"about":[{"href":"https:\/\/www.infokuryr.cz\/n\/wp-json\/wp\/v2\/types\/post"}],"author":[{"embeddable":true,"href":"https:\/\/www.infokuryr.cz\/n\/wp-json\/wp\/v2\/users\/2"}],"replies":[{"embeddable":true,"href":"https:\/\/www.infokuryr.cz\/n\/wp-json\/wp\/v2\/comments?post=33490"}],"version-history":[{"count":1,"href":"https:\/\/www.infokuryr.cz\/n\/wp-json\/wp\/v2\/posts\/33490\/revisions"}],"predecessor-version":[{"id":33492,"href":"https:\/\/www.infokuryr.cz\/n\/wp-json\/wp\/v2\/posts\/33490\/revisions\/33492"}],"wp:featuredmedia":[{"embeddable":true,"href":"https:\/\/www.infokuryr.cz\/n\/wp-json\/wp\/v2\/media\/33491"}],"wp:attachment":[{"href":"https:\/\/www.infokuryr.cz\/n\/wp-json\/wp\/v2\/media?parent=33490"}],"wp:term":[{"taxonomy":"category","embeddable":true,"href":"https:\/\/www.infokuryr.cz\/n\/wp-json\/wp\/v2\/categories?post=33490"},{"taxonomy":"post_tag","embeddable":true,"href":"https:\/\/www.infokuryr.cz\/n\/wp-json\/wp\/v2\/tags?post=33490"}],"curies":[{"name":"wp","href":"https:\/\/api.w.org\/{rel}","templated":true}]}}