{"id":33474,"date":"2023-08-04T01:05:00","date_gmt":"2023-08-03T23:05:00","guid":{"rendered":"http:\/\/www.infokuryr.cz\/n\/?p=33474"},"modified":"2023-08-03T15:31:47","modified_gmt":"2023-08-03T13:31:47","slug":"skupina-americkych-vyrobcu-cipu-nalehave-vyzvala-k-zastaveni-dalsich-omezeni-exportu-do-ciny","status":"publish","type":"post","link":"https:\/\/www.infokuryr.cz\/n\/2023\/08\/04\/skupina-americkych-vyrobcu-cipu-nalehave-vyzvala-k-zastaveni-dalsich-omezeni-exportu-do-ciny\/","title":{"rendered":"Skupina americk\u00fdch v\u00fdrobc\u016f \u010dip\u016f nal\u00e9hav\u011b vyzvala k zastaven\u00ed dal\u0161\u00edch omezen\u00ed exportu do \u010c\u00edny"},"content":{"rendered":"<div id=\"fb-root\"><\/div>\n<p><span data-spm-anchor-id=\"0.0.0.i1\">Skupina americk\u00fdch v\u00fdrobc\u016f \u010dip\u016f nal\u00e9hala v pond\u011bln\u00edm prohl\u00e1\u0161en\u00ed na zastaven\u00ed dal\u0161\u00edch omezen\u00ed v\u00fdvozu polovodi\u010d\u016f do \u010c\u00edny, proto\u017ee Bidenova administrativa \u00fadajn\u011b zva\u017euje dal\u0161\u00ed omezen\u00ed v\u00fdvozu pokro\u010dil\u00fdch \u010dip\u016f do \u010c\u00edny.<\/span><\/p>\n<p>Spojen\u00e9 st\u00e1ty opakovan\u011b ukl\u00e1daly \u201ep\u0159\u00edli\u0161 \u0161irok\u00e1, nejednozna\u010dn\u00e1 a n\u011bkdy jednostrann\u00e1 omezen\u00ed\u201c na export \u010dip\u016f do \u010c\u00edny, kter\u00e1 by mohla podle prohl\u00e1\u0161en\u00ed Asociace polovodi\u010dov\u00e9ho pr\u016fmyslu (SIA) po\u0161kodit americk\u00fd pr\u016fmysl.<\/p>\n<p>V prohl\u00e1\u0161en\u00ed se tak\u00e9 uv\u00e1d\u00ed, \u017ee zp\u0159\u00edsn\u011bn\u00ed pravidel rovn\u011b\u017e ohroz\u00ed dodavatelsk\u00e9 \u0159et\u011bzce a zp\u016fsob\u00ed zna\u010dnou nejistotu na trhu.<\/p>\n<p>SIA reprezentuje 99 procent americk\u00e9ho polovodi\u010dov\u00e9ho pr\u016fmyslu podle p\u0159\u00edjm\u016f a vyzvala americkou vl\u00e1du, aby se zdr\u017eela dal\u0161\u00edch omezen\u00ed.<\/p>\n<p>Vysoc\u00ed \u00fa\u0159edn\u00edci Bidenovy administrativy, v\u010detn\u011b ministra zahrani\u010d\u00ed Antonyho Blinkena, se v pond\u011bl\u00ed setkali s vedouc\u00edmi pracovn\u00edky spole\u010dnost\u00ed Intel, Qualcomm a Nvidia.<\/p>\n<p>Americk\u00fd \u010dipov\u00fd pr\u016fmysl se sna\u017e\u00ed chr\u00e1nit sv\u00e9 zisky v \u010c\u00edn\u011b, proto\u017ee Nvidia, Qualcomm a Intel maj\u00ed kl\u00ed\u010dov\u00e9 prodeje na \u010d\u00ednsk\u00e9m trhu.<\/p>\n<p>V lo\u0148sk\u00e9m roce \u010c\u00edna p\u0159edstavovala n\u00e1kup polovodi\u010d\u016f v hodnot\u011b 180 miliard dolar\u016f, co\u017e je v\u00edce ne\u017e t\u0159etina celosv\u011btov\u00fdch n\u00e1kup\u016f v\u00a0celkov\u00e9 hodnot\u011b 555,9 miliardy dolar\u016f, a byla podle SIA nejv\u011bt\u0161\u00ed jednotliv\u00fd trh na sv\u011bt\u011b.<\/p>\n<p><span data-spm-anchor-id=\"0.0.0.i2\">\u201eV dlouhodob\u00e9m horizontu by omezen\u00ed zakazuj\u00edc\u00ed prodej na\u0161ich grafick\u00fdch procesor\u016f (GPU) pro datov\u00e1 centra do \u010c\u00edny, pokud by byla implementov\u00e1na, m\u011bla za n\u00e1sledek trvalou ztr\u00e1tu p\u0159\u00edle\u017eitost\u00ed pro americk\u00fd pr\u016fmysl konkurovat a zaujmout veden\u00ed na jednom z nejv\u011bt\u0161\u00edch sv\u011btov\u00fdch trh\u016f a m\u011bla by negativn\u00ed dopad na na\u0161e budouc\u00ed obchodn\u00ed a finan\u010dn\u00ed v\u00fdsledky,\u201c uvedla hlavn\u00ed finan\u010dn\u00ed \u0159editelka spole\u010dnosti Nvidia Colette Kressov\u00e1 minul\u00fd m\u011bs\u00edc na konferenci investor\u016f.<\/span><\/p>\n<p>\u0158editel Intelu Pat Gelsinger cestoval minul\u00fd t\u00fdden do \u010c\u00edny, aby ozn\u00e1mil svou nab\u00eddku \u010dip\u016f pro um\u011blou inteligenci (AI) v \u010c\u00edn\u011b.<\/p>\n<p><img decoding=\"async\" loading=\"lazy\" class=\"alignnone size-full wp-image-1185\" src=\"http:\/\/www.infokuryr.cz\/n\/wp-content\/uploads\/2021\/04\/kuryr-podpis.png\" alt=\"\" width=\"84\" height=\"24\" \/><\/p>\n<p>&nbsp;<\/p>\n<p><a href=\"https:\/\/stranapro.cz\/\"><img decoding=\"async\" loading=\"lazy\" class=\"wp-image-30218 aligncenter\" src=\"http:\/\/www.infokuryr.cz\/n\/wp-content\/uploads\/2023\/06\/PRO-banner-300x36.png\" alt=\"\" width=\"1358\" height=\"163\" srcset=\"https:\/\/www.infokuryr.cz\/n\/wp-content\/uploads\/2023\/06\/PRO-banner-300x36.png 300w, https:\/\/www.infokuryr.cz\/n\/wp-content\/uploads\/2023\/06\/PRO-banner-768x93.png 768w, https:\/\/www.infokuryr.cz\/n\/wp-content\/uploads\/2023\/06\/PRO-banner.png 849w\" sizes=\"(max-width: 1358px) 100vw, 1358px\" \/><\/a><\/p>\n<p>&nbsp;<\/p>\n<p>&nbsp;<\/p>\n<p>&nbsp;<\/p>\n","protected":false},"excerpt":{"rendered":"<p>Skupina americk\u00fdch v\u00fdrobc\u016f \u010dip\u016f nal\u00e9hala v pond\u011bln\u00edm prohl\u00e1\u0161en\u00ed na zastaven\u00ed dal\u0161\u00edch omezen\u00ed v\u00fdvozu polovodi\u010d\u016f do&#8230;<\/p>\n","protected":false},"author":2,"featured_media":33475,"comment_status":"closed","ping_status":"closed","sticky":false,"template":"","format":"standard","meta":[],"categories":[7],"tags":[30,341,37],"_links":{"self":[{"href":"https:\/\/www.infokuryr.cz\/n\/wp-json\/wp\/v2\/posts\/33474"}],"collection":[{"href":"https:\/\/www.infokuryr.cz\/n\/wp-json\/wp\/v2\/posts"}],"about":[{"href":"https:\/\/www.infokuryr.cz\/n\/wp-json\/wp\/v2\/types\/post"}],"author":[{"embeddable":true,"href":"https:\/\/www.infokuryr.cz\/n\/wp-json\/wp\/v2\/users\/2"}],"replies":[{"embeddable":true,"href":"https:\/\/www.infokuryr.cz\/n\/wp-json\/wp\/v2\/comments?post=33474"}],"version-history":[{"count":1,"href":"https:\/\/www.infokuryr.cz\/n\/wp-json\/wp\/v2\/posts\/33474\/revisions"}],"predecessor-version":[{"id":33476,"href":"https:\/\/www.infokuryr.cz\/n\/wp-json\/wp\/v2\/posts\/33474\/revisions\/33476"}],"wp:featuredmedia":[{"embeddable":true,"href":"https:\/\/www.infokuryr.cz\/n\/wp-json\/wp\/v2\/media\/33475"}],"wp:attachment":[{"href":"https:\/\/www.infokuryr.cz\/n\/wp-json\/wp\/v2\/media?parent=33474"}],"wp:term":[{"taxonomy":"category","embeddable":true,"href":"https:\/\/www.infokuryr.cz\/n\/wp-json\/wp\/v2\/categories?post=33474"},{"taxonomy":"post_tag","embeddable":true,"href":"https:\/\/www.infokuryr.cz\/n\/wp-json\/wp\/v2\/tags?post=33474"}],"curies":[{"name":"wp","href":"https:\/\/api.w.org\/{rel}","templated":true}]}}