{"id":33417,"date":"2023-08-03T01:13:42","date_gmt":"2023-08-02T23:13:42","guid":{"rendered":"http:\/\/www.infokuryr.cz\/n\/?p=33417"},"modified":"2023-08-02T17:18:43","modified_gmt":"2023-08-02T15:18:43","slug":"vudce-hizballahu-vyzval-k-zabijeni-homosexualu","status":"publish","type":"post","link":"https:\/\/www.infokuryr.cz\/n\/2023\/08\/03\/vudce-hizballahu-vyzval-k-zabijeni-homosexualu\/","title":{"rendered":"V\u016fdce Hizball\u00e1hu vyzval k zab\u00edjen\u00ed homosexu\u00e1l\u016f"},"content":{"rendered":"<div id=\"fb-root\"><\/div>\n<p><strong>V televizn\u00edm projevu v\u016fdce libanonsk\u00e9ho Hizball\u00e1hu odsoudil homosexu\u00e1ln\u00ed vztahy a prohl\u00e1sil, \u017ee \u201eby m\u011bl b\u00fdt zabit i jedin\u00fd homosexu\u00e1l\u201c.\u00a0Projev a slova v\u016fdce libanonsk\u00e9ho hnut\u00ed Hizball\u00e1h Hasana Nasrall\u00e1ha byly br\u00e1ny velmi \u201ev\u00e1\u017en\u011b\u201c.<\/strong><\/p>\n<p>Nasrall\u00e1h promluvil v sobotu 29. \u010dervence u p\u0159\u00edle\u017eitosti ka\u017edoro\u010dn\u00edch oslav A\u0161\u00fary, nejv\u00fdznamn\u011bj\u0161\u00edho \u0161\u00editsk\u00e9ho muslimsk\u00e9ho sv\u00e1tku.\u00a0Uznal homosexu\u00e1ln\u00ed vztahy jako hrozbu pro spole\u010dnost a vyzval vl\u00e1du, \u201ea zejm\u00e9na libanonsk\u00e9 ministerstvo \u0161kolstv\u00ed, aby chr\u00e1nily d\u011bti\u201c.<\/p>\n<p>O p\u00e1r dn\u00ed d\u0159\u00edve se t\u00e9matu \u201eLGBT+ komunita\u201c v\u011bnoval i Hassan Nasrallah.\u00a0Tehdy za\u0161el je\u0161t\u011b d\u00e1le a prohl\u00e1sil, \u017ee podle isl\u00e1msk\u00e9ho pr\u00e1va \u201ehomosexu\u00e1l, i svobodn\u00fd, by m\u011bl b\u00fdt usmrcen\u201c.<\/p>\n<p>V Libanonu od roku 2018 ji\u017e sex osob stejn\u00e9ho pohlav\u00ed nen\u00ed trestn\u00fdm \u010dinem, pokud z\u016fst\u00e1v\u00e1 soukrom\u00fdm aktem.\u00a0V \u010dervnu 2022 po\u017e\u00e1dal ministr vnitra policii, aby zak\u00e1zala akce \u201epropaguj\u00edc\u00ed sexu\u00e1ln\u00ed zvr\u00e1cenosti\u201c.<\/p>\n<p>&nbsp;<\/p>\n<p><iframe loading=\"lazy\" title=\"Hezbollah&#039;s Nasrallah slams same-sex relationships\" width=\"640\" height=\"360\" src=\"https:\/\/www.youtube.com\/embed\/RY2AyLxtSb0?start=3&#038;feature=oembed\" frameborder=\"0\" allow=\"accelerometer; autoplay; clipboard-write; encrypted-media; gyroscope; picture-in-picture; web-share\" allowfullscreen><\/iframe><\/p>\n<p>&nbsp;<\/p>\n<p><a href=\"https:\/\/stranapro.cz\/\"><img decoding=\"async\" loading=\"lazy\" class=\"wp-image-30218 aligncenter\" src=\"http:\/\/www.infokuryr.cz\/n\/wp-content\/uploads\/2023\/06\/PRO-banner-300x36.png\" alt=\"\" width=\"1350\" height=\"162\" srcset=\"https:\/\/www.infokuryr.cz\/n\/wp-content\/uploads\/2023\/06\/PRO-banner-300x36.png 300w, https:\/\/www.infokuryr.cz\/n\/wp-content\/uploads\/2023\/06\/PRO-banner-768x93.png 768w, https:\/\/www.infokuryr.cz\/n\/wp-content\/uploads\/2023\/06\/PRO-banner.png 849w\" sizes=\"(max-width: 1350px) 100vw, 1350px\" \/><\/a><\/p>\n<p>&nbsp;<\/p>\n<p>&nbsp;<\/p>\n<p>&nbsp;<\/p>\n","protected":false},"excerpt":{"rendered":"<p>V televizn\u00edm projevu v\u016fdce libanonsk\u00e9ho Hizball\u00e1hu odsoudil homosexu\u00e1ln\u00ed vztahy a prohl\u00e1sil, \u017ee \u201eby m\u011bl b\u00fdt&#8230;<\/p>\n","protected":false},"author":2,"featured_media":33418,"comment_status":"closed","ping_status":"closed","sticky":false,"template":"","format":"standard","meta":[],"categories":[7],"tags":[2306,241,405,538,934],"_links":{"self":[{"href":"https:\/\/www.infokuryr.cz\/n\/wp-json\/wp\/v2\/posts\/33417"}],"collection":[{"href":"https:\/\/www.infokuryr.cz\/n\/wp-json\/wp\/v2\/posts"}],"about":[{"href":"https:\/\/www.infokuryr.cz\/n\/wp-json\/wp\/v2\/types\/post"}],"author":[{"embeddable":true,"href":"https:\/\/www.infokuryr.cz\/n\/wp-json\/wp\/v2\/users\/2"}],"replies":[{"embeddable":true,"href":"https:\/\/www.infokuryr.cz\/n\/wp-json\/wp\/v2\/comments?post=33417"}],"version-history":[{"count":1,"href":"https:\/\/www.infokuryr.cz\/n\/wp-json\/wp\/v2\/posts\/33417\/revisions"}],"predecessor-version":[{"id":33419,"href":"https:\/\/www.infokuryr.cz\/n\/wp-json\/wp\/v2\/posts\/33417\/revisions\/33419"}],"wp:featuredmedia":[{"embeddable":true,"href":"https:\/\/www.infokuryr.cz\/n\/wp-json\/wp\/v2\/media\/33418"}],"wp:attachment":[{"href":"https:\/\/www.infokuryr.cz\/n\/wp-json\/wp\/v2\/media?parent=33417"}],"wp:term":[{"taxonomy":"category","embeddable":true,"href":"https:\/\/www.infokuryr.cz\/n\/wp-json\/wp\/v2\/categories?post=33417"},{"taxonomy":"post_tag","embeddable":true,"href":"https:\/\/www.infokuryr.cz\/n\/wp-json\/wp\/v2\/tags?post=33417"}],"curies":[{"name":"wp","href":"https:\/\/api.w.org\/{rel}","templated":true}]}}