{"id":33388,"date":"2023-08-02T08:32:22","date_gmt":"2023-08-02T06:32:22","guid":{"rendered":"http:\/\/www.infokuryr.cz\/n\/?p=33388"},"modified":"2023-08-03T02:02:23","modified_gmt":"2023-08-03T00:02:23","slug":"michael-svatos-putinuv-uder-v-africe-1100-americkych-vojaku-obkliceno-na-zakladne-v-nigeru-francouzi-uz-v-noci-prchli-letadly","status":"publish","type":"post","link":"https:\/\/www.infokuryr.cz\/n\/2023\/08\/02\/michael-svatos-putinuv-uder-v-africe-1100-americkych-vojaku-obkliceno-na-zakladne-v-nigeru-francouzi-uz-v-noci-prchli-letadly\/","title":{"rendered":"Michael Svato\u0161: Putin\u016fv \u00fader v Africe! 1100 americk\u00fdch voj\u00e1k\u016f obkl\u00ed\u010deno na z\u00e1kladn\u011b v Nigeru! Francouzi u\u017e v noci prchli letadly!"},"content":{"rendered":"<div id=\"fb-root\"><\/div>\n<p><span style=\"font-size: 18pt;\"><strong>Putin\u016fv \u00fader v Africe! 1100 americk\u00fdch voj\u00e1k\u016f obkl\u00ed\u010deno na z\u00e1kladn\u011b v Nigeru! Francouzi u\u017e v noci prchli letadly! Po Nigeru je na \u0159ad\u011b \u010cad, posledn\u00ed pevnost USA v Severoz\u00e1padn\u00ed Africe. Prigo\u017einova libyjsk\u00e1 arm\u00e1da pr\u00fd u\u017e dokon\u010dila p\u0159\u00edpravy k ta\u017een\u00ed!<\/strong><\/span><\/p>\n<p>Nigersk\u00e1 vojensk\u00e1 chunta, kter\u00e1 p\u0159ed t\u00fddnem svrhla nen\u00e1vid\u011bn\u00e9ho proz\u00e1padn\u00edho prezidenta Mohameda Bazouma izolovala 1100 americk\u00fdch voj\u00e1k\u016f rozm\u00edst\u011bn\u00fdch na tamn\u00ed hlavn\u00ed vojensk\u00e9 z\u00e1kladn\u011b USA v Africe, a <a href=\"https:\/\/www.politico.com\/news\/2023\/07\/31\/biden-administration-unwilling-to-call-niger-coup-a-coup-00109035\">zak\u00e1zala ve\u0161ker\u00e9 lety ze z\u00e1kladny<\/a>! Pro USA je to r\u00e1na.<a href=\"https:\/\/theintercept.com\/2023\/07\/27\/niger-coup-leader-us-military\/\">\u00a0Z\u00e1kladnu postavily<\/a>\u00a0za 100 milion\u016f dolar\u016f\u00a0v roce 2019, a jen jej\u00ed udr\u017eov\u00e1n\u00ed st\u00e1lo Pentagon ro\u010dn\u011b dal\u0161\u00edch 30 milion\u016f. USA v n\u011bkolika posledn\u00edch letech utratily jen za v\u00fdzbroj a v\u00fdcvik nigersk\u00fdch speci\u00e1ln\u00edch jednotek p\u0159es 500 milion\u016f dolar\u016f. Pentagon za velitele t\u011bchto jednotek vybral gener\u00e1la Moussa Salaou Barmou. Gener\u00e1l Barmou byl vycvi\u010den na nechvaln\u011b zn\u00e1m\u00e9 americk\u00e9 vojensk\u00e9 z\u00e1kladn\u011b Fort Benning, a byl vy\u0161kolen na stejn\u011b proslul\u00e9 National Defense University Washington. Gener\u00e1l Barmou se p\u00e1r t\u00fddn\u016f p\u0159ed p\u0159evratem<a href=\"https:\/\/www.dvidshub.net\/image\/7859734\/lt-gen-braga-visits-air-base-101-niger\">\u00a012. \u010dervna na Air Base 101 \u00fa\u010dastnil porady<\/a>\u00a0s gener\u00e1l poru\u010d\u00edkem, velitelem speci\u00e1ln\u00edch sil USA,\u00a0 Jonathanem Braga, viz foto z jedn\u00e1n\u00ed. Gener\u00e1l Barmou po t\u00e9 27. \u010dervence provedl nejprve v \u010dele sv\u00fdch speci\u00e1ln\u00edch Pentagonem vycvi\u010den\u00fdch jednotek zat\u010den\u00ed proz\u00e1padn\u00edho prezidenta Mohameda Bazouma, a pak\u00a0<a href=\"https:\/\/apnews.com\/article\/niger-mutinous-soldiers-attempted-coup-2efab1649bea7d89b14dbc9432f5f819\">vystoupil v televizi a ozn\u00e1mil<\/a>\u00a0proveden\u00ed p\u0159evratu a vytvo\u0159en\u00ed vojensk\u00e9 chunty! USA tak za posledn\u00ed roky\u00a0<a href=\"https:\/\/theintercept.com\/2023\/07\/27\/niger-coup-leader-us-military\/\">vycvi\u010dily velitele a voj\u00e1ky u\u017e \u0161esti st\u00e1tn\u00edch p\u0159evrat\u016f<\/a>\u00a0v Severn\u00ed Africe:\u00a0 Gambie (2014), Guinea (2021), Mauret\u00e1nie (2008) a Niger (2023), Burkina Faso (2022), a Mali (2020). Tak\u00e9 \u010cR a A\u010cR se z na\u0159\u00edzen\u00ed EU\u00a0<a href=\"https:\/\/www.michalapetr.com\/map-1541-wagnerova-soukroma-armada-vcera-vypudila-francouze-ze-stredoafricke-republiky-rusko-prebira-jednu-africkou-zemi-za-druhou-s-udivujici-rychlosti\/\">pod\u00edlela na v\u00fdcviku pu\u010dist\u016f<\/a>, a ti potom v \u010dervnu 2020 provedli p\u0159evrat v Mali, a svrhli tamn\u00ed proz\u00e1padn\u00ed vl\u00e1du! Je tak s podivem, \u017ee \u010desk\u00e1 m\u00e9dia v\u010dera s odkazem na znalce severoafrick\u00e9 problematiky,\u00a0<a href=\"https:\/\/www.seznamzpravy.cz\/clanek\/zahranicni-posledni-basta-zapadu-pada-puc-v-nigeru-ohrozi-evropske-jadro-rika-expert-234906\">tvrdila<\/a>, \u017ee za sou\u010dasn\u00fdmi p\u0159evraty v severn\u00ed Africe stoj\u00ed v\u00fdlu\u010dn\u011b Putin a jeho skupina \u017eoldn\u00e9\u0159sk\u00fdch kucha\u0159\u016f, a \u017ee \u010de\u0161t\u00ed experti na Afriku ani nev\u011bd\u00ed, \u017ee pu\u010distick\u00e9 voj\u00e1ky i gener\u00e1ly vycvi\u010dil Pentagon, EU, a v p\u0159\u00edpad\u011b Mali i A\u010cR!<\/p>\n<p><img decoding=\"async\" loading=\"lazy\" class=\"wp-image-5383 aligncenter\" src=\"https:\/\/www.michalapetr.com\/wp-content\/uploads\/2023\/08\/1000w_q95.jpg\" sizes=\"(max-width: 999px) 100vw, 999px\" srcset=\"https:\/\/www.michalapetr.com\/wp-content\/uploads\/2023\/08\/1000w_q95.jpg 999w, https:\/\/www.michalapetr.com\/wp-content\/uploads\/2023\/08\/1000w_q95-300x200.jpg 300w, https:\/\/www.michalapetr.com\/wp-content\/uploads\/2023\/08\/1000w_q95-768x511.jpg 768w, https:\/\/www.michalapetr.com\/wp-content\/uploads\/2023\/08\/1000w_q95-705x469.jpg 705w, https:\/\/www.michalapetr.com\/wp-content\/uploads\/2023\/08\/1000w_q95-450x300.jpg 450w\" alt=\"\" width=\"816\" height=\"543\" \/><\/p>\n<p>V noci na dne\u0161ek se situace v Nigeru vyost\u0159ila. Macron, kter\u00fd je\u0161t\u011b minul\u00fd t\u00fdden po \u00fatoku demonstrant\u016f m\u00e1vaj\u00edc\u00edch rusk\u00fdmi vlajkami, kte\u0159\u00ed se pokusili vyp\u00e1lit francouzsk\u00e9 velvyslanectv\u00ed, vyhro\u017eoval Nigeru tvrdou odplatou, v noci st\u00e1hnul ocas, a\u00a0<a href=\"https:\/\/www.africanews.com\/2023\/08\/01\/niger-residents-react-to-plan-to-evacuate-french-nationals\/\">Francouzi byli letecky evakuov\u00e1ni ze zem\u011b<\/a>. (<a href=\"https:\/\/t.me\/africaintel\/4558\">Video z evakuace<\/a>.) V n\u00ed z\u016fst\u00e1vaj\u00ed pouze francouz\u0161t\u00ed voj\u00e1ci, kte\u0159\u00ed z\u0159ejm\u011b mus\u00ed st\u0159e\u017eit bezpe\u010dnost dod\u00e1vek z tamn\u00edch uranov\u00fdch dol\u016f, bez kter\u00fdch by se mohly zastavit francouzsk\u00e9 jadern\u00e9 reaktory. Niger, kter\u00fd je jednou z nejchud\u0161\u00edch zem\u00ed sv\u011bta, zachv\u00e1tily protifrancouzsk\u00e9 n\u00e1lady, a chunta ozn\u00e1mila, \u017ee zastav\u00ed dod\u00e1vky uranu do Francie. Nov\u00ed vl\u00e1dci si tak evidentn\u011b hodlaj\u00ed vynutit zv\u00fd\u0161en\u00ed cen, asi aby upokojili rozzu\u0159en\u00e9 chud\u00e9 obyvatele!<\/p>\n<p>V\u010dera se objevily prvn\u00ed zpr\u00e1vy, \u017ee \u010cad, kter\u00e9mu vl\u00e1dne\u00a0<a href=\"https:\/\/www.tygodnikpowszechny.pl\/niger-zamach-stanu-184132\">USA dosazen\u00fd<\/a>\u00a0dikt\u00e1tor\u00a0<a href=\"https:\/\/en.wikipedia.org\/wiki\/Mahamat_D%C3%A9by\">Mahamata D\u00e9by<\/a>, se pokou\u0161\u00ed z n\u011bkolika zem\u00ed sdru\u017een\u00ed ECOWAS vytvo\u0159it koalici, kter\u00e1 by do Nigeru vtrhla, a zavedla tam proz\u00e1padn\u00ed po\u0159\u00e1dek! Pu\u010dist\u00e9, kte\u0159\u00ed vl\u00e1dnou v Burkin\u011b Faso a Mali u\u017e\u00a0<a href=\"https:\/\/www.geo.fr\/geopolitique\/le-burkina-faso-et-le-mali-prets-a-se-battre-aux-cotes-du-niger-face-a-la-menace-intervention-militaire-niamey-putsch-bazoum-215993#photo-4\">vyhl\u00e1sili<\/a>, \u017ee v tomto p\u0159\u00edpad\u011b jejich arm\u00e1dy p\u0159ijdou Nigeru na pomoc! N\u00e1\u010deln\u00edci \u0161t\u00e1b\u016f zem\u00ed ECOWAS se maj\u00ed\u00a0<a href=\"http:\/\/rancetvinfo.fr\/monde\/afrique\/niger\/direct-coup-d-etat-au-niger-l-ambassade-de-france-a-niamey-informe-ses-ressortissants-qu-une-operation-d-evacuation-est-en-cours-de-preparation_5983475.html\">dnes sej\u00edt<\/a>, a projednat podrobnosti chystan\u00e9ho ta\u017een\u00ed! Pu\u010dist\u00e9, kte\u0159\u00ed ovl\u00e1daj\u00ed Guineu,<a href=\"http:\/\/rancetvinfo.fr\/monde\/afrique\/niger\/direct-coup-d-etat-au-niger-l-ambassade-de-france-a-niamey-informe-ses-ressortissants-qu-une-operation-d-evacuation-est-en-cours-de-preparation_5983475.html\">\u00a0ozn\u00e1mili<\/a>, \u017ee nebudou respektovat \u017e\u00e1dn\u00e9 z\u00e1padn\u00ed sankce, kter\u00e9 maj\u00ed b\u00fdt na Niger uvaleny podle pl\u00e1n\u016f Bruselu! Guinea je v tomto p\u0159\u00edpad\u011b kl\u00ed\u010dov\u00e1 zem\u011b, proto\u017ee z jej\u00edch p\u0159\u00edstav\u016f se daj\u00ed z\u00e1sobovat vnitrozem\u0161t\u00ed pu\u010dist\u00e9 v Mali, Burkin\u011b Faso i Nigeru. Druh\u00fd z\u00e1sobovac\u00ed kan\u00e1l vede z Libye p\u0159es pou\u0161\u0165. V Libyi se nav\u00edc ned\u00e1vno\u00a0\u00a0<a href=\"https:\/\/www.tygodnikpowszechny.pl\/niger-zamach-stanu-184132\">usadila<\/a>\u00a0po\u010detn\u00e1 skupina rusk\u00fdch kucha\u0159\u016f, a ti vyzbrojili, vycvi\u010dili, a k vojensk\u00e9mu ta\u017een\u00ed na sesazen\u00ed nepopul\u00e1rn\u00edho \u010dadsk\u00e9ho dikt\u00e1tora p\u0159ipravili po\u010detn\u00e9 jednotky \u010dadsk\u00fdch rebel\u016f. Z kucha\u0159\u016f maj\u00ed proz\u00e1padn\u00ed afri\u010dt\u00ed prezidenti panickou hr\u016fzu.\u00a0<a href=\"https:\/\/www.michalapetr.com\/map-1541-wagnerova-soukroma-armada-vcera-vypudila-francouze-ze-stredoafricke-republiky-rusko-prebira-jednu-africkou-zemi-za-druhou-s-udivujici-rychlosti\/\">Loni v prosinci, kdy\u017e se\u00a0<\/a>\u00a0n\u011bkolik kucha\u0159\u016f n\u00e1hle zjevilo pobl\u00ed\u017e hranice mezi Burkinou Faso a Ghanou. tak vystra\u0161en\u00fd ghansk\u00fd prezident Akufo-Ado ihned telefonoval do Washingtonu, aby ho Ameri\u010dan\u00e9 sp\u011bchali zachr\u00e1nit, proto\u017ee po prosincov\u00e9m vyhn\u00e1n\u00ed Francouz\u016f ze St\u0159edoafrick\u00e9 republiky grupou W\u00e1gnera je dal\u0161\u00ed na \u0159ad\u011b.<\/p>\n<p>Podle francouzsk\u00fdch novin\u00e1\u0159\u016f\u00a0<a href=\"https:\/\/www.publicsenat.fr\/actualites\/international\/niger-cest-pour-ne-pas-gener-une-possible-operation-militaire-exterieure-que-paris-rapatrie-les-francais-sur-place\">je no\u010dn\u00ed leteck\u00e1 evakuace z Nigeru jasn\u00fdm sign\u00e1lem<\/a>, \u017ee Francie uvol\u0148uje cestu zem\u00ed ECOWAS, aby rychle vtrhli do Nigeru, a provedli protipu\u010d!\u00a0N\u011bmecko a It\u00e1lie u\u017e rovn\u011b\u017e p\u0159ipravuj\u00ed evakuaci. Je pr\u00fd z\u0159ejm\u00e9, \u017ee se Guinea, Mali a Burkina Faso v p\u0159\u00edpad\u011b \u00fatoku na Niger postav\u00ed po jeho bok, proto\u017ee by byly dal\u0161\u00ed na \u0159ad\u011b!<\/p>\n<p><a href=\"https:\/\/stranapro.cz\/\"><img decoding=\"async\" loading=\"lazy\" class=\"wp-image-30218 aligncenter\" src=\"http:\/\/www.infokuryr.cz\/n\/wp-content\/uploads\/2023\/06\/PRO-banner-300x36.png\" alt=\"\" width=\"1342\" height=\"161\" srcset=\"https:\/\/www.infokuryr.cz\/n\/wp-content\/uploads\/2023\/06\/PRO-banner-300x36.png 300w, https:\/\/www.infokuryr.cz\/n\/wp-content\/uploads\/2023\/06\/PRO-banner-768x93.png 768w, https:\/\/www.infokuryr.cz\/n\/wp-content\/uploads\/2023\/06\/PRO-banner.png 849w\" sizes=\"(max-width: 1342px) 100vw, 1342px\" \/><\/a><\/p>\n<p>Cel\u00e1 situace kolem Nigeru\u00a0<a href=\"https:\/\/www.epe.es\/es\/opinion\/20230731\/plan-africa-opinion-antonio-papell-90488082\">je d\u016fsledkem nestoudn\u00e9ho drancov\u00e1n\u00ed Afriky a jejich p\u0159\u00edrodn\u00edch zdroj\u016f<\/a>\u00a0v posledn\u00edch letech ze strany EU a USA. Pokud dojde k vojensk\u00e9 eskalaci, kterou s podporou Washingtonu a Bruselu chyst\u00e1 \u010d\u00e1st zem\u00ed ECOWAS,<a href=\"https:\/\/www.epe.es\/es\/opinion\/20230731\/plan-africa-opinion-antonio-papell-90488082\">\u00a0odborn\u00edci varuj\u00ed, \u017ee dojde k prudk\u00e9mu n\u00e1r\u016fstu imigrace Afri\u010dan\u016f do Evropy<\/a>. Niger je chud\u00e1 zem\u011b se zoufal\u00fdm obyvatelstvem. Ani sousedn\u00ed mnohem d\u00edky rop\u011b bohat\u0161\u00ed Nigerie na tom nen\u00ed l\u00e9pe. Nigerijsk\u00fd prezident Bola Tinubu\u00a0<a href=\"https:\/\/t.me\/africaintel\/4555\">v\u010dera ozn\u00e1mil<\/a>, \u017ee okam\u017eit\u011b uvol\u0148uje 200 tis\u00edc tun obil\u00ed ze st\u00e1tn\u00edch rezerv, aby nasytil obyvatelstvo, kter\u00e9 se d\u00edky rostouc\u00edm cen\u00e1m z\u00e1kladn\u00edch potravin za\u010d\u00edn\u00e1 bou\u0159it. Tak\u00e9 zv\u00fd\u0161il minim\u00e1ln\u00ed mzdu a nakoupil 3000 autobus\u016f, aby bojoval s rostouc\u00edmi n\u00e1klady na ve\u0159ejnou dopravu v zemi \u2013 a to je Nig\u00e9rie jedn\u00edm z d\u016fle\u017eit\u00fdch producent\u016f ropy!<\/p>\n<p>Drah\u00e9 energie nyn\u00ed drt\u00ed evropsk\u00fd pr\u016fmysl v\u00fdroby hlin\u00edku, ale pro Rusko je to velk\u00e1 p\u0159\u00edle\u017eitost. Rusko se p\u0159ed p\u00e1r dny na summitu v Petrohrad\u011b<a href=\"https:\/\/www.vedomosti.ru\/business\/articles\/2023\/07\/28\/987513-rusal-mozhet-nigerii\">\u00a0domluvilo s nigerijskou vl\u00e1dou<\/a>\u00a0a jej\u00ed vysok\u00fd z\u00e1stupce\u00a0<span class=\"mw-page-title-main\"><a href=\"https:\/\/en.wikipedia.org\/wiki\/Gabriel_Aduda\">Gabriel Aduda<\/a>\u00a0potvrdil 28. \u010dervence v Petrohrad\u011b, \u017ee Rusko obnov\u00ed v\u00fdrobu hlin\u00edku v Nig\u00e9rii, vybuduje tam p\u0159ehradn\u00ed n\u00e1dr\u017ee, a infrastrukturu na v\u00fdvoz hlin\u00edku p\u0159es Guinejsk\u00e9 p\u0159\u00edstavy! Hlin\u00edk vyroben\u00fd v Nig\u00e9rii bude d\u00edky n\u00edzk\u00fdm cen\u00e1m energi\u00ed podle rusk\u00fdch p\u0159edstavitel\u016f je\u0161t\u011b levn\u011bj\u0161\u00ed ne\u017e hlin\u00edk vyr\u00e1b\u011bn\u00fd v Rusku. Zat\u00edmco\u00a0<a href=\"https:\/\/casopisargument.cz\/?p=49412\">v Evrop\u011b se hromadn\u011b uzav\u00edraj\u00ed tov\u00e1rny na v\u00fdrobu hlin\u00edku<\/a>, proto\u017ee energie pot\u0159ebn\u00e9 k jeho v\u00fdrob\u011b jsou drah\u00e9, v Africe je Rusov\u00e9 buduj\u00ed!\u00a0<\/span><\/p>\n<p><a href=\"https:\/\/www.parlamentnilisty.cz\/arena\/monitor\/Pry-neuspesny-Ale-Putinuv-summit-s-Afrikou-vypada-docela-jinak-kdyz-vidite-cisla-740435\">Fialov\u00ed propagandist\u00e9 se p\u0159ed p\u00e1r dny vysm\u00edvali Putinovi<\/a>, \u017ee se petrohradsk\u00fd summit s africk\u00fdmi v\u016fdci nepovedl, \u017ee Afrika Rusko ignorovala. Opak je pravdou. Rusko uzav\u0159elo na summitu obrovsk\u00e9 obchody, a tak je t\u0159eba \u010cech\u016fm zatajit, \u017ee se pr\u016fmyslov\u00e1 v\u00fdroba st\u011bhuje z Evropy do Afriky, a s n\u00ed i na\u0161e pracovn\u00ed m\u00edsta!<\/p>\n<p>Neo-koloni\u00e1ln\u00ed byznys\u00a0 Francouz\u016f, kte\u0159\u00ed jsou nyn\u00ed pu\u010disty i ob\u010dany vyh\u00e1n\u011bni\u00a0 z Afriky, se sna\u017e\u00ed rychle p\u0159evz\u00edt Velk\u00e1 Brit\u00e1nie i USA.<a href=\"https:\/\/en.wikipedia.org\/wiki\/James_Cleverly\">\u00a0James Cleverly<\/a>, ministr zahrani\u010d\u00ed Brit\u00e1nie,\u00a0<a href=\"https:\/\/t.me\/africaintel\/4559\">v\u010dera ve\u010der vyzval v\u016fdce zem\u00ed ECOWAS<\/a>, aby obnovili demokracii v Nigeru, a sl\u00edbil, \u017ee\u00a0<em>Brit\u00e1nie po zv\u00e1\u017een\u00ed poskytne ve\u0161kerou podporu, kterou budou pot\u0159ebovat, pokud si o ni po\u017e\u00e1daj\u00ed<\/em>! Zd\u00e1 se tak, \u017ee po brut\u00e1ln\u00ed v\u00e1lce na Ukrajin\u011b bude v nejbli\u017e\u0161\u00edch dnech rozehr\u00e1na nov\u00e1 v\u00e1lka, tentokr\u00e1t v Africe. Jako v ka\u017ed\u00e9 v\u00e1lce p\u016fjde hlavn\u011b o to, kdo bude v budoucnosti kontrolovat toky africk\u00fdch surovin, energi\u00ed i pen\u011bz. V\u0161e zase zaplat\u00ed ob\u010dan\u00e9 ze sv\u00fdch dan\u00ed, v\u010detn\u011b dal\u0161\u00edch milion\u016f uprchl\u00edk\u016f. Kdy\u017e Obama rozehr\u00e1l v\u00e1lku v S\u00fdrii a nepokoje v cel\u00e9 Severn\u00ed Africe, do Evropy se okam\u017eit\u011b p\u0159ivalili miliony ne\u0161\u0165astn\u00fdch uprchl\u00edk\u016f, i miliony krimi-imigrant\u016f, kte\u0159\u00ed vyu\u017eili p\u0159\u00edle\u017eitosti se pod rou\u0161kou uprchl\u00edk\u016f dostat do Evropy. Nyn\u00ed v Africe hroz\u00ed v\u00e1le\u010dn\u00fd rozvrat zem\u00ed s mnohem vy\u0161\u0161\u00edm po\u010dtem obyvatel ne\u017e m\u00e1 S\u00fdrie. Dal\u0161\u00ed vlna Angely Merkelov\u00e9 tak m\u016f\u017ee brzy dorazit na na\u0161e hranice. Je na \u010dase p\u0159estat rozdm\u00fdch\u00e1vat v\u00e1lky, nebo to s Evropou, \u010ceskem i Slovenskem \u0161patn\u011b dopadne. A k tomu je t\u0159eba nov\u00fdch politik\u016f. Ti sou\u010dasn\u00ed zklamali na cel\u00e9 \u010d\u00e1\u0159e. Dnes jdu op\u011bt na poradu St\u00e1vkov\u00e9ho v\u00fdboru ke Schnell\u016fm. Tak dr\u017ete palce, a\u0165 to dob\u0159e dopadne!<\/p>\n<p><a href=\"https:\/\/www.michalapetr.com\/map-1742-putinuv-uder-v-africe-1100-americkych-vojaku-obkliceno-na-zakladne-v-nigeru-francouzi-uz-v-noci-prchli-letadly-po-nigeru-je-na-rade-cad-posledni-pevnost-usa-v-severozapadni-africe-prigoz\/\">Michael Svato\u0161<\/a><\/p>\n<p><img decoding=\"async\" loading=\"lazy\" class=\"alignnone size-full wp-image-27204\" src=\"http:\/\/www.infokuryr.cz\/n\/wp-content\/uploads\/2023\/05\/Michael_Svatos.png\" alt=\"\" width=\"180\" height=\"180\" srcset=\"https:\/\/www.infokuryr.cz\/n\/wp-content\/uploads\/2023\/05\/Michael_Svatos.png 180w, https:\/\/www.infokuryr.cz\/n\/wp-content\/uploads\/2023\/05\/Michael_Svatos-150x150.png 150w\" sizes=\"(max-width: 180px) 100vw, 180px\" \/><\/p>\n<p>&nbsp;<\/p>\n<p><a href=\"https:\/\/stranapro.cz\/\"><img decoding=\"async\" loading=\"lazy\" class=\"wp-image-30218 aligncenter\" src=\"http:\/\/www.infokuryr.cz\/n\/wp-content\/uploads\/2023\/06\/PRO-banner-300x36.png\" alt=\"\" width=\"1342\" height=\"161\" srcset=\"https:\/\/www.infokuryr.cz\/n\/wp-content\/uploads\/2023\/06\/PRO-banner-300x36.png 300w, https:\/\/www.infokuryr.cz\/n\/wp-content\/uploads\/2023\/06\/PRO-banner-768x93.png 768w, https:\/\/www.infokuryr.cz\/n\/wp-content\/uploads\/2023\/06\/PRO-banner.png 849w\" sizes=\"(max-width: 1342px) 100vw, 1342px\" \/><\/a><\/p>\n<p>&nbsp;<\/p>\n<p>&nbsp;<\/p>\n<p>&nbsp;<\/p>\n","protected":false},"excerpt":{"rendered":"<p>Putin\u016fv \u00fader v Africe! 1100 americk\u00fdch voj\u00e1k\u016f obkl\u00ed\u010deno na z\u00e1kladn\u011b v Nigeru! Francouzi u\u017e v&#8230;<\/p>\n","protected":false},"author":2,"featured_media":33221,"comment_status":"closed","ping_status":"closed","sticky":false,"template":"","format":"standard","meta":[],"categories":[6],"tags":[1271,898,1042,2111,5557,4594,102,37],"_links":{"self":[{"href":"https:\/\/www.infokuryr.cz\/n\/wp-json\/wp\/v2\/posts\/33388"}],"collection":[{"href":"https:\/\/www.infokuryr.cz\/n\/wp-json\/wp\/v2\/posts"}],"about":[{"href":"https:\/\/www.infokuryr.cz\/n\/wp-json\/wp\/v2\/types\/post"}],"author":[{"embeddable":true,"href":"https:\/\/www.infokuryr.cz\/n\/wp-json\/wp\/v2\/users\/2"}],"replies":[{"embeddable":true,"href":"https:\/\/www.infokuryr.cz\/n\/wp-json\/wp\/v2\/comments?post=33388"}],"version-history":[{"count":0,"href":"https:\/\/www.infokuryr.cz\/n\/wp-json\/wp\/v2\/posts\/33388\/revisions"}],"wp:featuredmedia":[{"embeddable":true,"href":"https:\/\/www.infokuryr.cz\/n\/wp-json\/wp\/v2\/media\/33221"}],"wp:attachment":[{"href":"https:\/\/www.infokuryr.cz\/n\/wp-json\/wp\/v2\/media?parent=33388"}],"wp:term":[{"taxonomy":"category","embeddable":true,"href":"https:\/\/www.infokuryr.cz\/n\/wp-json\/wp\/v2\/categories?post=33388"},{"taxonomy":"post_tag","embeddable":true,"href":"https:\/\/www.infokuryr.cz\/n\/wp-json\/wp\/v2\/tags?post=33388"}],"curies":[{"name":"wp","href":"https:\/\/api.w.org\/{rel}","templated":true}]}}