{"id":33378,"date":"2023-08-02T05:30:07","date_gmt":"2023-08-02T03:30:07","guid":{"rendered":"http:\/\/www.infokuryr.cz\/n\/?p=33378"},"modified":"2023-08-02T05:30:07","modified_gmt":"2023-08-02T03:30:07","slug":"jindrich-kulhavy-mame-tak-kratkou-pamet","status":"publish","type":"post","link":"https:\/\/www.infokuryr.cz\/n\/2023\/08\/02\/jindrich-kulhavy-mame-tak-kratkou-pamet\/","title":{"rendered":"Jind\u0159ich Kulhav\u00fd: M\u00e1me tak kr\u00e1tkou pam\u011b\u0165?"},"content":{"rendered":"<div id=\"fb-root\"><\/div>\n<p><span class=\"anotation\">Lidsk\u00fd v\u011bk nen\u00ed nijak p\u0159evratn\u011b dlouh\u00fd a \u017eivot ut\u00edk\u00e1 zb\u011bsil\u00fdm tempem. \u010c\u00edm jste star\u0161\u00ed, t\u00edm v\u00edce se V\u00e1m zd\u00e1, \u017ee jde v\u00a0podstat\u011b o jak\u00fdsi sprint. M\u00e1te li \u0161t\u011bst\u00ed, dostanete \u0161anci pro\u017e\u00edt necel\u00e9 stolet\u00ed, co\u017e V\u00e1m d\u00e1v\u00e1 mo\u017enost z\u00edskat mnoho z\u00e1\u017eitk\u016f, poznatk\u016f a v\u011bdomost\u00ed, bohu\u017eel i tak jde pouze o nepatrn\u00e9 st\u0159\u00edpky toho, co m\u00e1 lidstvo za sebou. Zkuste si uv\u011bdomit, kolik miliard lid\u00ed se v\u00a0jeho historii narodilo, zem\u0159elo za r\u016fzn\u00fdch okolnost\u00ed, a jak m\u00e1lo osobnost\u00ed z\u016fstalo v\u00a0pam\u011bti. 99% lid\u00ed je po p\u00e1r letech po odchodu z\u00a0tohoto sv\u011bta v\u00edcem\u00e9n\u011b zapomenut\u00fdch a bezejmenn\u00fdch. V\u00a0pam\u011bti z\u016fst\u00e1vaj\u00ed g\u00e9niov\u00e9, panovn\u00edci, postavy ze sv\u011bta c\u00edrkv\u00ed a n\u00e1bo\u017eenstv\u00ed, v\u00fdznamn\u00ed bojovn\u00edci a rebelov\u00e9.<\/span><\/p>\n<div id=\"pagetext\">\n<p>\u00a0 Lidsk\u00e1 pam\u011b\u0165 je velmi kr\u00e1tk\u00e1. Vn\u00edm\u00e1me to i nyn\u00ed. Z\u00a0hlediska d\u00e9lky existence planety to bylo v\u010dera, kdy prob\u00edhala 2.sv\u011btov\u00e1 v\u00e1lka. Jej\u00ed pam\u011btn\u00edci st\u00e1le \u017eij\u00ed, p\u0159esto jsou jej\u00ed p\u0159\u00ed\u010diny, pr\u016fb\u011bh i konec vykl\u00e1d\u00e1ny dne\u0161n\u00ed ml\u00e1de\u017ei jinak, ne\u017e jak\u00e1 byla skute\u010dnost. Nav\u00edc sou\u010dasn\u00fdm vysoko\u0161kol\u00e1k\u016fm p\u0159ipad\u00e1 obdob\u00ed boj\u016f o Stalingrad n\u011bco jako d\u00e1vn\u00fd st\u0159edov\u011bk, kter\u00fd je vlastn\u011b nezaj\u00edm\u00e1. Nelze se tedy pot\u00e9 divit, \u017ee jim nep\u0159ijde nic divn\u00e9ho na brat\u0159\u00ed\u010dkov\u00e1n\u00ed st\u00e1vaj\u00edc\u00edch politick\u00fdch \u0161pi\u010dek se Sudetsko-n\u011bmeck\u00fdm Landsmannschaftem. Pro na\u0161e babi\u010dky nep\u0159edstaviteln\u00e1 v\u011bc oko\u0159en\u011bn\u00e1 smutn\u00fdmi a\u017e tragick\u00fdmi vzpom\u00ednkami stejn\u011b, jako nelib\u011b zn\u011bj\u00edc\u00ed n\u011bm\u010dina p\u0159ipom\u00ednaj\u00edc\u00ed teror a v\u00a0\u0159ad\u011b rodin i p\u0159edky kon\u010d\u00edc\u00ed v\u00a0koncentra\u010dn\u00edch t\u00e1borech. Ov\u0161em dne\u0161n\u00ed ml\u00e1de\u017e to tak nevn\u00edm\u00e1, v\u00a0podstat\u011b ji nezaj\u00edm\u00e1, \u017ee se potomci \u0159ady tehdej\u0161\u00edch gestap\u00e1k\u016f \u00fasp\u011b\u0161n\u011b etablovali ve veden\u00ed Evropsk\u00e9 unie a op\u011bt n\u00e1m \u0159\u00edd\u00ed \u017eivot.<\/p>\n<p>Stolet\u00ed pro\u017eit\u00e1 pod germ\u00e1nsk\u00fdm vlivem a vn\u00edm\u00e1n\u00edm jist\u00e9 nad\u0159azenosti tohoto n\u00e1roda jsou rychle zapomenuta a zloba se oto\u010dila na stranu, ze kter\u00e9 n\u00e1m kdysi ned\u00e1vno p\u0159i\u0161lo osvobozen\u00ed. Jen\u017ee rok 1948, kdy komunist\u00e9 veden\u00ed Kl\u00e9mou Gottwaldem p\u0159evzali pomoc\u00ed pu\u010de moc, je pon\u011bkud mlad\u0161\u00ed (o 3 roky) ne\u017e konec v\u00e1lky, nav\u00edc je m\u00e9dii v\u00edce p\u0159ipom\u00ednan\u00fd, tak\u017ee ne fa\u0161ist\u00e9, ale komunisti z\u016fstali t\u011bmi zl\u00fdmi. Je\u0161t\u011b o n\u011bco pozd\u011bji p\u0159i\u0161el rok 1968, kter\u00fd je zmi\u0148ov\u00e1n \u010dast\u011bji, a s\u00a0n\u00edm i nen\u00e1vist v\u016f\u010di Sov\u011bt\u016fm. Pam\u011b\u0165 je d\u011brav\u00e1, tak\u017ee se m\u00e9n\u011b mluv\u00ed o tom, \u017ee dorazila vojska ze st\u00e1t\u016f b\u00fdval\u00e9 Var\u0161avsk\u00e9 smlouvy, tak\u017ee p\u0159\u00edmo Rus\u016f tu mohlo b\u00fdt podstatn\u011b m\u00e9n\u011b, ne\u017e je n\u00e1m tvrzeno. Jen\u017ee m\u00e9dia maj\u00ed svou moc a Rusov\u00e9 ze 2.sv\u011btov\u00e9 v\u00e1lky byli zapomenuti a ti z\u00a0roku 68 naopak stra\u0161\u00ed generaci dne\u0161n\u00edch sedmdes\u00e1tn\u00edk\u016f z\u00e1m\u011brn\u011b v\u00edce. P\u0159itom generace Hus\u00e1kov\u00fdch d\u011bt\u00ed v\u00a0podstat\u011b rok 68 ignoruje a pamatuje si sp\u00ed\u0161e konec socialismu. Vzpom\u00edn\u00e1 na zlat\u00e9 devades\u00e1tky, kdy nad\u011bje a nad\u0161en\u00ed zp\u016fsobovaly mnoho optimismu.\u00a0 Sice naivn\u00edho, p\u0159ihl\u00e9dneme li k\u00a0tomu, kam jsme se dopracovali, ale byla to kr\u00e1sn\u00e1 doba. Tehdy jen ti byst\u0159ej\u0161\u00ed sledovali lump\u00e1rny, kter\u00fdch se dopou\u0161t\u011bl Havel &amp; spol. Ostatn\u00ed \u017eili a v\u00a0podv\u011bdom\u00ed doh\u00e1n\u011bli vysn\u011bn\u00fd Z\u00e1pad, ve skute\u010dnosti se v\u0161ak ji\u017e p\u0159ipravuj\u00edc\u00ed na sou\u010dasnou sebedestrukci.<\/p>\n<p><a href=\"https:\/\/stranapro.cz\/\"><img decoding=\"async\" loading=\"lazy\" class=\"wp-image-30218 aligncenter\" src=\"http:\/\/www.infokuryr.cz\/n\/wp-content\/uploads\/2023\/06\/PRO-banner-300x36.png\" alt=\"\" width=\"1358\" height=\"163\" srcset=\"https:\/\/www.infokuryr.cz\/n\/wp-content\/uploads\/2023\/06\/PRO-banner-300x36.png 300w, https:\/\/www.infokuryr.cz\/n\/wp-content\/uploads\/2023\/06\/PRO-banner-768x93.png 768w, https:\/\/www.infokuryr.cz\/n\/wp-content\/uploads\/2023\/06\/PRO-banner.png 849w\" sizes=\"(max-width: 1358px) 100vw, 1358px\" \/><\/a><\/p>\n<p>Nyn\u011bj\u0161\u00ed mlad\u00e1 generace u\u017e ani netu\u0161\u00ed, co byla tzv. Sametov\u00e1 revoluce, jak veselo bylo v\u00a0devades\u00e1tk\u00e1ch, z\u00a0nich\u017e si \u010d\u00e1st spole\u010dnosti pamatuje u\u017e jen Harvardsk\u00e9 fondy (oberzlod\u011bjna), vzestup legend\u00e1rn\u00edch gr\u00e1zl\u016f typu Jon\u00e1ka, Mr\u00e1zka \u010di Krej\u010d\u00ed\u0159e, rozprodej republiky Havlem, \u00d3d\u00e9eskou a Socany, p\u0159\u00edpadn\u011b divok\u00e9 privatizace. Mlad\u00ed dokonce netu\u0161\u00ed ani nic o tom, jak pravd\u011bpodobn\u00e9 odst\u0159elen\u00ed dvoj\u010dat zah\u00e1jilo Arabsk\u00e9 jaro a dal\u0161\u00ed vlnu americk\u00e9 rozp\u00ednavosti. Ostatn\u011b o podvodech Ameri\u010dan\u016f na lidstvu se vedou v\u00a0posledn\u00ed dob\u011b trvale spory vedouc\u00ed k\u00a0pochyb\u00e1m o p\u0159ist\u00e1n\u00ed na M\u011bs\u00edci \u010di o p\u0159\u00ed\u010din\u00e1ch \u00famrt\u00ed mnoha velik\u00e1n\u016f, jako byl nap\u0159\u00edklad prezident Kennedy \u010di Nicola Tesla. Naopak se vrac\u00ed studen\u00e1 v\u00e1lka p\u0159edkl\u00e1dan\u00e1 ml\u00e1de\u017ei tak, aby na\u0161i n\u011bkdej\u0161\u00ed osvoboditel\u00e9 vypadali jako nebezpe\u010d\u00ed pro sv\u011bt. Ten sv\u011bt, v\u00a0n\u011bm\u017e op\u011bt N\u011bmci hraj\u00ed podstatnou roli v\u016fdc\u016f Evropsk\u00e9 unie.<\/p>\n<p>P\u0159esto existuj\u00ed rody, kter\u00e9 si historii pamatuj\u00ed a maj\u00ed dlouhodob\u00e9 my\u0161len\u00ed a pl\u00e1nov\u00e1n\u00ed. Ti nejmocn\u011bj\u0161\u00ed buduj\u00ed sv\u00e9 postaven\u00ed des\u00edtky let. Rothschildov\u00e9, Rockefellerov\u00e9, anglick\u00e1 kr\u00e1lovsk\u00e1 rodina, ben\u00e1tsk\u00e1 \u0161lechta, mafi\u00e1nsk\u00e9 rodiny, Chazarsk\u00e1 mafie, ti v\u0161ichni pl\u00e1nuj\u00ed na des\u00edtky let a na v\u00edce generac\u00ed dop\u0159edu. Maj\u00ed pam\u011b\u0165 i vize, kter\u00fdmi ovliv\u0148uj\u00ed sv\u011btov\u00e9 d\u011bn\u00ed. Stoj\u00ed za mnoha zm\u011bnami, \u010dasto v\u00a0pozad\u00ed, a v\u0161e, co nelogick\u00e9ho se nyn\u00ed d\u011bje, je jejich prac\u00ed a z\u00e1m\u011brem. Za v\u0161\u00edm hledejte moc, pen\u00edze a chamtivost. Va\u0161e mysl a vn\u00edm\u00e1n\u00ed sv\u011bta je ovliv\u0148ov\u00e1no t\u00edm, co oni cht\u011bj\u00ed, abyste si mysleli. Proto vlastn\u00ed m\u00e9dia, banky, nadn\u00e1rodn\u00ed spole\u010dnosti a sv\u011btov\u00e9 organizace. Zd\u00e1 li se tedy na\u0161e pam\u011b\u0165 kr\u00e1tk\u00e1, je to proto, \u017ee je s\u00a0n\u00ed manipulov\u00e1no. Za p\u00e1r let si nikdo na experiment s\u00a0covidem veden\u00fd jejich nadacemi a firmami ani nevzpomene, ale oni maj\u00ed v\u0161echna data ulo\u017eena a v\u011bd\u00ed, jak snadn\u00e9 je zneu\u017eit\u00ed pandemie v\u00a0souvislosti s\u00a0lidskou blbost\u00ed a poslu\u0161nost\u00ed. Ne, na\u0161e pam\u011b\u0165 nen\u00ed kr\u00e1tk\u00e1, je pouze snadno ovlivniteln\u00e1 a lidsk\u00fd \u017eivot p\u0159\u00edli\u0161 rychl\u00fd. Pojet\u00ed existence tady je u v\u011bt\u0161iny z\u00a0n\u00e1s ohrani\u010dena p\u00e1r desetilet\u00edmi. Mocn\u00ed uva\u017euj\u00ed v\u00a0horizontu i v\u00edce stolet\u00ed. A na to na\u0161e vzpom\u00ednky nesta\u010d\u00ed. Bylo tomu tak kdysi a trv\u00e1 to i nad\u00e1le.<\/p>\n<p><a href=\"https:\/\/www.inadhled.live\/uvaha-dne\/mame-tak-kratkou-pamet-\/\">Jind\u0159ich Kulhav\u00fd<\/a><\/p>\n<p><img decoding=\"async\" loading=\"lazy\" class=\"alignnone size-medium wp-image-22653\" src=\"http:\/\/www.infokuryr.cz\/n\/wp-content\/uploads\/2023\/02\/jindra-kulhavy-221x300.jpg\" alt=\"\" width=\"221\" height=\"300\" srcset=\"https:\/\/www.infokuryr.cz\/n\/wp-content\/uploads\/2023\/02\/jindra-kulhavy-221x300.jpg 221w, https:\/\/www.infokuryr.cz\/n\/wp-content\/uploads\/2023\/02\/jindra-kulhavy.jpg 311w\" sizes=\"(max-width: 221px) 100vw, 221px\" \/><\/p>\n<\/div>\n<p>&nbsp;<\/p>\n<p><a href=\"https:\/\/stranapro.cz\/\"><img decoding=\"async\" loading=\"lazy\" class=\"wp-image-30218 aligncenter\" src=\"http:\/\/www.infokuryr.cz\/n\/wp-content\/uploads\/2023\/06\/PRO-banner-300x36.png\" alt=\"\" width=\"1358\" height=\"163\" srcset=\"https:\/\/www.infokuryr.cz\/n\/wp-content\/uploads\/2023\/06\/PRO-banner-300x36.png 300w, https:\/\/www.infokuryr.cz\/n\/wp-content\/uploads\/2023\/06\/PRO-banner-768x93.png 768w, https:\/\/www.infokuryr.cz\/n\/wp-content\/uploads\/2023\/06\/PRO-banner.png 849w\" sizes=\"(max-width: 1358px) 100vw, 1358px\" \/><\/a><\/p>\n<p>&nbsp;<\/p>\n<p>&nbsp;<\/p>\n<p>&nbsp;<\/p>\n","protected":false},"excerpt":{"rendered":"<p>Lidsk\u00fd v\u011bk nen\u00ed nijak p\u0159evratn\u011b dlouh\u00fd a \u017eivot ut\u00edk\u00e1 zb\u011bsil\u00fdm tempem. \u010c\u00edm jste star\u0161\u00ed, t\u00edm&#8230;<\/p>\n","protected":false},"author":2,"featured_media":33379,"comment_status":"closed","ping_status":"closed","sticky":false,"template":"","format":"standard","meta":[],"categories":[6],"tags":[670,398,29,5023,122],"_links":{"self":[{"href":"https:\/\/www.infokuryr.cz\/n\/wp-json\/wp\/v2\/posts\/33378"}],"collection":[{"href":"https:\/\/www.infokuryr.cz\/n\/wp-json\/wp\/v2\/posts"}],"about":[{"href":"https:\/\/www.infokuryr.cz\/n\/wp-json\/wp\/v2\/types\/post"}],"author":[{"embeddable":true,"href":"https:\/\/www.infokuryr.cz\/n\/wp-json\/wp\/v2\/users\/2"}],"replies":[{"embeddable":true,"href":"https:\/\/www.infokuryr.cz\/n\/wp-json\/wp\/v2\/comments?post=33378"}],"version-history":[{"count":0,"href":"https:\/\/www.infokuryr.cz\/n\/wp-json\/wp\/v2\/posts\/33378\/revisions"}],"wp:featuredmedia":[{"embeddable":true,"href":"https:\/\/www.infokuryr.cz\/n\/wp-json\/wp\/v2\/media\/33379"}],"wp:attachment":[{"href":"https:\/\/www.infokuryr.cz\/n\/wp-json\/wp\/v2\/media?parent=33378"}],"wp:term":[{"taxonomy":"category","embeddable":true,"href":"https:\/\/www.infokuryr.cz\/n\/wp-json\/wp\/v2\/categories?post=33378"},{"taxonomy":"post_tag","embeddable":true,"href":"https:\/\/www.infokuryr.cz\/n\/wp-json\/wp\/v2\/tags?post=33378"}],"curies":[{"name":"wp","href":"https:\/\/api.w.org\/{rel}","templated":true}]}}