{"id":33374,"date":"2023-08-02T05:06:38","date_gmt":"2023-08-02T03:06:38","guid":{"rendered":"http:\/\/www.infokuryr.cz\/n\/?p=33374"},"modified":"2023-08-02T05:06:38","modified_gmt":"2023-08-02T03:06:38","slug":"hans-vogel-klimaticke-silenstvi-na-trune","status":"publish","type":"post","link":"https:\/\/www.infokuryr.cz\/n\/2023\/08\/02\/hans-vogel-klimaticke-silenstvi-na-trune\/","title":{"rendered":"Hans Vogel: Klimatick\u00e9 \u0161\u00edlenstv\u00ed na tr\u016fn\u011b"},"content":{"rendered":"<div id=\"fb-root\"><\/div>\n<section class=\"perex\">V\u0161echna st\u00e1tn\u00ed a korpor\u00e1tn\u00ed m\u00e9dia v EU \u0159vou a k\u0159i\u010d\u00ed o hork\u00e9m po\u010das\u00ed v Evrop\u011b. Je pr\u00fd pekeln\u00e9. Nikdy nebylo takov\u00e9 horko, cht\u011bj\u00ed n\u00e1s p\u0159esv\u011bd\u010dit. Gener\u00e1ln\u00ed tajemn\u00edk OSN Guterres \u0159\u00edk\u00e1 sv\u011btu, \u017ee \u201enastal v\u011bk glob\u00e1ln\u00edho varu\u201c. Takto pou\u010duje mu\u017e, kter\u00fd je dlouhodob\u011b spojov\u00e1n s notorick\u00fdmi\u00a0<a href=\"https:\/\/swprs.org\/geopolitics-and-pedocriminality\/\" target=\"_blank\" rel=\"external noopener\">pedofily<\/a>\u00a0a pod jeho\u017e z\u00e1\u0161titou jako portugalsk\u00e9ho premi\u00e9ra (1995-2002) doch\u00e1zelo k sexu\u00e1ln\u00edmu zneu\u017e\u00edv\u00e1n\u00ed nezletil\u00fdch v takzvan\u00fdch domovech\u00a0<a href=\"https:\/\/en.wikipedia.org\/wiki\/Casa_Pia_child_sexual_abuse_scandal\" target=\"_blank\" rel=\"external noopener\">Casa Pia<\/a>.<\/p>\n<\/section>\n<section class=\"clanek-obsah\">\n<div class=\"karta\">\n<figure><img decoding=\"async\" loading=\"lazy\" class=\"alignleft\" src=\"https:\/\/zvedavec.news\/images\/23\/klimatiske-silensti-na-drune.jpg\" alt=\"[...]\" width=\"560\" height=\"373\" \/><\/figure>\n<\/div>\n<p>Na meteorologick\u00fdch map\u00e1ch zobrazovan\u00fdch v m\u00e9di\u00edch jsou oblasti s teplotami nad 35 stup\u0148\u016f Celsia zbarveny krvav\u011b \u010derven\u011b. Je\u0161t\u011b p\u0159ed n\u011bkolika lety by tyt\u00e9\u017e teploty byly ozna\u010deny odst\u00edny zelen\u00e9 nebo nanejv\u00fd\u0161 \u017elut\u00e9 barvy. O sn\u011b\u017een\u00ed v Alp\u00e1ch v nadmo\u0159sk\u00e9 v\u00fd\u0161ce nad 1 800 metr\u016f (v l\u00e9t\u011b vz\u00e1cnost) nen\u00ed ani zm\u00ednka. V m\u00e9di\u00edch se neobjevila ani zm\u00ednka o sn\u011b\u017een\u00ed v\u00a0<a href=\"https:\/\/www.africanews.com\/2023\/07\/10\/south-africa-johannesburg-experiences-rare-snowfall\/\" target=\"_blank\" rel=\"external noopener\">Johannesburgu<\/a>\u00a0p\u0159ed n\u011bkolika t\u00fddny. Z\u0159ejm\u011b se jedn\u00e1 o vz\u00e1cn\u00fd jev i v tamn\u00ed zim\u011b na ji\u017en\u00ed polokouli. Mezit\u00edm ned\u00e1vn\u00fd v\u00fdzkum Antarktidy uk\u00e1zal, \u017ee b\u011bhem desetilet\u00ed 2009-2019 do\u0161lo k \u010dist\u00e9mu p\u0159\u00edr\u016fstku jej\u00ed ledov\u00e9 \u010depi\u010dky o v\u00edce ne\u017e p\u011bt tis\u00edc kilometr\u016f \u010dtvere\u010dn\u00edch.<\/p>\n<p>Jin\u00fdmi slovy, zpr\u00e1vy o po\u010das\u00ed, kdysi jedin\u00e1 polo\u017eka v m\u00e9di\u00edch, kter\u00e9 se dalo v\u011b\u0159it, jsou stejn\u011b zav\u00e1d\u011bj\u00edc\u00ed a l\u017eiv\u00e9 jako v\u0161echno ostatn\u00ed ve zpr\u00e1v\u00e1ch. \u0158\u00edkaj\u00ed n\u00e1m, \u017ee se klima m\u011bn\u00ed a \u017ee za to m\u016f\u017eeme my. Proto mus\u00edme v\u011b\u0159it autorit\u00e1m a d\u011blat p\u0159esn\u011b to, co n\u00e1m \u0159\u00edkaj\u00ed. Jinak zem\u0159eme stra\u0161livou smrt\u00ed! Proto odte\u010f u\u017e \u017e\u00e1dn\u00e9 grilov\u00e1n\u00ed. V zim\u011b mus\u00edme doma nosit svetr nav\u00edc, proto\u017ee norm\u00e1ln\u00ed pokojov\u00e1 teplota by vy\u017eadovala nadm\u011brn\u00e9 vyt\u00e1p\u011bn\u00ed, co\u017e jen d\u00e1le p\u0159isp\u00edv\u00e1 ke glob\u00e1ln\u00edmu oteplov\u00e1n\u00ed!<\/p>\n<p>Nav\u00edc budeme muset p\u0159estat j\u00edst maso a m\u00edsto n\u011bj za\u010d\u00edt konzumovat hmyz. \u201eA\u0165 jed\u00ed hmyz,\u201c tak se z\u0159ejm\u011b rozhodli na\u0161i vzne\u0161en\u00ed v\u016fdci ve sv\u00fdch luxusn\u00edch pal\u00e1c\u00edch. Jedin\u011b pokud p\u0159ejdeme na konzumaci cvr\u010dk\u016f a mou\u010dn\u00fdch \u010derv\u016f, budeme schopni zastavit dal\u0161\u00ed oteplov\u00e1n\u00ed na\u0161\u00ed planety. Na\u0161i vl\u00e1dci n\u00e1s uji\u0161\u0165uj\u00ed, \u017ee \u201ev\u011bt\u0161ina v\u011bdc\u016f\u201c souhlas\u00ed s t\u00edm, \u017ee lidsk\u00e1 \u010dinnost zp\u016fsobuje, \u017ee se planeta st\u00e1le v\u00edce zah\u0159\u00edv\u00e1. V jist\u00e9m smyslu je to uklid\u0148uj\u00edc\u00ed my\u0161lenka, proto\u017ee v\u011bda je z\u0159ejm\u011b proto demokratick\u00e1. Kdy\u017e \u201ev\u011bt\u0161ina v\u011bdc\u016f\u201c n\u011b\u010demu v\u011b\u0159\u00ed, mus\u00ed to b\u00fdt pravda, proto\u017ee jsou to p\u0159ece v\u011bdci! Ale proto\u017ee jsou to lid\u00e9, mohou se tak\u00e9 m\u00fdlit. Tak\u017ee mo\u017en\u00e1 antropogenn\u00ed zm\u011bna klimatu nakonec nen\u00ed probl\u00e9m!<\/p>\n<p>Nen\u00ed to tak d\u00e1vno, co n\u00e1s na\u0161e vl\u00e1dy uji\u0161\u0165ovaly, \u017ee venku \u0159\u00e1d\u00ed n\u011bjak\u00e1 smrt\u00edc\u00ed nemoc a jedin\u00e9, co m\u016f\u017eeme ud\u011blat pro sv\u00e9 bezpe\u010d\u00ed, je nechat se o\u010dkovat proti kl\u00ed\u0161\u0165ov\u00e9 encefalitid\u011b. Nyn\u00ed se st\u00e1le v\u00edce ukazuje, \u017ee n\u011bkter\u00e1 z t\u011bchto o\u010dkov\u00e1n\u00ed zp\u016fsobila v\u00edce \u0161kody ne\u017e u\u017eitku. \u201eVakc\u00edna\u201c Moderna zp\u016fsobuje srde\u010dn\u00ed probl\u00e9my u jednoho z p\u011btat\u0159iceti p\u0159\u00edjemc\u016f. Nikdy \u0159\u00e1dn\u011b netestovan\u00e9 o\u010dkov\u00e1n\u00ed spole\u010dnosti Pfizer m\u00e1 v\u00edce ne\u017e 1 200 vedlej\u0161\u00edch \u00fa\u010dink\u016f, od z\u00e1va\u017en\u00fdch a\u017e po velmi z\u00e1va\u017en\u00e9 (v\u010detn\u011b \u00famrt\u00ed!). Byli jsme vedeni k p\u0159esv\u011bd\u010den\u00ed, \u017ee po o\u010dkov\u00e1n\u00ed nem\u016f\u017eeme \u0161\u00ed\u0159it ob\u00e1vanou nemoc (ale m\u016f\u017eeme), a kdy\u017e jsme byli skl\u00e1cen\u00ed covidem, bylo n\u00e1m \u0159e\u010deno, \u017ee \u00fa\u010dinky jsou \u201em\u00e9n\u011b z\u00e1va\u017en\u00e9\u201c. V\u011bci by byly ur\u010dit\u011b \u201emnohem hor\u0161\u00ed\u201c, kdyby se tolik z n\u00e1s nenechalo o\u010dkovat.<\/p>\n<p>Ve vypr\u00e1v\u011bn\u00ed o glob\u00e1ln\u00edm oteplov\u00e1n\u00ed nyn\u00ed vl\u00e1dy pou\u017e\u00edvaj\u00ed stejn\u00e9 argumenty a triky, kter\u00e9 pou\u017e\u00edvaly, aby donutily ob\u010dany k poslu\u0161nosti b\u011bhem \u201epandemie\u201c. Av\u0161ak stejn\u011b jako kuchy\u0148sk\u00fd n\u016f\u017e je t\u0159eba jej brousit, aby jej \u010dlov\u011bk mohl d\u00e1le pou\u017e\u00edvat. Je dosti pochybn\u00e9, zda tyto triky budou fungovat stejn\u011b \u00fa\u010dinn\u011b jako b\u011bhem Velk\u00e9 Covid Show. I kouzeln\u00edk mus\u00ed \u010das od \u010dasu sv\u00e9 triky upravit. Na druhou stranu se zd\u00e1, \u017ee vl\u00e1dy jsou natolik sebejist\u00e9 a sebev\u011bdom\u00e9, \u017ee si mysl\u00ed, \u017ee dok\u00e1\u017eou v\u0161echno. Je dob\u0159e, \u017ee zapom\u00ednaj\u00ed na pravidlo \u010d\u00edslo jedna v jak\u00e9mkoli soupe\u0159en\u00ed a z\u00fa\u010dtov\u00e1n\u00ed, kter\u00fdm je nikdy nepodce\u0148ovat sv\u00e9ho protivn\u00edka.<\/p>\n<p>Mezit\u00edm v Evrop\u011b se zd\u00e1, \u017ee rozpad st\u00e1t\u016f, kter\u00fd si p\u0159ej\u00ed USA a jejich n\u00e1stroje, jako je WEF, prob\u00edh\u00e1 podle pl\u00e1nu. Francii se st\u00e1le je\u0161t\u011b to\u010d\u00ed hlava z n\u00e1sledk\u016f vlny n\u00e1sil\u00ed, kter\u00e1 ji zas\u00e1hla po\u010d\u00e1tkem l\u00e9ta. Ve m\u011bstech a vesnic\u00edch po cel\u00e9m N\u011bmecku organizuj\u00ed rozzloben\u00ed a vystra\u0161en\u00ed ob\u010dan\u00e9 demonstrace, o nich\u017e m\u00e9dia neinformuj\u00ed; letoviska a koupali\u0161t\u011b u jezer, kdysi klidn\u00e1 a p\u0159\u00edjemn\u00e1, se zm\u011bnila v ohniska mezirasov\u00fdch konflikt\u016f kv\u016fli nep\u0159ijateln\u00e9mu chov\u00e1n\u00ed gang\u016f cizinc\u016f, kte\u0159\u00ed nem\u011bli b\u00fdt do zem\u011b v\u016fbec vpu\u0161t\u011bni. Cestov\u00e1n\u00ed vlakem v mnoha evropsk\u00fdch zem\u00edch se stalo nebezpe\u010dn\u00fdm pro skute\u010dn\u00e9 rodil\u00e9 Evropany, zejm\u00e9na pro \u017eeny. Mnoh\u00e1 n\u00e1dra\u017e\u00ed, zejm\u00e9na ve v\u011bt\u0161\u00edch m\u011bstech, jsou nebezpe\u010dn\u00fdmi z\u00f3nami.<\/p>\n<p><a href=\"https:\/\/stranapro.cz\/\"><img decoding=\"async\" loading=\"lazy\" class=\"wp-image-30218 aligncenter\" src=\"http:\/\/www.infokuryr.cz\/n\/wp-content\/uploads\/2023\/06\/PRO-banner-300x36.png\" alt=\"\" width=\"1342\" height=\"161\" srcset=\"https:\/\/www.infokuryr.cz\/n\/wp-content\/uploads\/2023\/06\/PRO-banner-300x36.png 300w, https:\/\/www.infokuryr.cz\/n\/wp-content\/uploads\/2023\/06\/PRO-banner-768x93.png 768w, https:\/\/www.infokuryr.cz\/n\/wp-content\/uploads\/2023\/06\/PRO-banner.png 849w\" sizes=\"(max-width: 1342px) 100vw, 1342px\" \/><\/a><\/p>\n<p>Dne 7. \u010dervence nizozemsk\u00fd premi\u00e9r Mark Rutte, kter\u00fd si vzal na pa\u0161k\u00e1l pl\u00e1novan\u00e9 hlasov\u00e1n\u00ed o ned\u016fv\u011b\u0159e v parlamentu, ozn\u00e1mil sv\u016fj \u00fapln\u00fd odchod z politiky. Jeden z jeho koali\u010dn\u00edch partner\u016f nazna\u010dil, \u017ee je ochoten z vl\u00e1dy odej\u00edt. Od t\u00e9 chv\u00edle je v demisi a paradoxn\u011b v pozici, kter\u00e1 mu umo\u017e\u0148uje vl\u00e1dnout jako dikt\u00e1tor. N\u011bkdo se p\u0159ece mus\u00ed starat o ka\u017edodenn\u00ed z\u00e1le\u017eitosti a \u0159\u00eddit zemi a Rutteho u\u017e nelze vylou\u010dit z funkce. Jednou z v\u011bc\u00ed, o kter\u00fdch rozhodne, ani\u017e by pot\u0159eboval souhlas parlamentu, je\u00a0<a href=\"https:\/\/www.ninefornews.nl\/sprakeloos-geschokt-woest-nederland-gaat-euthanasieregels-uitbreiden\/#\" target=\"_blank\" rel=\"external noopener\">na\u0159\u00edzen\u00ed<\/a>\u00a0umo\u017e\u0148uj\u00edc\u00ed d\u011btem ve v\u011bku od jednoho do dvan\u00e1cti let rozhodnout se pro eutanazii.<\/p>\n<p>Nov\u00e9 volby jsou napl\u00e1nov\u00e1ny na listopad a vzhledem k tomu, \u017ee sestaven\u00ed nov\u00e9 koali\u010dn\u00ed vl\u00e1dy obvykle trv\u00e1 zhruba rok, Rutte si prodlou\u017eil kari\u00e9ru o hodn\u011b p\u0159es rok. Pom\u011brn\u011b p\u0159ekvapiv\u011b, v bezprecedentn\u00edm kroku, ozn\u00e1milo sv\u016fj odchod z politiky tak\u00e9 dvacet ze 150 poslanc\u016f. Pat\u0159\u00ed mezi n\u011b n\u011bkolik hlavn\u00edch stranick\u00fdch l\u00eddr\u016f i n\u011bkte\u0159\u00ed velmi viditeln\u00ed a hlasit\u00ed politici. Pro\u010d tento n\u00e1hl\u00fd a masivn\u00ed \u00fastup? Co v\u011bd\u00ed, co nev\u00ed voli\u010dsk\u00e1 ve\u0159ejnost?<\/p>\n<p>Stejn\u011b jako v mnoha jin\u00fdch \u201edemokratick\u00fdch\u201c st\u00e1tech na Z\u00e1pad\u011b ztratila parlamentn\u00ed debata sp\u00ed\u0161e smysl. D\u00edky p\u0159\u00edsn\u011b prosazovan\u00e9 stranick\u00e9 discipl\u00edn\u011b nen\u00ed nic, co by mohlo vl\u00e1du jednou sesadit, a u\u017e v\u016fbec ne parlamentn\u00ed debata. Vl\u00e1dn\u00ed minist\u0159i, kte\u0159\u00ed odm\u00edtaj\u00ed odpov\u00eddat na ot\u00e1zky v parlamentu a poru\u0161uj\u00ed t\u00edm z\u00e1kony a p\u0159edpisy, tak mohou jednodu\u0161e u\u010dinit a nikdy nemus\u00ed n\u00e9st n\u00e1sledky. To se stalo b\u011b\u017enou prax\u00ed v cel\u00e9 EU. Jin\u00fdmi slovy, vl\u00e1dne zde bezpr\u00e1v\u00ed.<\/p>\n<p>Pro\u010d by se tedy politici dobrovoln\u011b vzd\u00e1vali p\u0159\u00edstupu k masn\u00fdm kr\u00e1m\u016fm a sud\u016fm s vep\u0159ov\u00fdm masem? Zd\u00e1 se, \u017ee se chystaj\u00ed hlubok\u00e9 syst\u00e9mov\u00e9 zm\u011bny. \u017de bychom se museli pod\u00edvat do Bruselu? Nik\u00fdm nevolen\u00ed apar\u00e1t\u010d\u00edci eurosajuzu v tomto proklet\u00e9m m\u011bst\u011b provozuj\u00ed centralizovanou diktaturu. V\u011bt\u0161ina Evropan\u016f je\u0161t\u011b nepochopila, \u017ee ve v\u0161ech \u010dlensk\u00fdch st\u00e1tech EU u\u017e d\u00e1vno neexistuje n\u00e1rodn\u00ed suverenita a \u017ee v\u0161echny jejich parlamenty jsou fale\u0161n\u00e9. EU nen\u00ed nic v\u00edc ne\u017e politick\u00e1 odno\u017e NATO a NATO je pro USA t\u00edm, \u010d\u00edm byla pro Ath\u00e9ny Attick\u00e1 liga: imperi\u00e1ln\u00edm kontroln\u00edm mechanismem p\u0159evle\u010den\u00fdm za dobrovoln\u00e9 spojenectv\u00ed.<\/p>\n<p>Politick\u00e9 jevi\u0161t\u011b v Nizozemsku se nyn\u00ed p\u0159ipravuje na hv\u011bzdn\u00e9 vystoupen\u00ed pana Franse Timmermanse, korpulentn\u00edho \u201ekomisa\u0159e EU pro opat\u0159en\u00ed v oblasti klimatu\u201c nizozemsk\u00e9ho p\u016fvodu, vrchn\u00edho klimatick\u00e9ho \u0161\u00edlence. Tento mu\u017e se bude uch\u00e1zet o k\u0159eslo v nizozemsk\u00e9m parlamentu jako p\u0159edseda nov\u00e9 soci\u00e1ln\u011bdemokratick\u00e9 strany Zelen\u00fdch. Net\u0159eba dod\u00e1vat, \u017ee pan Timmermans by o tomto kroku ani neuva\u017eoval, kdyby si nebyl jist\u00fd, \u017ee zv\u00edt\u011bz\u00ed a stane se nov\u00fdm premi\u00e9rem. Brzy dostanou i dal\u0161\u00ed \u010dlensk\u00e9 st\u00e1ty EU vl\u00e1dy veden\u00e9 b\u00fdval\u00fdmi eurokomisa\u0159i.<\/p>\n<p>Pokud v\u0161e p\u016fjde podle pl\u00e1nu, bude to znamenat, \u017ee p\u0159em\u011bna EU v kopii star\u00e9ho SSSR byla dokon\u010dena. Zat\u00edmco v\u0161ak veden\u00ed SSSR v\u00edcem\u00e9n\u011b dbalo na z\u00e1jmy sv\u00fdch ob\u010dan\u016f (\u0161kolstv\u00ed a zdravotnictv\u00ed byly bezplatn\u00e9 a kvalitn\u00ed), EuSSR je dystopickou d\u00edrou v pekle, kterou \u0159\u00edd\u00ed psychopati, kte\u0159\u00ed si mysl\u00ed, \u017ee jsou bozi. Z\u00e1m\u011brn\u011b zni\u010dili \u0161kolstv\u00ed a zdravotnictv\u00ed.<\/p>\n<p>Stejn\u011b jako se SSSR zhroutil pod vlastn\u00ed vahou, zhrout\u00ed se i EuSSR. Doufejme, \u017ee to bude sp\u00ed\u0161e d\u0159\u00edve ne\u017e pozd\u011bji.<\/p>\n<div class=\"podcarou\">\n<p><a href=\"https:\/\/www.unz.com\/article\/climate-lunacy-enthroned\/\" target=\"_blank\" rel=\"external noopener\">Climate Lunacy Enthroned<\/a> vy\u0161el na uzn.com 29.7.2023. P\u0159eklad\u00a0<a href=\"https:\/\/zvedavec.news\/komentare\/2023\/07\/9725-klimaticke-silenstvi-na-trune.htm\">Zvedavec.org<\/a><\/p>\n<\/div>\n<\/section>\n<p>&nbsp;<\/p>\n<p>&nbsp;<\/p>\n<p><a href=\"https:\/\/stranapro.cz\/\"><img decoding=\"async\" loading=\"lazy\" class=\"wp-image-30218 aligncenter\" src=\"http:\/\/www.infokuryr.cz\/n\/wp-content\/uploads\/2023\/06\/PRO-banner-300x36.png\" alt=\"\" width=\"1342\" height=\"161\" srcset=\"https:\/\/www.infokuryr.cz\/n\/wp-content\/uploads\/2023\/06\/PRO-banner-300x36.png 300w, https:\/\/www.infokuryr.cz\/n\/wp-content\/uploads\/2023\/06\/PRO-banner-768x93.png 768w, https:\/\/www.infokuryr.cz\/n\/wp-content\/uploads\/2023\/06\/PRO-banner.png 849w\" sizes=\"(max-width: 1342px) 100vw, 1342px\" \/><\/a><\/p>\n<p>&nbsp;<\/p>\n<p>&nbsp;<\/p>\n<p>&nbsp;<\/p>\n","protected":false},"excerpt":{"rendered":"<p>V\u0161echna st\u00e1tn\u00ed a korpor\u00e1tn\u00ed m\u00e9dia v EU \u0159vou a k\u0159i\u010d\u00ed o hork\u00e9m po\u010das\u00ed v Evrop\u011b&#8230;.<\/p>\n","protected":false},"author":2,"featured_media":14102,"comment_status":"closed","ping_status":"closed","sticky":false,"template":"","format":"standard","meta":[],"categories":[7],"tags":[1232,1858,873,2978],"_links":{"self":[{"href":"https:\/\/www.infokuryr.cz\/n\/wp-json\/wp\/v2\/posts\/33374"}],"collection":[{"href":"https:\/\/www.infokuryr.cz\/n\/wp-json\/wp\/v2\/posts"}],"about":[{"href":"https:\/\/www.infokuryr.cz\/n\/wp-json\/wp\/v2\/types\/post"}],"author":[{"embeddable":true,"href":"https:\/\/www.infokuryr.cz\/n\/wp-json\/wp\/v2\/users\/2"}],"replies":[{"embeddable":true,"href":"https:\/\/www.infokuryr.cz\/n\/wp-json\/wp\/v2\/comments?post=33374"}],"version-history":[{"count":0,"href":"https:\/\/www.infokuryr.cz\/n\/wp-json\/wp\/v2\/posts\/33374\/revisions"}],"wp:featuredmedia":[{"embeddable":true,"href":"https:\/\/www.infokuryr.cz\/n\/wp-json\/wp\/v2\/media\/14102"}],"wp:attachment":[{"href":"https:\/\/www.infokuryr.cz\/n\/wp-json\/wp\/v2\/media?parent=33374"}],"wp:term":[{"taxonomy":"category","embeddable":true,"href":"https:\/\/www.infokuryr.cz\/n\/wp-json\/wp\/v2\/categories?post=33374"},{"taxonomy":"post_tag","embeddable":true,"href":"https:\/\/www.infokuryr.cz\/n\/wp-json\/wp\/v2\/tags?post=33374"}],"curies":[{"name":"wp","href":"https:\/\/api.w.org\/{rel}","templated":true}]}}