{"id":33355,"date":"2023-08-02T01:12:33","date_gmt":"2023-08-01T23:12:33","guid":{"rendered":"http:\/\/www.infokuryr.cz\/n\/?p=33355"},"modified":"2023-08-01T18:16:24","modified_gmt":"2023-08-01T16:16:24","slug":"nedelnik-adama-b-bartose-141-hlavu-chran","status":"publish","type":"post","link":"https:\/\/www.infokuryr.cz\/n\/2023\/08\/02\/nedelnik-adama-b-bartose-141-hlavu-chran\/","title":{"rendered":"NED\u011aLN\u00cdK ADAMA B. BARTO\u0160E (141) HLAVU CHRA\u0147!"},"content":{"rendered":"<div id=\"fb-root\"><\/div>\n<p>Posledn\u00ed dva t\u00fddny se mi poda\u0159ilo na\u0161e bl\u00e1zniv\u00e9 politiky vyt\u011bsnit z mysli. P\u0159esn\u011b, jak jsem psal na z\u00e1v\u011br posledn\u00edho ned\u011bln\u00edku \u2013 dosta\u0148te je ze sv\u00e9 hlavy, a\u0165 se z nich nezbl\u00e1zn\u00edte. Poda\u0159ilo se mi to p\u0159itom tak trochu necht\u011bn\u011b. Ne snad proto, \u017ee bych byl na dovolen\u00e9, ale proto, \u017ee jsem m\u011bl naopak tolik pr\u00e1ce, tak\u017ee jsem ani nem\u011bl \u010das sledovat na internetu zpr\u00e1vy. A zn\u00e1te to \u2013 sejde z o\u010d\u00ed, sejde z mysli. Kdy\u017e nevid\u00edte na obrazovce H\u0148up\u016fv kun\u00ed ksicht, \u017eivot je hned veselej\u0161\u00ed.<span id=\"more-13744\"><\/span><\/p>\n<p>Je to ale dvouse\u010dn\u00e9. To, \u017ee j\u00e1 na tu bandu na\u0161ich zaprodanc\u016f p\u0159estanu myslet, je\u0161t\u011b neznamen\u00e1, \u017ee za\u010dnou sekat latinu, p\u0159estanou kr\u00e1st, lh\u00e1t, l\u00e9zt do americk\u00e9 \u0159iti a zaprod\u00e1vat n\u00e1rod. Ve skute\u010dnosti se to v\u0161e d\u011bje i nad\u00e1le, jen j\u00e1 si to tolik nep\u0159ipou\u0161t\u00edm.<\/p>\n<p>Je to obdoba \u201evysm\u00e1t\u00e9ho d\u016fchodce\u201c, o kter\u00e9m jsem psal minule, ale mnohem levn\u011bj\u0161\u00ed. Nemus\u00edte na druh\u00fd konec zem\u011bkoule, abyste p\u0159ed tou skvadrou unikli, sta\u010d\u00ed se uch\u00fdlit do jak\u00e9si vnit\u0159n\u00ed emigrace. Ide\u00e1ln\u011b na chalupu, do p\u0159\u00edrody, do poustevny nebo klidn\u011b i z\u016fstat v byt\u011b, kdy\u017e to jinak nejde \u2013 hlavn\u011b ale oddat se v\u00e1\u0161niv\u011b \u010demukoli, co chmurn\u00e9 my\u0161lenky roze\u017eene. N\u00e1rod t\u00edm sice nezachr\u00e1n\u00edte, ale alespo\u0148 si uchov\u00e1te du\u0161evn\u00ed zdrav\u00ed, klid a veselou mysl. Nakonec \u2013 o to p\u0159ece jde, ne? Zachr\u00e1nit sebe a svoji rodinu, proto\u017ee v\u00edce se v\u00e1m stejn\u011b zachr\u00e1nit nepoda\u0159\u00ed.<br \/>\nAle \u2013 kdyby to bylo tak jednoduch\u00e9. N\u011bco takov\u00e9ho \u0161lo mo\u017en\u00e1 za minul\u00e9ho re\u017eimu. Ten sv\u00fdm zp\u016fsobem toleroval, kdy\u017e si ho \u010dlov\u011bk nev\u0161\u00edmal. Kdo cht\u011bl do Strany, aby mohl d\u011blat kari\u00e9ru, \u0161el do Strany a d\u011blal kari\u00e9ru. Kdo to m\u011bl opa\u010dn\u011b a necht\u011bl si s re\u017eimem zadat, nemusel. Mohl se uch\u00fdlit do \u00fastran\u00ed a re\u017eim mu dal \u2013 sv\u00fdm zp\u016fsobem \u2013 pokoj. M\u011bl se h\u016f\u0159e, ale mohl si zachovat tv\u00e1\u0159, integritu apod. Tak\u017ee bylo na v\u00fdb\u011br: Strana, nebo \u00fastran\u00ed.<\/p>\n<p>Dnes to tak snadn\u00e9 nen\u00ed. Re\u017eim usiluje o Tot\u00e1ln\u00ed kontrolu v\u0161eho a v\u0161ech a zakl\u00e1d\u00e1 si na tom, \u017ee mu nic neunikne. Chce o v\u00e1s v\u011bd\u011bt v\u0161e a chce tak\u00e9, abyste d\u011blali v\u0161e, co vymysl\u00ed. Ned\u00e1v\u00e1 v\u00e1m p\u0159\u00edli\u0161 prostoru, abyste si \u017eili po sv\u00e9m. Postupn\u011b zakazuje v\u0161e, co jen trochu zav\u00e1n\u00ed nez\u00e1vislost\u00ed a sob\u011bsta\u010dnost\u00ed, tedy t\u00edm, \u017ee byste mohli re\u017eim \u2013 by\u0165 jen sami pro sebe, soukrom\u011b, ryze osobn\u011b \u2013 poslat k \u0161\u00edpku. Chyst\u00e1 se z\u00e1kaz hotovosti, chyst\u00e1 se z\u00e1kaz pohybu (nebudou auta), u\u017e dnes se omezuje soukrom\u00fd chov dr\u016fbe\u017ee, ru\u0161\u00ed se farmy (u n\u00e1s zat\u00edm je\u0161t\u011b ne, ale net\u0159eba pochybovat o tom, \u017ee by to k n\u00e1m nedorazilo), zakazuje se topen\u00ed d\u0159evem apod. Pokud budete m\u00edt svoji nemovitost v m\u00edstech, kde li\u0161ky d\u00e1vaj\u00ed dobrou noc, ani tehdy nem\u00e1te vyhr\u00e1no \u2013 nejsp\u00ed\u0161e bude energeticky n\u00e1ro\u010dnou tak, \u017ee nespln\u00ed limity EU a vy tak budete platit emisn\u00ed povolenky jak mourovat\u00ed nebo o ni rovnou p\u0159ijdete. A\u0165 to prom\u00fd\u0161l\u00edm, jak to prom\u00fd\u0161l\u00edm, \u017eivot mimo Syst\u00e9m, jakkoli by se k n\u011bmu \u010dlov\u011bk svobodn\u011b rozhodl a vzal na sebe v\u0161echno nepohodl\u00ed, kter\u00e9 s sebou p\u0159in\u00e1\u0161\u00ed, bude t\u00e9m\u011b\u0159 nemo\u017en\u00fd. Tento re\u017eim si toti\u017e zakl\u00e1d\u00e1 na tom, \u017ee nikomu ned\u00e1 pokoj. V\u0161echno chce sledovat digit\u00e1ln\u011b, on-line, v re\u00e1ln\u00e9m \u010dase, v\u0161e zaznamen\u00e1v\u00e1, analyzuje, nahr\u00e1v\u00e1, ukl\u00e1d\u00e1, z\u00e1lohuje. Cel\u00fd v\u00e1\u0161 \u017eivot.<\/p>\n<p>O jak\u00e9m re\u017eimu mluv\u00edm? O Fialov\u011b? Ale kde\u017ee. Fiala je b\u0159\u00eddil, u\u017eite\u010dn\u00fd idiot. Kdyby tam nebyl on, byl by tam jin\u00fd b\u0159\u00eddil, jin\u00fd u\u017eite\u010dn\u00fd idiot. Komu vlastn\u011b \u010del\u00edme? Korporac\u00edm? Soro\u0161\u016fm? Schwab\u016fm? Evropsk\u00e9 unii? Washingtonu? Deep State? Globalist\u016fm? T\u011bm, o kter\u00fdch se nesm\u00ed mluvit? Nebo snad dokonce n\u011bjak\u00fdm extraterestri\u00e1ln\u00edm bytostem? U\u017e jen pojmenovat nep\u0159\u00edtele je docela o\u0159\u00ed\u0161ek. Sv\u011bt ne\u0159\u00edd\u00ed Biden, Putin, ale ani Rockefeller \u010di Klaus Schwab. I oni jen poslouchaj\u00ed p\u0159\u00edkazy a pln\u00ed pokyny. Biden je u\u017eite\u010dn\u00fd idiot podobn\u011b jako n\u00e1\u0161 Fiala. A Putin zase d\u011bl\u00e1 poskoka druh\u00e9 part\u011b. Kdo to tady vlastn\u011b \u0159\u00edd\u00ed? I kdybychom to nakr\u00e1sn\u011b rozkl\u00ed\u010dovali, nic s t\u00edm nenad\u011bl\u00e1me.<\/p>\n<p>Tak\u017ee si to zopakujme: p\u0159ed chystan\u00fdm digit\u00e1ln\u00edm koncentr\u00e1kem se ned\u00e1 ut\u00e9ci, nev\u00edme, kdo p\u0159esn\u011b za n\u00edm stoj\u00ed (nep\u0159\u00edtel, kter\u00e9mu \u010del\u00edme, je jaksi rozost\u0159en, skryt v oparu, ml\u017een\u00ed a dezinformac\u00edch) a tud\u00ed\u017e ho nem\u016f\u017eeme svrhnout a jeho pl\u00e1ny p\u0159ekazit. Vypad\u00e1 to na ne\u0159e\u0161itelnou situaci. Moje rada z \u00favodu \u010dl\u00e1nku \u2013 nemyslet na to, v\u011bnovat se n\u011b\u010demu jin\u00e9mu \u2013 je tak trochu neuspokojiv\u00e1.<\/p>\n<p>Je tedy pozice otroka (proto\u017ee nijak jinak ne\u017e k pozici otroka se na\u0161e postaven\u00ed p\u0159irovnat ned\u00e1) na\u0161\u00edm \u00fad\u011blem? Ob\u00e1v\u00e1m se, \u017ee ano a \u017ee jde jen o to, zaujmout k t\u00e9to skute\u010dnosti ten nejv\u00edce konstruktivn\u00ed a mravn\u00ed postoj. A v\u016fbec nejde o n\u00e1s, \u010cechy, o n\u011bjak\u00fd probl\u00e9m \u201emal\u00e9ho n\u00e1roda\u201c. Co takov\u00ed Ameri\u010dan\u00e9, obyvatel\u00e9 st\u00e1tu, kter\u00fd doned\u00e1vna byl sv\u011btov\u00fdm \u010detn\u00edkem a sv\u011btovou velmoc\u00ed? Copak oni nejsou otroky t\u00e9ho\u017e syst\u00e9mu? Co Rusov\u00e9? Je\u0161t\u011b v\u011bt\u0161\u00ed st\u00e1t, ale i zde jsou lid\u00e9 v pozici t\u011bch, kte\u0159\u00ed o sv\u00e9m \u017eivot\u011b nerozhoduj\u00ed sami.<\/p>\n<p>Je tedy probl\u00e9m v tom, \u017ee jsme jen oby\u010dejn\u00ed ob\u010dan\u00e9? Neboli \u2013 jin\u00fdmi slovy \u2013 m\u00e1 vlivn\u00fd, bohat\u0161\u00ed \u010dlov\u011bk jin\u00fd \u00fad\u011bl? Nem\u00e1. I on slou\u017e\u00ed, i on je otrokem. Mo\u017en\u00e1 je jeho \u017eivotn\u00ed \u00farove\u0148 jin\u00e1, vy\u0161\u0161\u00ed, ale i on v posledku slou\u017e\u00ed dal\u0161\u00edm, co jsou nad n\u00edm, i on je jen kole\u010dkem v soukol\u00ed. Tot\u00e9\u017e se t\u00fdk\u00e1 elit. Politici, mana\u017ee\u0159i, \u0159editel\u00e9 korporac\u00ed, i oni slou\u017e\u00ed Syst\u00e9mu. A jsme zase u toho. Ani ten dementn\u00ed Biden nen\u00ed s\u00e1m sob\u011b p\u00e1nem, ale d\u011bl\u00e1, co se mu \u0159ekne, proto\u017ee je pozitivn\u011b \/ negativn\u011b motivov\u00e1n. T\u011bmto lidem opravdu nen\u00ed co z\u00e1vid\u011bt. Sl\u00e1va, bohatstv\u00ed \u010di zd\u00e1nliv\u00e1 moc jsou jen jednou stranou mince. Tu druhou si \u010dasto neuv\u011bdomujeme.<\/p>\n<p>Tak\u017ee jak\u00fd je vlastn\u011b smysl \u017eivota? Za\u010d a na\u010d se tady pacht\u00edme? Zapome\u0148te na r\u00e1j na zemi, ten nikdy nep\u0159ijde. \u0158e\u010di o tom, \u017ee ud\u011bl\u00e1me sv\u011bt lep\u0161\u00edm m\u00edstem pro \u017eivot, z\u016fstanou v\u017edy jen \u0159e\u010dmi. Nebude \u017e\u00e1dn\u00e1 tis\u00edcilet\u00e1 \u0159\u00ed\u0161e a nebude \u017e\u00e1dn\u00e9 v\u011b\u010dn\u00e9 nebesk\u00e9 kr\u00e1lovstv\u00ed \u2013 zde na zemi. Utopie z\u016fstanou utopiemi \u2013 m\u00edsty, kter\u00e1 neexistuj\u00ed, proto\u017ee existovat ani nemohou. Nenastane \u017e\u00e1dn\u00e1 spravedliv\u00e1 (ani spravedliv\u011bj\u0161\u00ed) spole\u010dnost. Nebude nebe na zemi. Nesestoup\u00ed nebesk\u00fd Jeruzal\u00e9m. Nebude \u017e\u00e1dn\u00fd nov\u00fd sv\u011bt ani nov\u00fd sv\u011btov\u00fd \u0159\u00e1d ani b\u00e1je\u010dn\u00fd nov\u00fd sv\u011bt. Dokonce se ani nep\u0159ekalibrujeme do n\u011bjak\u00e9 vy\u0161\u0161\u00ed dimenze, nenalad\u00edme se na vy\u0161\u0161\u00ed duchovn\u00ed \u00farove\u0148, zapome\u0148te na vibrace, jemnohmotn\u00fd sv\u011bt a podobn\u00e9 zaru\u010den\u00e9 recepty.<br \/>\nZapome\u0148te na Blanick\u00e9 ryt\u00ed\u0159e \u2013 \u017ee n\u00e1s zachr\u00e1n\u00ed.<br \/>\nZapome\u0148te na \u0160vejka \u2013 \u017ee to n\u011bjak spole\u010dn\u011b o\u010d\u016fr\u00e1me.<br \/>\nZapome\u0148te na volby \u2013 \u017ee by n\u011bco zm\u011bnily.<\/p>\n<p>Je to toti\u017e takto:<\/p>\n<p>Maximum, co m\u016f\u017ee\u0161 uh\u00e1jit, je tvoje rodina.<br \/>\nA ani tam nem\u00e1\u0161 jistotu, proto\u017ee tv\u00e9 d\u011bti \u010di tv\u00e1 cho\u0165 \/ tv\u016fj cho\u0165 zodpov\u00eddaj\u00ed sami za sebe. M\u016f\u017ee\u0161 je nasm\u011brovat, ale nemus\u00ed to vyj\u00edt. Kdy\u017e to vyjde, je to sp\u00ed\u0161e z\u00e1zrak.<br \/>\nVe skute\u010dnosti jde hlavn\u011b o to, co ud\u011bl\u00e1\u0161 ty.<br \/>\nZda uh\u00e1j\u00ed\u0161 ten posledn\u00ed prostor \u2013 kter\u00fdm je tv\u00e1 hlava.<br \/>\nI ten se toti\u017e sna\u017e\u00ed kontrolovat \u2013 nejen propagandou z televize, ale i prost\u0159ednictv\u00edm r\u016fzn\u00fdch l\u00e1tek \u010di za\u0159\u00edzen\u00ed. Schwab se nijak netaj\u00ed t\u00edm, \u017ee by cht\u011bl lidem \u010d\u00edst my\u0161lenky a vnucovat jim ty sv\u00e9.<br \/>\nVypad\u00e1 to, \u017ee ta posledn\u00ed rozhoduj\u00edc\u00ed bitva bude pr\u00e1v\u011b v na\u0161ich hlav\u00e1ch a o na\u0161e hlavy.<br \/>\nTo je ten prostor, o kter\u00fd mus\u00edme zabojovat, kter\u00fd si nesm\u00edme nechat vz\u00edt\u2026<\/p>\n<p>p\u011bkn\u00e9 l\u00e9to v\u0161em, kte\u0159\u00ed je\u0161t\u011b vlastn\u00ed sv\u016fj mozek<\/p>\n<p><em>Adam B. Barto\u0161<\/em><br \/>\n<em>p\u0159edseda N\u00e1rodn\u00ed demokracie<\/em><\/p>\n<p><a href=\"https:\/\/narodnidemokracie.cz\/nedelnik-adama-b-bartose-141-hlavu-chran\/\"><img decoding=\"async\" loading=\"lazy\" class=\"alignnone size-full wp-image-678\" src=\"http:\/\/www.infokuryr.cz\/n\/wp-content\/uploads\/2021\/04\/narodni_demokracie_logo.jpg\" alt=\"\" width=\"300\" height=\"85\" \/><\/a><\/p>\n<p>______________________________<\/p>\n<p>&nbsp;<\/p>\n<p>&nbsp;<\/p>\n<p><a href=\"https:\/\/stranapro.cz\/\"><img decoding=\"async\" loading=\"lazy\" class=\"wp-image-30218 aligncenter\" src=\"http:\/\/www.infokuryr.cz\/n\/wp-content\/uploads\/2023\/06\/PRO-banner-300x36.png\" alt=\"\" width=\"1358\" height=\"163\" srcset=\"https:\/\/www.infokuryr.cz\/n\/wp-content\/uploads\/2023\/06\/PRO-banner-300x36.png 300w, https:\/\/www.infokuryr.cz\/n\/wp-content\/uploads\/2023\/06\/PRO-banner-768x93.png 768w, https:\/\/www.infokuryr.cz\/n\/wp-content\/uploads\/2023\/06\/PRO-banner.png 849w\" sizes=\"(max-width: 1358px) 100vw, 1358px\" \/><\/a><\/p>\n<p>&nbsp;<\/p>\n<p>&nbsp;<\/p>\n<p>&nbsp;<\/p>\n<p>&nbsp;<\/p>\n","protected":false},"excerpt":{"rendered":"<p>Posledn\u00ed dva t\u00fddny se mi poda\u0159ilo na\u0161e bl\u00e1zniv\u00e9 politiky vyt\u011bsnit z mysli. P\u0159esn\u011b, jak jsem&#8230;<\/p>\n","protected":false},"author":2,"featured_media":7994,"comment_status":"closed","ping_status":"closed","sticky":false,"template":"","format":"standard","meta":[],"categories":[6],"tags":[367,29,85,122],"_links":{"self":[{"href":"https:\/\/www.infokuryr.cz\/n\/wp-json\/wp\/v2\/posts\/33355"}],"collection":[{"href":"https:\/\/www.infokuryr.cz\/n\/wp-json\/wp\/v2\/posts"}],"about":[{"href":"https:\/\/www.infokuryr.cz\/n\/wp-json\/wp\/v2\/types\/post"}],"author":[{"embeddable":true,"href":"https:\/\/www.infokuryr.cz\/n\/wp-json\/wp\/v2\/users\/2"}],"replies":[{"embeddable":true,"href":"https:\/\/www.infokuryr.cz\/n\/wp-json\/wp\/v2\/comments?post=33355"}],"version-history":[{"count":0,"href":"https:\/\/www.infokuryr.cz\/n\/wp-json\/wp\/v2\/posts\/33355\/revisions"}],"wp:featuredmedia":[{"embeddable":true,"href":"https:\/\/www.infokuryr.cz\/n\/wp-json\/wp\/v2\/media\/7994"}],"wp:attachment":[{"href":"https:\/\/www.infokuryr.cz\/n\/wp-json\/wp\/v2\/media?parent=33355"}],"wp:term":[{"taxonomy":"category","embeddable":true,"href":"https:\/\/www.infokuryr.cz\/n\/wp-json\/wp\/v2\/categories?post=33355"},{"taxonomy":"post_tag","embeddable":true,"href":"https:\/\/www.infokuryr.cz\/n\/wp-json\/wp\/v2\/tags?post=33355"}],"curies":[{"name":"wp","href":"https:\/\/api.w.org\/{rel}","templated":true}]}}