{"id":3334,"date":"2021-07-15T03:23:54","date_gmt":"2021-07-15T01:23:54","guid":{"rendered":"http:\/\/www.infokuryr.cz\/n\/?p=3334"},"modified":"2021-07-15T03:23:54","modified_gmt":"2021-07-15T01:23:54","slug":"satisfakce-vychodu-konec-porucnikovani-eu","status":"publish","type":"post","link":"https:\/\/www.infokuryr.cz\/n\/2021\/07\/15\/satisfakce-vychodu-konec-porucnikovani-eu\/","title":{"rendered":"Satisfakce V\u00fdchodu: Konec poru\u010dn\u00edkov\u00e1n\u00ed EU!"},"content":{"rendered":"<div id=\"fb-root\"><\/div>\n<p>&#8222;Nejvy\u0161\u0161\u00ed \u010das, aby n\u011bkdo uk\u00e1zal moralist\u016fm z Bruselu, kde le\u017e\u00ed hranice jejich poru\u010dn\u00edkov\u00e1n\u00ed. Pro ob\u010dany na\u00a0 V\u00fdchod\u011b to bude satisfakc\u00ed&#8220;, p\u00ed\u0161e n\u011bmeck\u00fd Tagesspiegel o o\u010dek\u00e1van\u00e9m rozhodnut\u00ed polsk\u00e9ho \u00fastavn\u00edho soudu, kter\u00e9 m\u00e1 postavit EU mimo z\u00e1kon (v d\u00edl\u010d\u00edch v\u011bcech) a potvrdit nad\u0159azen\u00ed polsk\u00e9ho pr\u00e1va nad unijn\u00edm.<\/p>\n<p>V odpoledn\u00edch hodin\u00e1ch \u00dastavn\u00ed soud rozhodl, \u017ee po\u017eadavky EU v\u016f\u010di polsk\u00e9mu pr\u00e1vn\u00edmu po\u0159\u00e1dku jsou nez\u00e1konn\u00e9, co\u017e ministr spravedlnosti Zbigniew \u0179iobro komentoval, \u017ee &#8222;\u00dastavn\u00ed soud n\u00e1s ochr\u00e1nil p\u0159ed nez\u00e1konnou ingerenc\u00ed. \u00dastavnost a norm\u00e1lnost zv\u00edt\u011bzila!&#8220;<\/p>\n<p>EU se tak (na \u00fazem\u00ed polsk\u00e9 jurisdikce) ocit\u00e1 v ilegalit\u011b a mimo z\u00e1kon! Bude te\u010f p\u00e1chat bezpr\u00e1v\u00ed?!? To by oslabilo d\u016fv\u011bru v demokracii a vl\u00e1du pr\u00e1va, jako\u017e i element\u00e1rn\u00ed z\u00e1konnost&#8230; \u010c\u00edm se te\u010f EU uk\u00e1\u017ee skute\u010dn\u011b b\u00fdt..?<\/p>\n<p><a href=\"https:\/\/wpolityce.pl\/swiat\/558611-ciekawe-niemiecka-prasa-orzeczenie-tk-wstrzasnie-europa\">ZDROJ<\/a><\/p>\n<p>&nbsp;<\/p>\n","protected":false},"excerpt":{"rendered":"<p>&#8222;Nejvy\u0161\u0161\u00ed \u010das, aby n\u011bkdo uk\u00e1zal moralist\u016fm z Bruselu, kde le\u017e\u00ed hranice jejich poru\u010dn\u00edkov\u00e1n\u00ed. Pro ob\u010dany&#8230;<\/p>\n","protected":false},"author":2,"featured_media":1596,"comment_status":"closed","ping_status":"closed","sticky":false,"template":"","format":"standard","meta":[],"categories":[7],"tags":[41,277,31,324],"_links":{"self":[{"href":"https:\/\/www.infokuryr.cz\/n\/wp-json\/wp\/v2\/posts\/3334"}],"collection":[{"href":"https:\/\/www.infokuryr.cz\/n\/wp-json\/wp\/v2\/posts"}],"about":[{"href":"https:\/\/www.infokuryr.cz\/n\/wp-json\/wp\/v2\/types\/post"}],"author":[{"embeddable":true,"href":"https:\/\/www.infokuryr.cz\/n\/wp-json\/wp\/v2\/users\/2"}],"replies":[{"embeddable":true,"href":"https:\/\/www.infokuryr.cz\/n\/wp-json\/wp\/v2\/comments?post=3334"}],"version-history":[{"count":0,"href":"https:\/\/www.infokuryr.cz\/n\/wp-json\/wp\/v2\/posts\/3334\/revisions"}],"wp:featuredmedia":[{"embeddable":true,"href":"https:\/\/www.infokuryr.cz\/n\/wp-json\/wp\/v2\/media\/1596"}],"wp:attachment":[{"href":"https:\/\/www.infokuryr.cz\/n\/wp-json\/wp\/v2\/media?parent=3334"}],"wp:term":[{"taxonomy":"category","embeddable":true,"href":"https:\/\/www.infokuryr.cz\/n\/wp-json\/wp\/v2\/categories?post=3334"},{"taxonomy":"post_tag","embeddable":true,"href":"https:\/\/www.infokuryr.cz\/n\/wp-json\/wp\/v2\/tags?post=3334"}],"curies":[{"name":"wp","href":"https:\/\/api.w.org\/{rel}","templated":true}]}}