{"id":33250,"date":"2023-08-01T01:07:11","date_gmt":"2023-07-31T23:07:11","guid":{"rendered":"http:\/\/www.infokuryr.cz\/n\/?p=33250"},"modified":"2023-07-31T16:57:00","modified_gmt":"2023-07-31T14:57:00","slug":"nemci-maji-moralni-povinnost-vzdat-se-zivotni-urovne-a-bohatstvi-tvrdi-poslanec-strany-zelenych","status":"publish","type":"post","link":"https:\/\/www.infokuryr.cz\/n\/2023\/08\/01\/nemci-maji-moralni-povinnost-vzdat-se-zivotni-urovne-a-bohatstvi-tvrdi-poslanec-strany-zelenych\/","title":{"rendered":"N\u011bmci maj\u00ed \u201emor\u00e1ln\u00ed povinnost\u201c vzd\u00e1t se \u017eivotn\u00ed \u00farovn\u011b a bohatstv\u00ed, tvrd\u00ed poslanec Strany zelen\u00fdch"},"content":{"rendered":"<div id=\"fb-root\"><\/div>\n<p><span style=\"font-size: 18pt;\"><strong>P\u0159esto\u017ee N\u011bmci \u010del\u00ed rostouc\u00ed chudob\u011b, vysoce vyd\u011bl\u00e1vaj\u00edc\u00ed poslanec Strany zelen\u00fdch \u0159\u00edk\u00e1, \u017ee by N\u011bmci m\u011bli rozd\u00e1vat v\u00edce ze sv\u00e9ho bohatstv\u00ed<\/strong><\/span><\/p>\n<p>N\u011bmci se pot\u00fdkaj\u00ed s rostouc\u00ed \u0159adou ekonomick\u00fdch probl\u00e9m\u016f, v\u010detn\u011b recese, inflace, klesaj\u00edc\u00edch re\u00e1ln\u00fdch mezd a dokonce po\u010d\u00e1tk\u016f deindustrializace, ale poslanec Strany zelen\u00fdch Johannes Wagner\u00a0<a class=\"ek-link\" href=\"https:\/\/jungefreiheit.de\/politik\/deutschland\/2023\/gruene-deutsche-haben-moralische-pflicht-wohlstand-abzugeben\/\">tvrd\u00ed<\/a>\u00a0, \u017ee N\u011bmci maj\u00ed \u201emor\u00e1ln\u00ed povinnost\u201c vzd\u00e1t se sv\u00e9ho bohatstv\u00ed.<\/p>\n<p>Wagner na Twitteru vyj\u00e1d\u0159il sv\u00e9 rozho\u0159\u010den\u00ed nad t\u00edm, \u017ee N\u011bmci necht\u011bj\u00ed rozd\u00e1vat sv\u00e9 bohatstv\u00ed.<\/p>\n<p>\u201eJe to takov\u00e1 \u0161koda, \u017ee tolik lid\u00ed nevid\u00ed (nebo nechce?), jakou neuv\u011b\u0159itelnou prosperitu v N\u011bmecku m\u00e1me.\u00a0Jsme jednou z nejbohat\u0161\u00edch zem\u00ed na Zemi.\u00a0St\u00e1le m\u016f\u017eeme tolik d\u00e1t.\u00a0A tak\u00e9 maj\u00ed mor\u00e1ln\u00ed povinnost to ud\u011blat,\u201c napsal.<\/p>\n<figure class=\"wp-block-embed is-type-rich is-provider-twitter wp-block-embed-twitter\">\n<div class=\"wp-block-embed__wrapper\">\n<div class=\"twitter-tweet twitter-tweet-rendered\"><iframe id=\"twitter-widget-0\" class=\"\" title=\"Twitter Tweet\" src=\"https:\/\/platform.twitter.com\/embed\/Tweet.html?dnt=true&amp;embedId=twitter-widget-0&amp;features=eyJ0ZndfdGltZWxpbmVfbGlzdCI6eyJidWNrZXQiOltdLCJ2ZXJzaW9uIjpudWxsfSwidGZ3X2ZvbGxvd2VyX2NvdW50X3N1bnNldCI6eyJidWNrZXQiOnRydWUsInZlcnNpb24iOm51bGx9LCJ0ZndfdHdlZXRfZWRpdF9iYWNrZW5kIjp7ImJ1Y2tldCI6Im9uIiwidmVyc2lvbiI6bnVsbH0sInRmd19yZWZzcmNfc2Vzc2lvbiI6eyJidWNrZXQiOiJvbiIsInZlcnNpb24iOm51bGx9LCJ0ZndfZm9zbnJfc29mdF9pbnRlcnZlbnRpb25zX2VuYWJsZWQiOnsiYnVja2V0Ijoib24iLCJ2ZXJzaW9uIjpudWxsfSwidGZ3X21peGVkX21lZGlhXzE1ODk3Ijp7ImJ1Y2tldCI6InRyZWF0bWVudCIsInZlcnNpb24iOm51bGx9LCJ0ZndfZXhwZXJpbWVudHNfY29va2llX2V4cGlyYXRpb24iOnsiYnVja2V0IjoxMjA5NjAwLCJ2ZXJzaW9uIjpudWxsfSwidGZ3X3Nob3dfYmlyZHdhdGNoX3Bpdm90c19lbmFibGVkIjp7ImJ1Y2tldCI6Im9uIiwidmVyc2lvbiI6bnVsbH0sInRmd19kdXBsaWNhdGVfc2NyaWJlc190b19zZXR0aW5ncyI6eyJidWNrZXQiOiJvbiIsInZlcnNpb24iOm51bGx9LCJ0ZndfdXNlX3Byb2ZpbGVfaW1hZ2Vfc2hhcGVfZW5hYmxlZCI6eyJidWNrZXQiOiJvbiIsInZlcnNpb24iOm51bGx9LCJ0ZndfdmlkZW9faGxzX2R5bmFtaWNfbWFuaWZlc3RzXzE1MDgyIjp7ImJ1Y2tldCI6InRydWVfYml0cmF0ZSIsInZlcnNpb24iOm51bGx9LCJ0ZndfbGVnYWN5X3RpbWVsaW5lX3N1bnNldCI6eyJidWNrZXQiOnRydWUsInZlcnNpb24iOm51bGx9LCJ0ZndfdHdlZXRfZWRpdF9mcm9udGVuZCI6eyJidWNrZXQiOiJvbiIsInZlcnNpb24iOm51bGx9fQ%3D%3D&amp;frame=false&amp;hideCard=false&amp;hideThread=false&amp;id=1684587785162723329&amp;lang=cs&amp;origin=https%3A%2F%2Frmx.news%2Fgermany%2Fgermans-have-moral-obligation-to-give-up-living-standards-and-wealth-claims-green-party-mp%2F&amp;sessionId=fadfa164bc2ff06d8c2df5bc7542eec7a88a3319&amp;theme=light&amp;widgetsVersion=aaf4084522e3a%3A1674595607486&amp;width=550px\" frameborder=\"0\" scrolling=\"no\" allowfullscreen=\"allowfullscreen\" data-tweet-id=\"1684587785162723329\" data-mce-fragment=\"1\"><\/iframe><\/div>\n<\/div>\n<\/figure>\n<div><\/div>\n<div class=\"yarpp-related\"><img decoding=\"async\" loading=\"lazy\" class=\"alignnone size-full wp-image-1185\" src=\"http:\/\/www.infokuryr.cz\/n\/wp-content\/uploads\/2021\/04\/kuryr-podpis.png\" alt=\"\" width=\"84\" height=\"24\" \/><\/div>\n<div><\/div>\n<div><\/div>\n<div><\/div>\n<div><a href=\"https:\/\/stranapro.cz\/\"><img decoding=\"async\" loading=\"lazy\" class=\"wp-image-30218 aligncenter\" src=\"http:\/\/www.infokuryr.cz\/n\/wp-content\/uploads\/2023\/06\/PRO-banner-300x36.png\" alt=\"\" width=\"1358\" height=\"163\" srcset=\"https:\/\/www.infokuryr.cz\/n\/wp-content\/uploads\/2023\/06\/PRO-banner-300x36.png 300w, https:\/\/www.infokuryr.cz\/n\/wp-content\/uploads\/2023\/06\/PRO-banner-768x93.png 768w, https:\/\/www.infokuryr.cz\/n\/wp-content\/uploads\/2023\/06\/PRO-banner.png 849w\" sizes=\"(max-width: 1358px) 100vw, 1358px\" \/><\/a><\/div>\n<div><\/div>\n<div><\/div>\n<div><\/div>\n<div><\/div>\n","protected":false},"excerpt":{"rendered":"<p>P\u0159esto\u017ee N\u011bmci \u010del\u00ed rostouc\u00ed chudob\u011b, vysoce vyd\u011bl\u00e1vaj\u00edc\u00ed poslanec Strany zelen\u00fdch \u0159\u00edk\u00e1, \u017ee by N\u011bmci m\u011bli&#8230;<\/p>\n","protected":false},"author":2,"featured_media":33251,"comment_status":"closed","ping_status":"closed","sticky":false,"template":"","format":"standard","meta":[],"categories":[7],"tags":[429,428,103],"_links":{"self":[{"href":"https:\/\/www.infokuryr.cz\/n\/wp-json\/wp\/v2\/posts\/33250"}],"collection":[{"href":"https:\/\/www.infokuryr.cz\/n\/wp-json\/wp\/v2\/posts"}],"about":[{"href":"https:\/\/www.infokuryr.cz\/n\/wp-json\/wp\/v2\/types\/post"}],"author":[{"embeddable":true,"href":"https:\/\/www.infokuryr.cz\/n\/wp-json\/wp\/v2\/users\/2"}],"replies":[{"embeddable":true,"href":"https:\/\/www.infokuryr.cz\/n\/wp-json\/wp\/v2\/comments?post=33250"}],"version-history":[{"count":1,"href":"https:\/\/www.infokuryr.cz\/n\/wp-json\/wp\/v2\/posts\/33250\/revisions"}],"predecessor-version":[{"id":33252,"href":"https:\/\/www.infokuryr.cz\/n\/wp-json\/wp\/v2\/posts\/33250\/revisions\/33252"}],"wp:featuredmedia":[{"embeddable":true,"href":"https:\/\/www.infokuryr.cz\/n\/wp-json\/wp\/v2\/media\/33251"}],"wp:attachment":[{"href":"https:\/\/www.infokuryr.cz\/n\/wp-json\/wp\/v2\/media?parent=33250"}],"wp:term":[{"taxonomy":"category","embeddable":true,"href":"https:\/\/www.infokuryr.cz\/n\/wp-json\/wp\/v2\/categories?post=33250"},{"taxonomy":"post_tag","embeddable":true,"href":"https:\/\/www.infokuryr.cz\/n\/wp-json\/wp\/v2\/tags?post=33250"}],"curies":[{"name":"wp","href":"https:\/\/api.w.org\/{rel}","templated":true}]}}