{"id":33216,"date":"2023-07-31T03:40:44","date_gmt":"2023-07-31T01:40:44","guid":{"rendered":"http:\/\/www.infokuryr.cz\/n\/?p=33216"},"modified":"2023-07-31T03:40:44","modified_gmt":"2023-07-31T01:40:44","slug":"vlada-p-fialy-dal-aktivne-rozvraci-v4","status":"publish","type":"post","link":"https:\/\/www.infokuryr.cz\/n\/2023\/07\/31\/vlada-p-fialy-dal-aktivne-rozvraci-v4\/","title":{"rendered":"Vl\u00e1da P. Fialy d\u00e1l aktivn\u011b rozvrac\u00ed V4"},"content":{"rendered":"<div id=\"fb-root\"><\/div>\n<h2 class=\"entry-title\"><span style=\"font-size: 14pt;\">\u010cesk\u00e1 ambas\u00e1da v Budape\u0161ti slou\u017e\u00ed jako LGBT++P \u00faderka. Protima\u010farsk\u00e9 ta\u017een\u00ed \u201e\u010desk\u00e9\u201c diplomacie je kontraproduktivn\u00ed a pokryteck\u00e9<\/span><\/h2>\n<p><strong>Vl\u00e1da \u201eUkrajince\u201c Fialy se na p\u0159\u00edkaz zahrani\u010dn\u00edch boss\u016f d\u00e1l pokou\u0161\u00ed rozvracet funk\u010dn\u00ed uskupen\u00ed V4.\u00a0<\/strong>V posledn\u00edch m\u011bs\u00edc\u00edch se \u201e\u010desk\u00e1\u201c vl\u00e1da zam\u011b\u0159ila na protima\u010farsk\u00e9 postoje<strong>. Pro Fialu a jeho ministry je to snadn\u00e9, podporuj\u00ed v\u0161echny neomarxistick\u00e9 perverze jako LGBT, masovou imigraci, deedukaci, green deal, v\u00e1lku proti Rusku atd. a to je p\u0159esn\u00fd opak toho, co d\u011bl\u00e1 Orb\u00e1nova vl\u00e1da tady v Budape\u0161ti.<\/strong><\/p>\n<p><b>\u010cesk\u00e1 ambas\u00e1da se na p\u0159\u00edkaz z \u010cern\u00ednsk\u00e9ho pal\u00e1ce (s\u00eddlo MZV) zapojila\u00a0<\/b><a style=\"font-weight: bold;\" href=\"https:\/\/www.mzv.cz\/budapest\/cz\/aktuality\/spolecne_prohlaseni_zahranicnich.html\">do podpory pochodu<\/a><b>\u00a0deviantn\u00ed p\u00fdchy zvan\u00e9 Budapest pride a otev\u0159en\u00e9ho \u00fatoku proti ma\u010farsk\u00fdm vnit\u0159n\u00edm z\u00e1le\u017eitostem jako je obrana norm\u00e1ln\u00ed rodiny<\/b>.<\/p>\n<p><b>V Ma\u010farsku je od roku 2021 zak\u00e1z\u00e1na LGBT++P propaganda zam\u011b\u0159en\u00e1 na ml\u00e1de\u017e a d\u011bti. To pochopiteln\u011b znemo\u017enilo agresivn\u00ed LGBT++P propagandu jakou zn\u00e1me ze z\u00e1padn\u00ed Evropy a USA a bohu\u017eel v posledn\u00edch letech i z \u010cR. Jde p\u0159edev\u0161\u00edm o vym\u00fdv\u00e1n\u00ed mozk\u016f d\u011btem na \u0161kol\u00e1ch, kam chod\u00ed neziskovky \u0161\u00ed\u0159\u00edc\u00ed LGBT++P propagandu. LGBT++P propaganda je toti\u017e jedn\u00edm z n\u00e1stroj\u016f globalist\u016f, kter\u00fd m\u00e1 slou\u017eit ke zni\u010den\u00ed tradi\u010dn\u00ed b\u00edl\u00e9 rodiny.<\/b><\/p>\n<p>Sou\u010dasn\u011b\u00a0<strong>to slou\u017e\u00ed k likvidaci funk\u010dn\u00edho uskupen\u00ed V4, kter\u00e9 v minulosti celkem \u00fasp\u011b\u0161n\u011b h\u00e1jilo z\u00e1jmy \u010cR, Polska, Slovenska a Ma\u010farska<\/strong>.<\/p>\n<p><strong>Ma\u010fa\u0159i a jimi zvolen\u00e1 vl\u00e1da to odm\u00edtaj\u00ed a \u010desk\u00e1 diplomacie by to m\u011bla respektovat!<\/strong>\u00a0Je to i sm\u011b\u0161n\u00e9 pokrytectv\u00ed.\u00a0<strong>Kritizuje snad ministr Lipavsk\u00fd (Pir\u00e1ti) z\u00e1kaz LGBT propagandy v muslimsk\u00fdch zem\u00edch jako Saudsk\u00e1 Ar\u00e1bie, nebo Katar? Nekritizuje! Tak a\u0165 nech\u00e1 Ma\u010fary na pokoji!\u00a0<\/strong>\u010cesk\u00fdm z\u00e1jmem jsou dobr\u00e9 vztahy s Ma\u010farskem!<\/p>\n<p><a href=\"https:\/\/ceskavec.com\/2023\/07\/vlada-p-fialy-dal-aktivne-rozvraci-v4-ceska-ambasada-v-budapesti-slouzi-jako-lgbtp-uderka-protimadarske-tazeni-ceske-diplomacie-je-kontraproduktivni-a-pokrytecke\">Diplomat Budape\u0161\u0165<\/a><\/p>\n<p>&nbsp;<\/p>\n<p><a href=\"https:\/\/stranapro.cz\/\"><img decoding=\"async\" loading=\"lazy\" class=\"wp-image-30218 aligncenter\" src=\"http:\/\/www.infokuryr.cz\/n\/wp-content\/uploads\/2023\/06\/PRO-banner-300x36.png\" alt=\"\" width=\"1358\" height=\"163\" srcset=\"https:\/\/www.infokuryr.cz\/n\/wp-content\/uploads\/2023\/06\/PRO-banner-300x36.png 300w, https:\/\/www.infokuryr.cz\/n\/wp-content\/uploads\/2023\/06\/PRO-banner-768x93.png 768w, https:\/\/www.infokuryr.cz\/n\/wp-content\/uploads\/2023\/06\/PRO-banner.png 849w\" sizes=\"(max-width: 1358px) 100vw, 1358px\" \/><\/a><\/p>\n<p>&nbsp;<\/p>\n<p>&nbsp;<\/p>\n<p>&nbsp;<\/p>\n","protected":false},"excerpt":{"rendered":"<p>\u010cesk\u00e1 ambas\u00e1da v Budape\u0161ti slou\u017e\u00ed jako LGBT++P \u00faderka. Protima\u010farsk\u00e9 ta\u017een\u00ed \u201e\u010desk\u00e9\u201c diplomacie je kontraproduktivn\u00ed a&#8230;<\/p>\n","protected":false},"author":2,"featured_media":33217,"comment_status":"closed","ping_status":"closed","sticky":false,"template":"","format":"standard","meta":[],"categories":[7],"tags":[1976,206,4617,1242,1731],"_links":{"self":[{"href":"https:\/\/www.infokuryr.cz\/n\/wp-json\/wp\/v2\/posts\/33216"}],"collection":[{"href":"https:\/\/www.infokuryr.cz\/n\/wp-json\/wp\/v2\/posts"}],"about":[{"href":"https:\/\/www.infokuryr.cz\/n\/wp-json\/wp\/v2\/types\/post"}],"author":[{"embeddable":true,"href":"https:\/\/www.infokuryr.cz\/n\/wp-json\/wp\/v2\/users\/2"}],"replies":[{"embeddable":true,"href":"https:\/\/www.infokuryr.cz\/n\/wp-json\/wp\/v2\/comments?post=33216"}],"version-history":[{"count":0,"href":"https:\/\/www.infokuryr.cz\/n\/wp-json\/wp\/v2\/posts\/33216\/revisions"}],"wp:featuredmedia":[{"embeddable":true,"href":"https:\/\/www.infokuryr.cz\/n\/wp-json\/wp\/v2\/media\/33217"}],"wp:attachment":[{"href":"https:\/\/www.infokuryr.cz\/n\/wp-json\/wp\/v2\/media?parent=33216"}],"wp:term":[{"taxonomy":"category","embeddable":true,"href":"https:\/\/www.infokuryr.cz\/n\/wp-json\/wp\/v2\/categories?post=33216"},{"taxonomy":"post_tag","embeddable":true,"href":"https:\/\/www.infokuryr.cz\/n\/wp-json\/wp\/v2\/tags?post=33216"}],"curies":[{"name":"wp","href":"https:\/\/api.w.org\/{rel}","templated":true}]}}