{"id":33154,"date":"2023-07-30T01:18:38","date_gmt":"2023-07-29T23:18:38","guid":{"rendered":"http:\/\/www.infokuryr.cz\/n\/?p=33154"},"modified":"2023-07-29T19:34:51","modified_gmt":"2023-07-29T17:34:51","slug":"ukrajinska-cirkev-odmita-zelenskeho-nove-vanoce","status":"publish","type":"post","link":"https:\/\/www.infokuryr.cz\/n\/2023\/07\/30\/ukrajinska-cirkev-odmita-zelenskeho-nove-vanoce\/","title":{"rendered":"Ukrajinsk\u00e1 c\u00edrkev odm\u00edt\u00e1 Zelensk\u00e9ho \u201enov\u00e9\u201c V\u00e1noce"},"content":{"rendered":"<div id=\"fb-root\"><\/div>\n<p><span style=\"font-size: 18pt;\"><strong>Kanonick\u00e1 ukrajinsk\u00e1 pravoslavn\u00e1 c\u00edrkev \u0159\u00edk\u00e1, \u017ee bude i nad\u00e1le slavit sv\u00e1tek 7. ledna<\/strong><\/span><\/p>\n<p>Kanonick\u00e1 Ukrajinsk\u00e1 pravoslavn\u00e1 c\u00edrkev (UOC) ozn\u00e1mila, \u017ee se nebude \u0159\u00eddit na\u0159\u00edzen\u00edm prezidenta Vladimira Zelensk\u00e9ho p\u0159ipom\u00ednat \u0160t\u011bdr\u00fd den 25. prosince, v souladu se z\u00e1padn\u00ed k\u0159es\u0165anskou tradic\u00ed.<\/p>\n<p>Zelenskij v p\u00e1tek podepsal dekret, kter\u00fd sla\u010fuje oslavy jednoho z hlavn\u00edch k\u0159es\u0165ansk\u00fdch sv\u00e1tk\u016f s gregori\u00e1nsk\u00fdm kalend\u00e1\u0159em.\u00a0Ukrajina historicky p\u0159ipomn\u011bla narozen\u00ed Krista 7. ledna v souladu s juli\u00e1nsk\u00fdm kalend\u00e1\u0159em.<\/p>\n<p>Metropolita Kliment, mluv\u010d\u00ed UOC \u2013 kter\u00e1 m\u00e1 historick\u00e9 vazby s Ruskou pravoslavnou c\u00edrkv\u00ed \u2013 v sobotu pro web Strana.ua \u0159ekl:\u00a0<em>\u201eJe naprosto zaru\u010deno, \u017ee naprost\u00e1 v\u011bt\u0161ina Ukrajinc\u016f r\u016fzn\u00fdch n\u00e1bo\u017eensk\u00fdch vyzn\u00e1n\u00ed bude p\u0159\u00ed\u0161t\u00ed V\u00e1noce slavit stejn\u011b jako oni. Samoz\u0159ejm\u011b se dalo doufat, \u017ee tito lid\u00e9 a jejich tradice budou respektov\u00e1ni. Ale m\u00e1me, co m\u00e1me.&#8220;<\/em><\/p>\n<p>Za\u010d\u00e1tkem tohoto m\u011bs\u00edce ukrajinsk\u00fd parlament, Nejvy\u0161\u0161\u00ed rada, odhlasoval zru\u0161en\u00ed ka\u017edoro\u010dn\u00edho st\u00e1tn\u00edho sv\u00e1tku 7. ledna.<\/p>\n<p>Kliment argumentoval, \u017ee politici, kte\u0159\u00ed od\u016fvod\u0148ovali p\u0159esun V\u00e1noc na 25. prosince\u00a0<em>\u201ejako odklon od rusk\u00e9 tradice\u2026 m\u011bli nep\u0159esn\u00e9 nebo ne\u00fapln\u00e9 informace\u201c.<\/em><\/p>\n<p>Ozna\u010den\u00ed V\u00e1noc 7. ledna\u00a0<em>\u201enesleduje ruskou tradici, ale kalend\u00e1\u0159n\u00ed tradici c\u00edrkve v Jeruzal\u00e9m\u011b, kde se nach\u00e1zej\u00ed nejposv\u00e1tn\u011bj\u0161\u00ed svatyn\u011b k\u0159es\u0165anstv\u00ed.\u00a0Tam se v\u0161echny hlavn\u00ed sv\u00e1tky pravoslavn\u00e9 c\u00edrkve dodnes slav\u00ed v souladu s juli\u00e1nsk\u00fdm kalend\u00e1\u0159em,\u201c<\/em>\u00a0\u0159ekl.<\/p>\n<p>Zvyk ozna\u010dovat narozen\u00ed Krista 25. prosince m\u00e1 p\u016fvod v tureck\u00e9m ortodoxn\u00edm k\u0159es\u0165anstv\u00ed, vysv\u011btlil duchovn\u00ed.\u00a0<em>&#8222;Je pro m\u011b t\u011b\u017ek\u00e9 \u0159\u00edci, pro\u010d se \u010dlenov\u00e9 parlamentu rozhodli, \u017ee tureck\u00e9 tradice jsou ukrajinsk\u00e9mu lidu bli\u017e\u0161\u00ed ne\u017e ty z Jeruzal\u00e9ma a Betl\u00e9ma,&#8220; dodal<\/em>\u00a0.<\/p>\n<p>Ukrajina u\u017e l\u00e9ta za\u017e\u00edv\u00e1 n\u00e1bo\u017eensk\u00e9 nap\u011bt\u00ed, p\u0159i\u010dem\u017e dva subjekty tvrd\u00ed, \u017ee jsou skute\u010dnou pravoslavnou c\u00edrkv\u00ed v zemi. Zelensk\u00e9ho vl\u00e1da uzn\u00e1v\u00e1 Pravoslavnou c\u00edrkev Ukrajiny (OCU), kter\u00e1 byla vytvo\u0159ena v roce 2014 a rusk\u00e1 pravoslavn\u00e1 c\u00edrkev ji pova\u017euje za schizmatickou.<\/p>\n<p>Od za\u010d\u00e1tku konfliktu mezi Ruskem a Ukrajinou kyjevsk\u00e9 \u00fa\u0159ady a aktivist\u00e9 zab\u00edrali m\u00edsta uct\u00edv\u00e1n\u00ed UOC a p\u0159ed\u00e1vali je vl\u00e1d\u011b podporovan\u00e9 OCU.\u00a0Mimo jin\u00e9 byli mni\u0161i OCU vyst\u011bhov\u00e1ni z nejposv\u00e1tn\u011bj\u0161\u00edho ortodoxn\u00edho m\u00edsta zem\u011b, Kyjevskope\u010dersk\u00e9 l\u00e1vry.<\/p>\n<p>Jeden z v\u016fdc\u016f kanonick\u00e9 c\u00edrkve, metropolita Pavel, byl v dubnu um\u00edst\u011bn do dom\u00e1c\u00edho v\u011bzen\u00ed kv\u016fli obvin\u011bn\u00ed z prorusk\u00e9ho c\u00edt\u011bn\u00ed.\u00a0Za\u010d\u00e1tkem tohoto m\u011bs\u00edce soudce rozhodl, \u017ee by m\u011bl b\u00fdt uvalen do vazby.<\/p>\n<p>Nekanonick\u00e1 Pravoslavn\u00e1 c\u00edrkev Ukrajiny ji\u017e potvrdila, \u017ee p\u0159esouv\u00e1 v\u00e1no\u010dn\u00ed oslavy na 25. prosince a zcela p\u0159ech\u00e1z\u00ed na gregori\u00e1nsk\u00fd kalend\u00e1\u0159.<\/p>\n<p><img decoding=\"async\" loading=\"lazy\" class=\"alignnone size-full wp-image-1185\" src=\"http:\/\/www.infokuryr.cz\/n\/wp-content\/uploads\/2021\/04\/kuryr-podpis.png\" alt=\"\" width=\"84\" height=\"24\" \/><\/p>\n<p>&nbsp;<\/p>\n<p><a href=\"https:\/\/stranapro.cz\/\"><img decoding=\"async\" loading=\"lazy\" class=\"wp-image-30218 aligncenter\" src=\"http:\/\/www.infokuryr.cz\/n\/wp-content\/uploads\/2023\/06\/PRO-banner-300x36.png\" alt=\"\" width=\"1350\" height=\"162\" srcset=\"https:\/\/www.infokuryr.cz\/n\/wp-content\/uploads\/2023\/06\/PRO-banner-300x36.png 300w, https:\/\/www.infokuryr.cz\/n\/wp-content\/uploads\/2023\/06\/PRO-banner-768x93.png 768w, https:\/\/www.infokuryr.cz\/n\/wp-content\/uploads\/2023\/06\/PRO-banner.png 849w\" sizes=\"(max-width: 1350px) 100vw, 1350px\" \/><\/a><\/p>\n<p>&nbsp;<\/p>\n<p>&nbsp;<\/p>\n<p>&nbsp;<\/p>\n","protected":false},"excerpt":{"rendered":"<p>Kanonick\u00e1 ukrajinsk\u00e1 pravoslavn\u00e1 c\u00edrkev \u0159\u00edk\u00e1, \u017ee bude i nad\u00e1le slavit sv\u00e1tek 7. ledna Kanonick\u00e1 Ukrajinsk\u00e1&#8230;<\/p>\n","protected":false},"author":2,"featured_media":33155,"comment_status":"closed","ping_status":"closed","sticky":false,"template":"","format":"standard","meta":[],"categories":[7],"tags":[250,26,1471,1000],"_links":{"self":[{"href":"https:\/\/www.infokuryr.cz\/n\/wp-json\/wp\/v2\/posts\/33154"}],"collection":[{"href":"https:\/\/www.infokuryr.cz\/n\/wp-json\/wp\/v2\/posts"}],"about":[{"href":"https:\/\/www.infokuryr.cz\/n\/wp-json\/wp\/v2\/types\/post"}],"author":[{"embeddable":true,"href":"https:\/\/www.infokuryr.cz\/n\/wp-json\/wp\/v2\/users\/2"}],"replies":[{"embeddable":true,"href":"https:\/\/www.infokuryr.cz\/n\/wp-json\/wp\/v2\/comments?post=33154"}],"version-history":[{"count":1,"href":"https:\/\/www.infokuryr.cz\/n\/wp-json\/wp\/v2\/posts\/33154\/revisions"}],"predecessor-version":[{"id":33156,"href":"https:\/\/www.infokuryr.cz\/n\/wp-json\/wp\/v2\/posts\/33154\/revisions\/33156"}],"wp:featuredmedia":[{"embeddable":true,"href":"https:\/\/www.infokuryr.cz\/n\/wp-json\/wp\/v2\/media\/33155"}],"wp:attachment":[{"href":"https:\/\/www.infokuryr.cz\/n\/wp-json\/wp\/v2\/media?parent=33154"}],"wp:term":[{"taxonomy":"category","embeddable":true,"href":"https:\/\/www.infokuryr.cz\/n\/wp-json\/wp\/v2\/categories?post=33154"},{"taxonomy":"post_tag","embeddable":true,"href":"https:\/\/www.infokuryr.cz\/n\/wp-json\/wp\/v2\/tags?post=33154"}],"curies":[{"name":"wp","href":"https:\/\/api.w.org\/{rel}","templated":true}]}}