{"id":33138,"date":"2023-07-30T01:10:36","date_gmt":"2023-07-29T23:10:36","guid":{"rendered":"http:\/\/www.infokuryr.cz\/n\/?p=33138"},"modified":"2023-07-29T16:21:28","modified_gmt":"2023-07-29T14:21:28","slug":"nemecky-zbrojni-gigant-opravi-tanky-na-ukrajine","status":"publish","type":"post","link":"https:\/\/www.infokuryr.cz\/n\/2023\/07\/30\/nemecky-zbrojni-gigant-opravi-tanky-na-ukrajine\/","title":{"rendered":"N\u011bmeck\u00fd zbrojn\u00ed gigant oprav\u00ed tanky na Ukrajin\u011b"},"content":{"rendered":"<div id=\"fb-root\"><\/div>\n<p><span style=\"font-size: 18pt;\"><strong>M\u00edstn\u00ed technici se ji\u017e pro tuto pr\u00e1ci \u0161kol\u00ed, \u0159\u00edk\u00e1 gener\u00e1ln\u00ed \u0159editel spole\u010dnosti Rheinmetall<\/strong><\/span><\/p>\n<p><span>Oprav\u00e1rensk\u00e9 za\u0159\u00edzen\u00ed pro tanky Leopard 2 a dal\u0161\u00ed hardware n\u011bmeck\u00e9 v\u00fdroby dod\u00e1van\u00e9 Kyjevu Z\u00e1padem pro pou\u017eit\u00ed v konfliktu s Moskvou zah\u00e1j\u00ed \u010dinnost na Ukrajin\u011b po tomto l\u00e9t\u011b, \u0159ekl gener\u00e1ln\u00ed \u0159editel Rheinmetall Armin Papperger.<\/span><\/p>\n<p><em><span>&#8222;Chceme zah\u00e1jit provoz po letn\u00ed p\u0159est\u00e1vce,&#8220;<\/span><\/em><span>\u00a0\u0159ekl Papperger v p\u00e1tek magaz\u00ednu Der Spiegel.\u00a0Rheinmetall\u00a0<\/span><em><span>\u201eji\u017e \u0161kol\u00ed Ukrajince v N\u011bmecku pro tuto pr\u00e1ci,\u201c<\/span><\/em><span>\u00a0dodal.<\/span><\/p>\n<p><span>Podnikatel neuvedl, kde p\u0159esn\u011b v zemi bude za\u0159\u00edzen\u00ed st\u00e1t.<\/span><\/p>\n<p><span>V tuto chv\u00edli lze Leopardy 2 opravit pouze mimo Ukrajinu a navrhovan\u00e9 centrum zkr\u00e1t\u00ed vzd\u00e1lenost, na kterou mus\u00ed b\u00fdt po\u0161kozen\u00e9 tanky p\u0159epravov\u00e1ny, uv\u00e1d\u00ed zpr\u00e1va.<\/span><\/p>\n<p><span>Der Spiegel v\u0161ak tak\u00e9 upozornil, \u017ee s projektem byly spojeny bezpe\u010dnostn\u00ed obavy.<\/span><\/p>\n<p><span>Spole\u010dnost Rheinmetall poprv\u00e9 ozn\u00e1mila, \u017ee pl\u00e1nuje investovat p\u0159ibli\u017en\u011b 200 milion\u016f dolar\u016f do v\u00fdrobn\u00edho a oprav\u00e1rensk\u00e9ho za\u0159\u00edzen\u00ed na ukrajinsk\u00e9m \u00fazem\u00ed v b\u0159eznu.\u00a0Od t\u00e9 doby n\u011bkolik rusk\u00fdch p\u0159edstavitel\u016f varovalo Berl\u00edn p\u0159ed pokra\u010dov\u00e1n\u00edm v pl\u00e1nu.<\/span><\/p>\n<p><span>V b\u0159eznu b\u00fdval\u00fd rusk\u00fd prezident Dmitrij Medved\u011bv, kter\u00fd nyn\u00ed p\u016fsob\u00ed jako z\u00e1stupce \u0161\u00e9fa Rady bezpe\u010dnosti zem\u011b, napsal na soci\u00e1ln\u00ed s\u00edt\u011b: \u201e\u00a0<\/span><em><span>Pokud v tom [Krauts] budou st\u00e1le skute\u010dn\u011b pokra\u010dovat, jsou velmi v\u00edt\u00e1ni.<\/span><\/em><\/p>\n<p><em><span>&#8222;Rozhodnut\u00ed by m\u011blo b\u00fdt p\u0159iv\u00edt\u00e1no oh\u0148ostrojem Kalibr\u016f a dal\u0161\u00edch rusk\u00fdch pyrotechnick\u00fdch za\u0159\u00edzen\u00ed,&#8220;<\/span><\/em><span>\u00a0dodal.<\/span><\/p>\n<p><span>N\u011bkter\u00e9 rusk\u00e9 pobo\u010dky tvrdily, \u017ee za\u0159\u00edzen\u00ed by mohlo b\u00fdt z\u0159\u00edzeno u vesnice \u010cernotisov nedaleko ukrajinsk\u00fdch hranic s Ma\u010farskem.<\/span><\/p>\n<p><span>Za\u010d\u00e1tkem tohoto m\u011bs\u00edce mluv\u010d\u00ed rusk\u00e9ho ministerstva zahrani\u010d\u00ed uvedla, \u017ee\u00a0<\/span><em><span>\u201etakov\u00e1 elektr\u00e1rna, pokud bude postavena, bude legitimn\u00edm c\u00edlem rusk\u00fdch sil na stejn\u00e9 \u00farovni jako jak\u00fdkoli jin\u00fd objekt ukrajinsk\u00e9ho obrann\u00e9ho pr\u016fmyslu\u201c.<\/span><\/em><\/p>\n<p><span>N\u011bmecko a dal\u0161\u00ed zem\u011b EU dodaly Kyjevu des\u00edtky hlavn\u00edch bitevn\u00edch tank\u016f Leopard 2 v r\u00e1mci p\u0159\u00edpravy na velmi medializovanou protiofenz\u00edvu Ukrajiny, kter\u00e1 za\u010dala na za\u010d\u00e1tku \u010dervna.\u00a0\u0158ada t\u011bchto tank\u016f ji\u017e byla zni\u010dena.\u00a0V ned\u011bli rusk\u00fd prezident Vladimir Putin \u0159ekl, \u017ee Ukrajina ztratila 15 Leopard\u016f 2 spolu s dal\u0161\u00edm z\u00e1padn\u00edm hardwarem b\u011bhem jedin\u00e9ho dne p\u0159i ne\u00fasp\u011b\u0161n\u00e9m pokusu o postup.<\/span><\/p>\n<p><span>Die Welt koncem \u010dervna informovalo, \u017ee Rheinmetall vzkv\u00e9tal uprost\u0159ed konfliktu na Ukrajin\u011b.\u00a0D\u00fcsseldorfsk\u00fd v\u00fdrobce zbran\u00ed obdr\u017eel v roce 2022 o 18 % v\u00edce objedn\u00e1vek ne\u017e v p\u0159edchoz\u00edm roce.\u00a0Spole\u010dnost nyn\u00ed podle outletu pl\u00e1nuje v\u00fdrazn\u011b zv\u00fd\u0161it v\u00fdrobu a v p\u0159\u00ed\u0161t\u00edch letech o\u010dek\u00e1v\u00e1 dvoucifern\u00fd r\u016fst tr\u017eeb.<\/span><\/p>\n<p><img decoding=\"async\" loading=\"lazy\" class=\"alignnone size-full wp-image-1185\" src=\"http:\/\/www.infokuryr.cz\/n\/wp-content\/uploads\/2021\/04\/kuryr-podpis.png\" alt=\"\" width=\"84\" height=\"24\" \/><\/p>\n<p>&nbsp;<\/p>\n<p><a href=\"https:\/\/stranapro.cz\/\"><img decoding=\"async\" loading=\"lazy\" class=\"wp-image-30218 aligncenter\" src=\"http:\/\/www.infokuryr.cz\/n\/wp-content\/uploads\/2023\/06\/PRO-banner-300x36.png\" alt=\"\" width=\"1350\" height=\"162\" srcset=\"https:\/\/www.infokuryr.cz\/n\/wp-content\/uploads\/2023\/06\/PRO-banner-300x36.png 300w, https:\/\/www.infokuryr.cz\/n\/wp-content\/uploads\/2023\/06\/PRO-banner-768x93.png 768w, https:\/\/www.infokuryr.cz\/n\/wp-content\/uploads\/2023\/06\/PRO-banner.png 849w\" sizes=\"(max-width: 1350px) 100vw, 1350px\" \/><\/a><\/p>\n<p>&nbsp;<\/p>\n<p>&nbsp;<\/p>\n<p>&nbsp;<\/p>\n","protected":false},"excerpt":{"rendered":"<p>M\u00edstn\u00ed technici se ji\u017e pro tuto pr\u00e1ci \u0161kol\u00ed, \u0159\u00edk\u00e1 gener\u00e1ln\u00ed \u0159editel spole\u010dnosti Rheinmetall Oprav\u00e1rensk\u00e9 za\u0159\u00edzen\u00ed&#8230;<\/p>\n","protected":false},"author":2,"featured_media":32433,"comment_status":"closed","ping_status":"closed","sticky":false,"template":"","format":"standard","meta":[],"categories":[7],"tags":[84,3494,1549,26],"_links":{"self":[{"href":"https:\/\/www.infokuryr.cz\/n\/wp-json\/wp\/v2\/posts\/33138"}],"collection":[{"href":"https:\/\/www.infokuryr.cz\/n\/wp-json\/wp\/v2\/posts"}],"about":[{"href":"https:\/\/www.infokuryr.cz\/n\/wp-json\/wp\/v2\/types\/post"}],"author":[{"embeddable":true,"href":"https:\/\/www.infokuryr.cz\/n\/wp-json\/wp\/v2\/users\/2"}],"replies":[{"embeddable":true,"href":"https:\/\/www.infokuryr.cz\/n\/wp-json\/wp\/v2\/comments?post=33138"}],"version-history":[{"count":0,"href":"https:\/\/www.infokuryr.cz\/n\/wp-json\/wp\/v2\/posts\/33138\/revisions"}],"wp:featuredmedia":[{"embeddable":true,"href":"https:\/\/www.infokuryr.cz\/n\/wp-json\/wp\/v2\/media\/32433"}],"wp:attachment":[{"href":"https:\/\/www.infokuryr.cz\/n\/wp-json\/wp\/v2\/media?parent=33138"}],"wp:term":[{"taxonomy":"category","embeddable":true,"href":"https:\/\/www.infokuryr.cz\/n\/wp-json\/wp\/v2\/categories?post=33138"},{"taxonomy":"post_tag","embeddable":true,"href":"https:\/\/www.infokuryr.cz\/n\/wp-json\/wp\/v2\/tags?post=33138"}],"curies":[{"name":"wp","href":"https:\/\/api.w.org\/{rel}","templated":true}]}}