{"id":33109,"date":"2023-07-29T06:16:53","date_gmt":"2023-07-29T04:16:53","guid":{"rendered":"http:\/\/www.infokuryr.cz\/n\/?p=33109"},"modified":"2023-07-29T06:16:53","modified_gmt":"2023-07-29T04:16:53","slug":"nigersky-pucista-se-prohlasuje-za-prezidenta","status":"publish","type":"post","link":"https:\/\/www.infokuryr.cz\/n\/2023\/07\/29\/nigersky-pucista-se-prohlasuje-za-prezidenta\/","title":{"rendered":"Nigersk\u00fd pu\u010dista se prohla\u0161uje za prezidenta"},"content":{"rendered":"<div id=\"fb-root\"><\/div>\n<p><span style=\"font-size: 18pt;\"><strong>Abdourahamane Tchiani, \u0161\u00e9f prezidentsk\u00e9 str\u00e1\u017ee, byl jmenov\u00e1n prezidentem nov\u011b vytvo\u0159en\u00e9 vojensk\u00e9 rady<\/strong><\/span><\/p>\n<p><span>\u0160\u00e9f nigersk\u00e9 prezidentsk\u00e9 str\u00e1\u017ee, gener\u00e1l Abdourahamane Tiani, kter\u00fd tento t\u00fdden \u0159\u00eddil svr\u017een\u00ed prezidenta Mohameda Bazouma, se prohl\u00e1sil za nov\u00e9ho n\u00e1rodn\u00edho v\u016fdce.<\/span><\/p>\n<p><span>Abdourahamane, tak\u00e9 zn\u00e1m\u00fd jako Omar Tchiani, se v p\u00e1tek objevil na st\u00e1tn\u00ed televizi Tele Sahel, kde se naz\u00fdval prezidentem nov\u011b vytvo\u0159en\u00e9 vojensk\u00e9 rady N\u00e1rodn\u00ed rady pro ochranu vlasti a tvrdil, \u017ee st\u0159ede\u010dn\u00ed p\u0159evrat m\u011bl chr\u00e1nit n\u00e1rodn\u00ed bezpe\u010dnost.<\/span><\/p>\n<p><span>Prezident Bazoum byl ve st\u0159edu brzy zadr\u017een \u010dleny jeho bezpe\u010dnostn\u00ed slo\u017eky, p\u0159i\u010dem\u017e nejvy\u0161\u0161\u00ed vojen\u0161t\u00ed p\u0159edstavitel\u00e9 pozd\u011bji ozn\u00e1mili, \u017ee byl zbaven moci a v\u0161echny st\u00e1tn\u00ed instituce byly pozastaveny.<\/span><\/p>\n<p><span>Niamey je pova\u017eov\u00e1na za spojence Z\u00e1padu v boji proti d\u017eih\u00e1distick\u00fdm povst\u00e1n\u00edm v oblasti Sahelu, kde s\u00eddl\u00ed voj\u00e1ci z Francie a USA.<\/span><\/p>\n<p><span>Nepokoje vyvolaly mezin\u00e1rodn\u00ed odsouzen\u00ed, francouzsk\u00fd prezident Emmanuel Macron se p\u0159ipojil k z\u00e1padoafrick\u00e9mu region\u00e1ln\u00edmu bloku (ECOWAS) a po\u017eadoval, aby pu\u010dist\u00e9 propustili Bazouma.<\/span><\/p>\n<p><span>Macron popsal Bazouma jako \u201e\u00a0<\/span><em><span>odv\u00e1\u017en\u00e9ho v\u016fdce, kter\u00fd prov\u00e1d\u00ed reformy a investice, kter\u00e9 jeho zem\u011b pot\u0159ebuje<\/span><\/em><span>\u00a0\u201c, a dodal, \u017ee Pa\u0159\u00ed\u017e podpo\u0159\u00ed region\u00e1ln\u00ed mocnosti p\u0159i uvalen\u00ed sankc\u00ed na pu\u010disty.<\/span><\/p>\n<p><span>Tchiani, kter\u00fd vedl prezidentskou str\u00e1\u017e od roku 2011, od\u016fvodnil sv\u00e9 \u010dtvrte\u010dn\u00ed jedn\u00e1n\u00ed jako reakci na \u201e\u00a0<\/span><em><span>zhor\u0161uj\u00edc\u00ed se bezpe\u010dnostn\u00ed situaci<\/span><\/em><span>\u00a0\u201c.\u00a0Argumentoval t\u00edm, \u017ee vl\u00e1da nedok\u00e1zala d\u00e1t lidu Nigeru \u201e\u00a0<\/span><em><span>z\u00e1blesk skute\u010dn\u00e9ho v\u00fdchodiska z krize.\u00a0<\/span><\/em><span>\u201c<\/span><\/p>\n<p><span>\u201e\u00a0<\/span><em><span>Drsn\u00e1 realita nejistoty v Nigeru, kterou za\u017e\u00edvaj\u00ed na\u0161e obrann\u00e9 s\u00edly a tvrd\u011b pracuj\u00edc\u00ed obyvatelstvo, se svou ob\u011bt\u00ed na \u017eivotech, vys\u00eddlen\u00edm, pon\u00ed\u017een\u00edm a frustrac\u00ed n\u00e1m denn\u011b p\u0159ipom\u00edn\u00e1 tuto tvrdou realitu,\u201c \u0159ekl Tchiani<\/span><\/em><span>\u00a0.<\/span><\/p>\n<p><span>Kritizoval tak\u00e9 nedostate\u010dnou spolupr\u00e1ci s juntou Mali a Burkina Faso v boji proti povst\u00e1n\u00ed v regionu.<\/span><\/p>\n<p><span>Bazoum byl zvolen p\u0159i prvn\u00edm demokratick\u00e9m p\u0159ed\u00e1n\u00ed moci v Nigeru v roce 2021, po letech politick\u00fdch nepokoj\u016f.\u00a0B\u00fdval\u00e1 francouzsk\u00e1 kolonie pro\u0161la od z\u00edsk\u00e1n\u00ed nez\u00e1vislosti v roce 1960 p\u011bti mocensk\u00fdmi chvaty.<\/span><\/p>\n<p><span>Rusk\u00fd ministr zahrani\u010d\u00ed Sergej Lavrov kritizoval \u010dtvrte\u010dn\u00ed p\u0159evrat jako \u201e\u00a0<\/span><em><span>proti\u00fastavn\u00ed akt<\/span><\/em><span>\u00a0\u201c a p\u0159idal se k americk\u00e9mu ministru zahrani\u010d\u00ed Antonymu Blinkenovi a gener\u00e1ln\u00edmu tajemn\u00edkovi OSN Antoniu Guterresovi k odsouzen\u00ed \u201e\u00a0<\/span><em><span>nep\u0159ijateln\u00e9<\/span><\/em><span>\u00a0\u201c zm\u011bny moci.<\/span><\/p>\n<p><img decoding=\"async\" loading=\"lazy\" class=\"alignnone size-full wp-image-1185\" src=\"http:\/\/www.infokuryr.cz\/n\/wp-content\/uploads\/2021\/04\/kuryr-podpis.png\" alt=\"\" width=\"84\" height=\"24\" \/><\/p>\n<p>&nbsp;<\/p>\n<p><a href=\"https:\/\/stranapro.cz\/\"><img decoding=\"async\" loading=\"lazy\" class=\"wp-image-30218 aligncenter\" src=\"http:\/\/www.infokuryr.cz\/n\/wp-content\/uploads\/2023\/06\/PRO-banner-300x36.png\" alt=\"\" width=\"1358\" height=\"163\" srcset=\"https:\/\/www.infokuryr.cz\/n\/wp-content\/uploads\/2023\/06\/PRO-banner-300x36.png 300w, https:\/\/www.infokuryr.cz\/n\/wp-content\/uploads\/2023\/06\/PRO-banner-768x93.png 768w, https:\/\/www.infokuryr.cz\/n\/wp-content\/uploads\/2023\/06\/PRO-banner.png 849w\" sizes=\"(max-width: 1358px) 100vw, 1358px\" \/><\/a><\/p>\n<p>&nbsp;<\/p>\n<p>&nbsp;<\/p>\n<p>&nbsp;<\/p>\n","protected":false},"excerpt":{"rendered":"<p>Abdourahamane Tchiani, \u0161\u00e9f prezidentsk\u00e9 str\u00e1\u017ee, byl jmenov\u00e1n prezidentem nov\u011b vytvo\u0159en\u00e9 vojensk\u00e9 rady \u0160\u00e9f nigersk\u00e9 prezidentsk\u00e9&#8230;<\/p>\n","protected":false},"author":2,"featured_media":33110,"comment_status":"closed","ping_status":"closed","sticky":false,"template":"","format":"standard","meta":[],"categories":[7],"tags":[1110,5557,165,921],"_links":{"self":[{"href":"https:\/\/www.infokuryr.cz\/n\/wp-json\/wp\/v2\/posts\/33109"}],"collection":[{"href":"https:\/\/www.infokuryr.cz\/n\/wp-json\/wp\/v2\/posts"}],"about":[{"href":"https:\/\/www.infokuryr.cz\/n\/wp-json\/wp\/v2\/types\/post"}],"author":[{"embeddable":true,"href":"https:\/\/www.infokuryr.cz\/n\/wp-json\/wp\/v2\/users\/2"}],"replies":[{"embeddable":true,"href":"https:\/\/www.infokuryr.cz\/n\/wp-json\/wp\/v2\/comments?post=33109"}],"version-history":[{"count":0,"href":"https:\/\/www.infokuryr.cz\/n\/wp-json\/wp\/v2\/posts\/33109\/revisions"}],"wp:featuredmedia":[{"embeddable":true,"href":"https:\/\/www.infokuryr.cz\/n\/wp-json\/wp\/v2\/media\/33110"}],"wp:attachment":[{"href":"https:\/\/www.infokuryr.cz\/n\/wp-json\/wp\/v2\/media?parent=33109"}],"wp:term":[{"taxonomy":"category","embeddable":true,"href":"https:\/\/www.infokuryr.cz\/n\/wp-json\/wp\/v2\/categories?post=33109"},{"taxonomy":"post_tag","embeddable":true,"href":"https:\/\/www.infokuryr.cz\/n\/wp-json\/wp\/v2\/tags?post=33109"}],"curies":[{"name":"wp","href":"https:\/\/api.w.org\/{rel}","templated":true}]}}