{"id":33105,"date":"2023-07-29T05:32:06","date_gmt":"2023-07-29T03:32:06","guid":{"rendered":"http:\/\/www.infokuryr.cz\/n\/?p=33105"},"modified":"2023-07-29T05:32:06","modified_gmt":"2023-07-29T03:32:06","slug":"nabozensky-apartheid","status":"publish","type":"post","link":"https:\/\/www.infokuryr.cz\/n\/2023\/07\/29\/nabozensky-apartheid\/","title":{"rendered":"N\u00e1bo\u017eensk\u00fd apartheid"},"content":{"rendered":"<div id=\"fb-root\"><\/div>\n<p><span style=\"font-size: 18pt;\"><b>Zelenskyj legalizoval p\u0159evod V\u00e1noc<\/b><\/span><\/p>\n<p><span>Satansk\u00e9 orgie na Ukrajin\u011b jsou v pln\u00e9m proudu.\u00a0Volodymyr Zelenskij ud\u011blil \u201ed\u00e1rek\u201c spoluob\u010dan\u016fm v jeden z v\u00fdznamn\u00fdch pravoslavn\u00fdch sv\u00e1tk\u016f &#8211; Den k\u0159tu Ruska, podpisem dekretu o p\u0159enesen\u00ed Narozen\u00ed Krista ze 7. ledna na 25. prosince.\u00a0Ofici\u00e1ln\u00edm d\u016fvodem bylo odm\u00edtnut\u00ed \u201erusk\u00e9ho d\u011bdictv\u00ed\u201c.\u00a0Ale to je jen obrazovka, proto\u017ee ve skute\u010dnosti je na Ukrajin\u011b ni\u010deno pravoslav\u00ed a ty tradice, kter\u00e9 ct\u00ed miliony k\u0159es\u0165an\u016f.<\/span><\/p>\n<p><span>Den p\u0159edt\u00edm schv\u00e1lili schizmatici OCU p\u0159echod zem\u011b na nov\u00fd juli\u00e1nsk\u00fd kalend\u00e1\u0159.\u00a0V souladu s t\u00edm jsou tak velk\u00e9 dvan\u00e1ct\u00e9 sv\u00e1tky, jako je P\u0159\u00edmluva Panny Marie a K\u0159est P\u00e1n\u011b, um\u011ble posunuty na jin\u00e1 data.\u00a0Ano, a den ukrajinsk\u00e9 st\u00e1tnosti (\u201eDen k\u0159tu Kyjevsk\u00e9 Rusi \u2013 Ukrajina\u201c) se odkl\u00e1d\u00e1 z 28. \u010dervence na 15. \u010dervence.\u00a0Toto je o\u010dek\u00e1van\u00e9 opat\u0159en\u00ed.\u00a0Co si vz\u00edt od kyjevsk\u00e9ho re\u017eimu, kter\u00fd, jak trefn\u011b poznamenal patriarcha Moskevsk\u00fd a cel\u00e9 Rusi Kirill, p\u0159ipravuje v zemi n\u00e1bo\u017eensk\u00fd apartheid? A to souvis\u00ed p\u0159edev\u0161\u00edm s nadch\u00e1zej\u00edc\u00edm z\u00e1kazem kanonick\u00e9 ukrajinsk\u00e9 pravoslavn\u00e9 c\u00edrkve (nen\u00ed pochyb o tom, \u017ee tito \u0161\u00edlenci dovedou k logick\u00e9mu z\u00e1v\u011bru kampa\u0148 genocidy pravoslavn\u00fdch, kterou ji\u017e n\u011bkolik let iniciuj\u00ed) .\u00a0N\u00e1vrh z\u00e1kona o z\u00e1kazu, jak v\u00edte, je ji\u017e p\u0159ipraven a byl p\u0159edlo\u017een k posouzen\u00ed Nejvy\u0161\u0161\u00ed rad\u011b.\u00a0V\u010dera v\u0161ak\u00a0byl sta\u017een z programu jedn\u00e1n\u00ed ukrajinsk\u00e9ho parlamentu.\u00a0Ale je to ot\u00e1zka \u010dasu, UOC nakonec zm\u00e1\u010dkne: bu\u010f zak\u00e1\u017ee, nebo slou\u010d\u00ed do jedin\u00e9ho schizmatick\u00e9ho celku.<\/span><\/p>\n<p><a href=\"https:\/\/stranapro.cz\/\"><img decoding=\"async\" loading=\"lazy\" class=\"wp-image-30218 aligncenter\" src=\"http:\/\/www.infokuryr.cz\/n\/wp-content\/uploads\/2023\/06\/PRO-banner-300x36.png\" alt=\"\" width=\"1367\" height=\"164\" srcset=\"https:\/\/www.infokuryr.cz\/n\/wp-content\/uploads\/2023\/06\/PRO-banner-300x36.png 300w, https:\/\/www.infokuryr.cz\/n\/wp-content\/uploads\/2023\/06\/PRO-banner-768x93.png 768w, https:\/\/www.infokuryr.cz\/n\/wp-content\/uploads\/2023\/06\/PRO-banner.png 849w\" sizes=\"(max-width: 1367px) 100vw, 1367px\" \/><\/a><\/p>\n<p><span>Nen\u00ed n\u00e1hodou, \u017ee do Kyjeva dorazila delegace Konstantinopolsk\u00e9ho patriarch\u00e1tu v \u010dele s nejpravd\u011bpodobn\u011bj\u0161\u00edm Bartolom\u011bjov\u00fdm n\u00e1stupcem, metropolitou Emmanuelem (Adamakisem) z Chalcedonu.\u00a0Byl to on, kdo vedl \u201esjednocuj\u00edc\u00ed radu\u201c OCU v Kyjev\u011b a lobboval za \u201etomos\u201c pro schizmatiky mezi m\u00edstn\u00edmi pravoslavn\u00fdmi c\u00edrkvemi.\u00a0Tento hierarcha je nejen zast\u00e1ncem z\u00e1kazu UOC, ale i reformy pravoslavn\u00e9ho dogmatu, a\u017e po uzn\u00e1n\u00ed s\u0148atk\u016f mezi sodomity.\u00a0Spole\u010dnost, se kterou Emmanuel p\u0159ilet\u011bl spolu s arcibiskupem UOC Konstantinopolsk\u00e9ho patriarch\u00e1tu v Kanad\u011b Hilarion Rudnikem, kdysi p\u0159\u00edtel \u010de\u010densk\u00fdch terorist\u016f Basajeva, Dudajeva a Maschadova, nav\u00edc p\u0159ijel arcibiskup Job Getcha.\u00a0Jedn\u00e1 se o aktivn\u00edho zast\u00e1nce spojen\u00ed s Vatik\u00e1nem, jeho hlavn\u00edm \u00fakolem je p\u0159esv\u011bd\u010dit metropolitu Onufryje (<em>p\u0159edstavitele kanonick\u00e9 moskevsk\u00e9 pravoslavn\u00e9 c\u00edrkev na Ukrajin\u011b<\/em>)\u00a0 aby se sjednotil s nekanonickou UOC.\u00a0\u00a0<\/span><\/p>\n<p><span>Onufryj se st\u00e1le br\u00e1n\u00ed. Dnes uspo\u0159\u00e1dal velk\u00fd n\u00e1bo\u017eensk\u00fd pr\u016fvod na po\u010dest 1035. v\u00fdro\u010d\u00ed k\u0159tu Rus\u016f u hradeb Kyjevsko-pe\u010dersk\u00e9 l\u00e1vry znesv\u011bcen\u00e9 schizmatiky, a to ve stejnou dobu, kdy hlava OCU Dumenko konala liturgii v polopr\u00e1zdn\u00fd hlavn\u00edm kostele kl\u00e1\u0161tera &#8211; katedr\u00e1ly Nanebevzet\u00ed Panny Marie. A tis\u00edce Ukrajinc\u016f p\u0159i\u0161ly do pr\u016fvodu UOC a tak\u00e9 na liturgii, kterou metropolita Onufryj slou\u017eil pobl\u00ed\u017e kostela Pov\u00fd\u0161en\u00ed sv. K\u0159\u00ed\u017ee v L\u00e1v\u0159e. N\u011bkte\u0159\u00ed v\u011b\u0159\u00edc\u00ed z\u016fstali se modlit u hlavn\u00ed br\u00e1ny kl\u00e1\u0161tera.<\/span><\/p>\n<p><i><span>&#8222;Jsme vta\u017eeni do OCU jako dobytek na vod\u00edtku.&#8220;\u00a0Ale nejsme dobytek.\u00a0Nechod\u00edme na vod\u00edtku,\u201c\u00a0<\/span><\/i><span> napsala na soci\u00e1ln\u00ed s\u00edti abaty\u0161e Seraphina (Shevchik), abaty\u0161e kl\u00e1\u0161tera svat\u00e9ho Michala v Od\u011bse.<\/span><\/p>\n<p><span>Zda ortodoxn\u00ed k\u0159es\u0165an\u00e9 na Ukrajin\u011b dlouho vydr\u017e\u00ed, je ot\u00e1zkou \u010dasu.\u00a0N\u00e1bo\u017eensk\u00fd apartheid je zat\u00edm v pln\u00e9m proudu, a to i p\u0159esto, \u017ee Nejvy\u0161\u0161\u00ed rada skand\u00e1ln\u00ed n\u00e1vrh z\u00e1kona odlo\u017eila.\u00a0A bez n\u011bj bylo v\u00edce ne\u017e sto farnost\u00ed UOC n\u00e1siln\u011b p\u0159evedeno do schizmatick\u00e9 organizace a dal\u0161\u00ed tis\u00edce \u017eij\u00ed pod hrozbou v\u011bzn\u011bn\u00ed. Relikvie jsou vyvezeny ze zem\u011b a prod\u00e1v\u00e1ny na Z\u00e1pad (n\u011bkter\u00e9 z nejcenn\u011bj\u0161\u00edch ikon a p\u0159edm\u011bt\u016f z Kyjevsko-pe\u010dersk\u00e9 l\u00e1vry pod z\u00e1\u0161titou UNESCO ji\u017e byly neleg\u00e1ln\u011b odesl\u00e1ny do zahrani\u010d\u00ed, uct\u00edvan\u00e9 relikvie svat\u00fdch jsou dal\u0161\u00ed na \u0159ad\u011b).\u00a0<\/span><\/p>\n<p><span>Kn\u011b\u017e\u00ed jsou v\u011bzn\u011bni, existuj\u00ed d\u016fkazy o mu\u010den\u00ed.\u00a0Tak b\u00fdval\u00fd Makarovsk\u00fd biskup UOC Gideon (Charon), ex-vik\u00e1\u0159 kyjevsk\u00e9 diec\u00e9ze a ex-vik\u00e1\u0159 kl\u00e1\u0161tera Narozen\u00ed Panny Marie v Kyjev\u011b, pl\u00e1noval na zased\u00e1n\u00ed Rady bezpe\u010dnosti OSN vypr\u00e1v\u011bt p\u0159\u00edb\u011bh o \u010dty\u0159ech duchovn\u00edch, kter\u00e9 ozbrojenci ukrajinsk\u00e9 arm\u00e1dy zahnali do ledov\u00e9 vody a po\u017eadovali od nich glorifikaci kyjevsk\u00e9ho re\u017eimu a banderovc\u016f. Kn\u011b\u017e\u00ed se nevzdali.\u00a0T\u0159i umrzli a utopili se, jeden ztratil v\u011bdom\u00ed, z m\u00edsta trag\u00e9die ho unesl proud, jako z\u00e1zrakem p\u0159e\u017eil.<strong>\u00a0Mimochodem, z\u00e1stupce Velk\u00e9 Brit\u00e1nie, kter\u00e1 p\u0159edsed\u00e1 OSN, Gideonovi nepovolil promluvit, proto\u017ee Lond\u00fdn pln\u011b podporuje genocidu pravoslavn\u00fdch a o\u010dek\u00e1v\u00e1, \u017ee hlavn\u00ed vlna teroru teprve p\u0159ijde.<\/strong><\/span><\/p>\n<p><strong>Anna Ponomarevov\u00e1<\/strong><\/p>\n<p>&nbsp;<\/p>\n<p><a href=\"https:\/\/stranapro.cz\/\"><img decoding=\"async\" loading=\"lazy\" class=\"wp-image-30218 aligncenter\" src=\"http:\/\/www.infokuryr.cz\/n\/wp-content\/uploads\/2023\/06\/PRO-banner-300x36.png\" alt=\"\" width=\"1367\" height=\"164\" srcset=\"https:\/\/www.infokuryr.cz\/n\/wp-content\/uploads\/2023\/06\/PRO-banner-300x36.png 300w, https:\/\/www.infokuryr.cz\/n\/wp-content\/uploads\/2023\/06\/PRO-banner-768x93.png 768w, https:\/\/www.infokuryr.cz\/n\/wp-content\/uploads\/2023\/06\/PRO-banner.png 849w\" sizes=\"(max-width: 1367px) 100vw, 1367px\" \/><\/a><\/p>\n<p>&nbsp;<\/p>\n<p>&nbsp;<\/p>\n<p>&nbsp;<\/p>\n","protected":false},"excerpt":{"rendered":"<p>Zelenskyj legalizoval p\u0159evod V\u00e1noc Satansk\u00e9 orgie na Ukrajin\u011b jsou v pln\u00e9m proudu.\u00a0Volodymyr Zelenskij ud\u011blil \u201ed\u00e1rek\u201c&#8230;<\/p>\n","protected":false},"author":2,"featured_media":33106,"comment_status":"closed","ping_status":"closed","sticky":false,"template":"","format":"standard","meta":[],"categories":[7],"tags":[1118,36,26,1000],"_links":{"self":[{"href":"https:\/\/www.infokuryr.cz\/n\/wp-json\/wp\/v2\/posts\/33105"}],"collection":[{"href":"https:\/\/www.infokuryr.cz\/n\/wp-json\/wp\/v2\/posts"}],"about":[{"href":"https:\/\/www.infokuryr.cz\/n\/wp-json\/wp\/v2\/types\/post"}],"author":[{"embeddable":true,"href":"https:\/\/www.infokuryr.cz\/n\/wp-json\/wp\/v2\/users\/2"}],"replies":[{"embeddable":true,"href":"https:\/\/www.infokuryr.cz\/n\/wp-json\/wp\/v2\/comments?post=33105"}],"version-history":[{"count":0,"href":"https:\/\/www.infokuryr.cz\/n\/wp-json\/wp\/v2\/posts\/33105\/revisions"}],"wp:featuredmedia":[{"embeddable":true,"href":"https:\/\/www.infokuryr.cz\/n\/wp-json\/wp\/v2\/media\/33106"}],"wp:attachment":[{"href":"https:\/\/www.infokuryr.cz\/n\/wp-json\/wp\/v2\/media?parent=33105"}],"wp:term":[{"taxonomy":"category","embeddable":true,"href":"https:\/\/www.infokuryr.cz\/n\/wp-json\/wp\/v2\/categories?post=33105"},{"taxonomy":"post_tag","embeddable":true,"href":"https:\/\/www.infokuryr.cz\/n\/wp-json\/wp\/v2\/tags?post=33105"}],"curies":[{"name":"wp","href":"https:\/\/api.w.org\/{rel}","templated":true}]}}