{"id":33072,"date":"2023-07-29T00:57:06","date_gmt":"2023-07-28T22:57:06","guid":{"rendered":"http:\/\/www.infokuryr.cz\/n\/?p=33072"},"modified":"2023-07-28T14:31:22","modified_gmt":"2023-07-28T12:31:22","slug":"sojgu-a-kim-cong-un-projednali-strategickou-obrannou-spolupraci","status":"publish","type":"post","link":"https:\/\/www.infokuryr.cz\/n\/2023\/07\/29\/sojgu-a-kim-cong-un-projednali-strategickou-obrannou-spolupraci\/","title":{"rendered":"\u0160ojgu a Kim \u010cong-un projednali strategickou obrannou spolupr\u00e1ci"},"content":{"rendered":"<div id=\"fb-root\"><\/div>\n<p><strong>Ministr obrany Ruska Sergej \u0160ojgu a v\u016fdce KLDR Kim \u010cong-un projednali v Pchjongjangu rozvoj takticko strategick\u00e9 spolupr\u00e1ce obou zem\u00ed v obrann\u00e9 sf\u00e9\u0159e, ozn\u00e1mila Korejsk\u00e1 centr\u00e1ln\u00ed zpravodajsk\u00e1 agentura.<\/strong><\/p>\n<p>\u201e<em>Soudruh Kim \u010cong-un vylo\u017eil hodnocen\u00ed a z\u00e1sadn\u00ed pozici na\u0161\u00ed strany a vl\u00e1dy v prudce se m\u011bn\u00edc\u00ed situaci v zaji\u0161\u0165ov\u00e1n\u00ed mezin\u00e1rodn\u00ed bezpe\u010dnosti a vojensko politick\u00e9 situace na Korejsk\u00e9m poloostrov\u011b, a vym\u011bnil si mnoh\u00e9 n\u00e1zory se Sergejem \u0160ojguem. V besed\u011b byla hluboce projedn\u00e1na \u0159ada ot\u00e1zek dal\u0161\u00edho rozvoje takticko strategick\u00e9 sou\u010dinnosti a spolupr\u00e1ce mezi ob\u011bma zem\u011bmi ve sf\u00e9\u0159e obrann\u00e9 bezpe\u010dnosti,<\/em>\u201c uv\u00e1d\u00ed se ve zpr\u00e1v\u011b.<\/p>\n<p>L\u00eddr KLDR Kim \u010cong-un byl p\u0159\u00edtomen vojensk\u00e9 p\u0159ehl\u00eddky spolu s ministrem obrany RF Sergejem \u0160ojguem.<\/p>\n<p><img decoding=\"async\" loading=\"lazy\" class=\"alignnone size-full wp-image-1185\" src=\"http:\/\/www.infokuryr.cz\/n\/wp-content\/uploads\/2021\/04\/kuryr-podpis.png\" alt=\"\" width=\"84\" height=\"24\" \/><\/p>\n<p>&nbsp;<\/p>\n<p><a href=\"https:\/\/stranapro.cz\/\"><img decoding=\"async\" loading=\"lazy\" class=\"wp-image-30218 aligncenter\" src=\"http:\/\/www.infokuryr.cz\/n\/wp-content\/uploads\/2023\/06\/PRO-banner-300x36.png\" alt=\"\" width=\"1358\" height=\"163\" srcset=\"https:\/\/www.infokuryr.cz\/n\/wp-content\/uploads\/2023\/06\/PRO-banner-300x36.png 300w, https:\/\/www.infokuryr.cz\/n\/wp-content\/uploads\/2023\/06\/PRO-banner-768x93.png 768w, https:\/\/www.infokuryr.cz\/n\/wp-content\/uploads\/2023\/06\/PRO-banner.png 849w\" sizes=\"(max-width: 1358px) 100vw, 1358px\" \/><\/a><\/p>\n<p>&nbsp;<\/p>\n<p>&nbsp;<\/p>\n<p>&nbsp;<\/p>\n","protected":false},"excerpt":{"rendered":"<p>Ministr obrany Ruska Sergej \u0160ojgu a v\u016fdce KLDR Kim \u010cong-un projednali v Pchjongjangu rozvoj takticko&#8230;<\/p>\n","protected":false},"author":2,"featured_media":33073,"comment_status":"closed","ping_status":"closed","sticky":false,"template":"","format":"standard","meta":[],"categories":[7],"tags":[1644,502,22,2249,1014],"_links":{"self":[{"href":"https:\/\/www.infokuryr.cz\/n\/wp-json\/wp\/v2\/posts\/33072"}],"collection":[{"href":"https:\/\/www.infokuryr.cz\/n\/wp-json\/wp\/v2\/posts"}],"about":[{"href":"https:\/\/www.infokuryr.cz\/n\/wp-json\/wp\/v2\/types\/post"}],"author":[{"embeddable":true,"href":"https:\/\/www.infokuryr.cz\/n\/wp-json\/wp\/v2\/users\/2"}],"replies":[{"embeddable":true,"href":"https:\/\/www.infokuryr.cz\/n\/wp-json\/wp\/v2\/comments?post=33072"}],"version-history":[{"count":0,"href":"https:\/\/www.infokuryr.cz\/n\/wp-json\/wp\/v2\/posts\/33072\/revisions"}],"wp:featuredmedia":[{"embeddable":true,"href":"https:\/\/www.infokuryr.cz\/n\/wp-json\/wp\/v2\/media\/33073"}],"wp:attachment":[{"href":"https:\/\/www.infokuryr.cz\/n\/wp-json\/wp\/v2\/media?parent=33072"}],"wp:term":[{"taxonomy":"category","embeddable":true,"href":"https:\/\/www.infokuryr.cz\/n\/wp-json\/wp\/v2\/categories?post=33072"},{"taxonomy":"post_tag","embeddable":true,"href":"https:\/\/www.infokuryr.cz\/n\/wp-json\/wp\/v2\/tags?post=33072"}],"curies":[{"name":"wp","href":"https:\/\/api.w.org\/{rel}","templated":true}]}}