{"id":33042,"date":"2023-07-29T01:02:19","date_gmt":"2023-07-28T23:02:19","guid":{"rendered":"http:\/\/www.infokuryr.cz\/n\/?p=33042"},"modified":"2023-07-28T13:29:16","modified_gmt":"2023-07-28T11:29:16","slug":"sef-osn-guterres-varuje-ze-zeme-vre-a-internet-na-to-reaguje","status":"publish","type":"post","link":"https:\/\/www.infokuryr.cz\/n\/2023\/07\/29\/sef-osn-guterres-varuje-ze-zeme-vre-a-internet-na-to-reaguje\/","title":{"rendered":"\u0160\u00e9f OSN Guterres varuje, \u017ee zem\u011b v\u0159e a internet na to reaguje"},"content":{"rendered":"<div id=\"fb-root\"><\/div>\n<p><strong>&#8222;Klimatick\u00e9 zm\u011bny jsou tady, je to d\u011bsiv\u00e9 a tohle je jen za\u010d\u00e1tek,&#8220; \u0159ekl \u0161\u00e9f OSN Antonio Guterres na shrom\u00e1\u017ed\u011bn\u00ed v New Yorku.\u00a0Odkazoval na vysok\u00e9 teploty a lesn\u00ed po\u017e\u00e1ry.<\/strong><\/p>\n<p><span>\u201eToto je hrozn\u00e9 l\u00e9to pro velkou \u010d\u00e1st Severn\u00ed Ameriky, Asie, Afriky a Evropy.\u00a0A pro planetu jako celek je to katastrofa,\u201c \u0159ekl Guterres.\u00a0&#8222;Pokud v p\u0159\u00ed\u0161t\u00edch dnech nenastane dal\u0161\u00ed mal\u00e1 doba ledov\u00e1, \u010dervenec skute\u010dn\u011b p\u0159ekon\u00e1 v\u0161echny rekordy.&#8220;<\/span><\/p>\n<p><span>Jsou nutn\u00e1 drastick\u00e1 a okam\u017eit\u00e1 opat\u0159en\u00ed, \u0159ekl \u0161\u00e9f OSN.<\/span><\/p>\n<div class=\"twitter-tweet twitter-tweet-rendered\"><iframe id=\"twitter-widget-0\" class=\"\" title=\"Twitter tweet\" src=\"https:\/\/platform.twitter.com\/embed\/Tweet.html?creatorScreenName=uncutnewsCH&amp;dnt=false&amp;embedId=twitter-widget-0&amp;features=eyJ0ZndfdGltZWxpbmVfbGlzdCI6eyJidWNrZXQiOltdLCJ2ZXJzaW9uIjpudWxsfSwidGZ3X2ZvbGxvd2VyX2NvdW50X3N1bnNldCI6eyJidWNrZXQiOnRydWUsInZlcnNpb24iOm51bGx9LCJ0ZndfdHdlZXRfZWRpdF9iYWNrZW5kIjp7ImJ1Y2tldCI6Im9uIiwidmVyc2lvbiI6bnVsbH0sInRmd19yZWZzcmNfc2Vzc2lvbiI6eyJidWNrZXQiOiJvbiIsInZlcnNpb24iOm51bGx9LCJ0ZndfZm9zbnJfc29mdF9pbnRlcnZlbnRpb25zX2VuYWJsZWQiOnsiYnVja2V0Ijoib24iLCJ2ZXJzaW9uIjpudWxsfSwidGZ3X21peGVkX21lZGlhXzE1ODk3Ijp7ImJ1Y2tldCI6InRyZWF0bWVudCIsInZlcnNpb24iOm51bGx9LCJ0ZndfZXhwZXJpbWVudHNfY29va2llX2V4cGlyYXRpb24iOnsiYnVja2V0IjoxMjA5NjAwLCJ2ZXJzaW9uIjpudWxsfSwidGZ3X3Nob3dfYmlyZHdhdGNoX3Bpdm90c19lbmFibGVkIjp7ImJ1Y2tldCI6Im9uIiwidmVyc2lvbiI6bnVsbH0sInRmd19kdXBsaWNhdGVfc2NyaWJlc190b19zZXR0aW5ncyI6eyJidWNrZXQiOiJvbiIsInZlcnNpb24iOm51bGx9LCJ0ZndfdXNlX3Byb2ZpbGVfaW1hZ2Vfc2hhcGVfZW5hYmxlZCI6eyJidWNrZXQiOiJvbiIsInZlcnNpb24iOm51bGx9LCJ0ZndfdmlkZW9faGxzX2R5bmFtaWNfbWFuaWZlc3RzXzE1MDgyIjp7ImJ1Y2tldCI6InRydWVfYml0cmF0ZSIsInZlcnNpb24iOm51bGx9LCJ0ZndfbGVnYWN5X3RpbWVsaW5lX3N1bnNldCI6eyJidWNrZXQiOnRydWUsInZlcnNpb24iOm51bGx9LCJ0ZndfdHdlZXRfZWRpdF9mcm9udGVuZCI6eyJidWNrZXQiOiJvbiIsInZlcnNpb24iOm51bGx9fQ%3D%3D&amp;frame=false&amp;hideCard=false&amp;hideThread=false&amp;id=1684567927734018057&amp;lang=de&amp;origin=https%3A%2F%2Funcutnews.ch%2Fun-chef-guterres-warnt-dass-die-erde-kocht-und-das-internet-antwortet%2F&amp;sessionId=1ac372b17bc460dfb30cbd0bf03d774b3da031eb&amp;theme=light&amp;widgetsVersion=aaf4084522e3a%3A1674595607486&amp;width=550px\" frameborder=\"0\" scrolling=\"no\" allowfullscreen=\"allowfullscreen\" data-tweet-id=\"1684567927734018057\" data-mce-fragment=\"1\"><\/iframe><\/div>\n<p><span>Guterres \u0159ekl, \u017ee \u00e9ra glob\u00e1ln\u00edho oteplov\u00e1n\u00ed skon\u010dila a nyn\u00ed je glob\u00e1ln\u00ed v\u0159en\u00ed.\u00a0Jin\u00fdmi slovy: Zem\u011b se va\u0159\u00ed.<\/span><\/p>\n<p><span><strong>\u201eNic nen\u00ed p\u0159\u00edli\u0161, aby n\u00e1s tito klauni vyd\u011bsili.\u00a0V\u011b\u0159ili byste tomu sami?\u201c<\/strong> pt\u00e1 se Raisa Blommestijn.<\/span><\/p>\n<p><span><strong>\u201eNastal v\u011bk glob\u00e1ln\u00edho va\u0159en\u00ed,\u201c<\/strong> \u010dte od za\u010d\u00e1tku star\u00e1 loutka nov\u00e9ho sv\u011btov\u00e9ho \u0159\u00e1du.\u00a0\u0160\u00edlenstv\u00ed vl\u00e1dne, ustra\u0161en\u00e9 p\u0159ikyvov\u00e1n\u00ed, tweety Dirk Theuns.<\/span><\/p>\n<p><span>\u201eToto medi\u00e1ln\u00ed bombardov\u00e1n\u00ed klimatickou hysteri\u00ed mi p\u0159ipom\u00edn\u00e1 prvn\u00ed rok skand\u00e1lu kolem Covidu. M\u00e9dia a politici \u0159\u00edkaj\u00ed, \u017ee se d\u011bje n\u011bco \u0161patn\u00e9ho, \u200b\u200bale ve skute\u010dnosti si toho ani nev\u0161imnete.\u00a0Na\u0161t\u011bst\u00ed si to ob\u010dan\u00e9 st\u00e1le v\u00edce uv\u011bdomuj\u00ed,\u201c poznamen\u00e1v\u00e1 Annelies Strikkers.<\/span><\/p>\n<p><span>Autor a lektor Hans van Tellingen fotografoval glob\u00e1ln\u00ed fenom\u00e9n varu ze sv\u00e9ho portugalsk\u00e9ho balkonu.\u00a0V Matosinhos je moment\u00e1ln\u011b minim\u00e1ln\u011b 19 stup\u0148\u016f teplo.<\/span><\/p>\n<div class=\"twitter-tweet twitter-tweet-rendered\"><iframe id=\"twitter-widget-1\" class=\"\" title=\"Twitter tweet\" src=\"https:\/\/platform.twitter.com\/embed\/Tweet.html?creatorScreenName=uncutnewsCH&amp;dnt=false&amp;embedId=twitter-widget-1&amp;features=eyJ0ZndfdGltZWxpbmVfbGlzdCI6eyJidWNrZXQiOltdLCJ2ZXJzaW9uIjpudWxsfSwidGZ3X2ZvbGxvd2VyX2NvdW50X3N1bnNldCI6eyJidWNrZXQiOnRydWUsInZlcnNpb24iOm51bGx9LCJ0ZndfdHdlZXRfZWRpdF9iYWNrZW5kIjp7ImJ1Y2tldCI6Im9uIiwidmVyc2lvbiI6bnVsbH0sInRmd19yZWZzcmNfc2Vzc2lvbiI6eyJidWNrZXQiOiJvbiIsInZlcnNpb24iOm51bGx9LCJ0ZndfZm9zbnJfc29mdF9pbnRlcnZlbnRpb25zX2VuYWJsZWQiOnsiYnVja2V0Ijoib24iLCJ2ZXJzaW9uIjpudWxsfSwidGZ3X21peGVkX21lZGlhXzE1ODk3Ijp7ImJ1Y2tldCI6InRyZWF0bWVudCIsInZlcnNpb24iOm51bGx9LCJ0ZndfZXhwZXJpbWVudHNfY29va2llX2V4cGlyYXRpb24iOnsiYnVja2V0IjoxMjA5NjAwLCJ2ZXJzaW9uIjpudWxsfSwidGZ3X3Nob3dfYmlyZHdhdGNoX3Bpdm90c19lbmFibGVkIjp7ImJ1Y2tldCI6Im9uIiwidmVyc2lvbiI6bnVsbH0sInRmd19kdXBsaWNhdGVfc2NyaWJlc190b19zZXR0aW5ncyI6eyJidWNrZXQiOiJvbiIsInZlcnNpb24iOm51bGx9LCJ0ZndfdXNlX3Byb2ZpbGVfaW1hZ2Vfc2hhcGVfZW5hYmxlZCI6eyJidWNrZXQiOiJvbiIsInZlcnNpb24iOm51bGx9LCJ0ZndfdmlkZW9faGxzX2R5bmFtaWNfbWFuaWZlc3RzXzE1MDgyIjp7ImJ1Y2tldCI6InRydWVfYml0cmF0ZSIsInZlcnNpb24iOm51bGx9LCJ0ZndfbGVnYWN5X3RpbWVsaW5lX3N1bnNldCI6eyJidWNrZXQiOnRydWUsInZlcnNpb24iOm51bGx9LCJ0ZndfdHdlZXRfZWRpdF9mcm9udGVuZCI6eyJidWNrZXQiOiJvbiIsInZlcnNpb24iOm51bGx9fQ%3D%3D&amp;frame=false&amp;hideCard=false&amp;hideThread=false&amp;id=1684627292520120321&amp;lang=de&amp;origin=https%3A%2F%2Funcutnews.ch%2Fun-chef-guterres-warnt-dass-die-erde-kocht-und-das-internet-antwortet%2F&amp;sessionId=1ac372b17bc460dfb30cbd0bf03d774b3da031eb&amp;theme=light&amp;widgetsVersion=aaf4084522e3a%3A1674595607486&amp;width=550px\" frameborder=\"0\" scrolling=\"no\" allowfullscreen=\"allowfullscreen\" data-tweet-id=\"1684627292520120321\" data-mce-fragment=\"1\"><\/iframe><\/div>\n<p><span><strong>Od 18 stup\u0148\u016f<\/strong> Apple vyd\u00e1v\u00e1\u00a0<\/span><a href=\"https:\/\/twitter.com\/JeroenPols\/status\/1684614006386851858?s=20\" target=\"_blank\" rel=\"noreferrer noopener\"><span>varov\u00e1n\u00ed p\u0159ed horkem<\/span><\/a><span>\u00a0s \u201emo\u017en\u00fdm ohro\u017een\u00edm zdrav\u00ed a majetku\u201c.<strong>\u00a0A p\u0159i 22 stupn\u00edch &#8222;v\u00fdstraha p\u0159ed horkem&#8220;.<\/strong><\/span><\/p>\n<p><span>Pr\u00e1vn\u00edk J. Pols \u0159\u00edk\u00e1:<strong> &#8222;Velk\u00e1 hysterie, najde se n\u011bkdo, kdo to je\u0161t\u011b m\u016f\u017ee br\u00e1t v\u00e1\u017en\u011b?&#8220;<\/strong><\/span><\/p>\n<p><img decoding=\"async\" loading=\"lazy\" class=\"alignnone size-full wp-image-1185\" src=\"http:\/\/www.infokuryr.cz\/n\/wp-content\/uploads\/2021\/04\/kuryr-podpis.png\" alt=\"\" width=\"84\" height=\"24\" \/><\/p>\n<p>&nbsp;<\/p>\n<p><a href=\"https:\/\/stranapro.cz\/\"><img decoding=\"async\" loading=\"lazy\" class=\"wp-image-30218 aligncenter\" src=\"http:\/\/www.infokuryr.cz\/n\/wp-content\/uploads\/2023\/06\/PRO-banner-300x36.png\" alt=\"\" width=\"1367\" height=\"164\" srcset=\"https:\/\/www.infokuryr.cz\/n\/wp-content\/uploads\/2023\/06\/PRO-banner-300x36.png 300w, https:\/\/www.infokuryr.cz\/n\/wp-content\/uploads\/2023\/06\/PRO-banner-768x93.png 768w, https:\/\/www.infokuryr.cz\/n\/wp-content\/uploads\/2023\/06\/PRO-banner.png 849w\" sizes=\"(max-width: 1367px) 100vw, 1367px\" \/><\/a><\/p>\n<p>&nbsp;<\/p>\n<p>&nbsp;<\/p>\n<p>&nbsp;<\/p>\n","protected":false},"excerpt":{"rendered":"<p>&#8222;Klimatick\u00e9 zm\u011bny jsou tady, je to d\u011bsiv\u00e9 a tohle je jen za\u010d\u00e1tek,&#8220; \u0159ekl \u0161\u00e9f OSN&#8230;<\/p>\n","protected":false},"author":2,"featured_media":18121,"comment_status":"closed","ping_status":"closed","sticky":false,"template":"","format":"standard","meta":[],"categories":[7],"tags":[1232,873,851,2648],"_links":{"self":[{"href":"https:\/\/www.infokuryr.cz\/n\/wp-json\/wp\/v2\/posts\/33042"}],"collection":[{"href":"https:\/\/www.infokuryr.cz\/n\/wp-json\/wp\/v2\/posts"}],"about":[{"href":"https:\/\/www.infokuryr.cz\/n\/wp-json\/wp\/v2\/types\/post"}],"author":[{"embeddable":true,"href":"https:\/\/www.infokuryr.cz\/n\/wp-json\/wp\/v2\/users\/2"}],"replies":[{"embeddable":true,"href":"https:\/\/www.infokuryr.cz\/n\/wp-json\/wp\/v2\/comments?post=33042"}],"version-history":[{"count":0,"href":"https:\/\/www.infokuryr.cz\/n\/wp-json\/wp\/v2\/posts\/33042\/revisions"}],"wp:featuredmedia":[{"embeddable":true,"href":"https:\/\/www.infokuryr.cz\/n\/wp-json\/wp\/v2\/media\/18121"}],"wp:attachment":[{"href":"https:\/\/www.infokuryr.cz\/n\/wp-json\/wp\/v2\/media?parent=33042"}],"wp:term":[{"taxonomy":"category","embeddable":true,"href":"https:\/\/www.infokuryr.cz\/n\/wp-json\/wp\/v2\/categories?post=33042"},{"taxonomy":"post_tag","embeddable":true,"href":"https:\/\/www.infokuryr.cz\/n\/wp-json\/wp\/v2\/tags?post=33042"}],"curies":[{"name":"wp","href":"https:\/\/api.w.org\/{rel}","templated":true}]}}