{"id":33039,"date":"2023-07-29T01:00:00","date_gmt":"2023-07-28T23:00:00","guid":{"rendered":"http:\/\/www.infokuryr.cz\/n\/?p=33039"},"modified":"2023-07-28T13:17:55","modified_gmt":"2023-07-28T11:17:55","slug":"bohata-rodina-je-v-usa-zakladni-kvalifikaci-pro-vstup-na-elitni-univerzity","status":"publish","type":"post","link":"https:\/\/www.infokuryr.cz\/n\/2023\/07\/29\/bohata-rodina-je-v-usa-zakladni-kvalifikaci-pro-vstup-na-elitni-univerzity\/","title":{"rendered":"Bohat\u00e1 rodina je v USA z\u00e1kladn\u00ed kvalifikac\u00ed pro vstup na elitn\u00ed univerzity"},"content":{"rendered":"<div id=\"fb-root\"><\/div>\n<p data-spm-anchor-id=\"0.0.0.i2\">Webov\u00e9 str\u00e1nky New York Times 24. \u010dervence uvedly, \u017ee bohat\u00e1 rodina je ve Spojen\u00fdch st\u00e1tech z\u00e1kladn\u00ed kvalifikac\u00ed pro vstup na elitn\u00ed univerzity a nespravedlnost ve vzd\u011bl\u00e1v\u00e1n\u00ed ve Spojen\u00fdch st\u00e1tech je \u0161iroce roz\u0161\u00ed\u0159en\u00e1.<\/p>\n<p data-spm-anchor-id=\"0.0.0.i3\">\u010cl\u00e1nek poukazuje na to, \u017ee \u0161koly b\u0159e\u010d\u0165anov\u00e9 ligy ve Spojen\u00fdch st\u00e1tech akumuluj\u00ed m\u00edsta pro d\u011bti z nejbohat\u0161\u00edch rodin, p\u0159i\u010dem\u017e v\u00edce ne\u017e jedna \u0161estina student\u016f poch\u00e1z\u00ed z 1 % nejbohat\u0161\u00edch rodin ve Spojen\u00fdch st\u00e1tech. D\u016fvod, pro\u010d tyto d\u011bti z bohat\u00fdch rodin mohou nav\u0161t\u011bvovat \u0161koly b\u0159e\u010d\u0165anov\u00e9 ligy nen\u00ed kv\u016fli jejich zn\u00e1mk\u00e1m, \u017eivotopis\u016fm nebo obor\u016fm, ale kv\u016fli rodinn\u00fdm faktor\u016fm.<\/p>\n<p>\u201eZ t\u00e9to studie vyvozuji z\u00e1v\u011br, \u017ee \u0161koly b\u0159e\u010d\u0165anov\u00e9 ligy nemaj\u00ed studenty s n\u00edzk\u00fdmi p\u0159\u00edjmy, proto\u017ee necht\u011bj\u00ed studenty s n\u00edzk\u00fdmi p\u0159\u00edjmy,\u201c \u0159ekla ekonomka z Harvard Graduate School of Education Susan Dynarskiov\u00e1.<\/p>\n<p><img decoding=\"async\" loading=\"lazy\" class=\"alignnone size-full wp-image-1185\" src=\"http:\/\/www.infokuryr.cz\/n\/wp-content\/uploads\/2021\/04\/kuryr-podpis.png\" alt=\"\" width=\"84\" height=\"24\" \/><\/p>\n<p>&nbsp;<\/p>\n<p><a href=\"https:\/\/stranapro.cz\/\"><img decoding=\"async\" loading=\"lazy\" class=\"wp-image-30218 aligncenter\" src=\"http:\/\/www.infokuryr.cz\/n\/wp-content\/uploads\/2023\/06\/PRO-banner-300x36.png\" alt=\"\" width=\"1367\" height=\"164\" srcset=\"https:\/\/www.infokuryr.cz\/n\/wp-content\/uploads\/2023\/06\/PRO-banner-300x36.png 300w, https:\/\/www.infokuryr.cz\/n\/wp-content\/uploads\/2023\/06\/PRO-banner-768x93.png 768w, https:\/\/www.infokuryr.cz\/n\/wp-content\/uploads\/2023\/06\/PRO-banner.png 849w\" sizes=\"(max-width: 1367px) 100vw, 1367px\" \/><\/a><\/p>\n<p>&nbsp;<\/p>\n<p>&nbsp;<\/p>\n<p>&nbsp;<\/p>\n","protected":false},"excerpt":{"rendered":"<p>Webov\u00e9 str\u00e1nky New York Times 24. \u010dervence uvedly, \u017ee bohat\u00e1 rodina je ve Spojen\u00fdch st\u00e1tech&#8230;<\/p>\n","protected":false},"author":2,"featured_media":33040,"comment_status":"closed","ping_status":"closed","sticky":false,"template":"","format":"standard","meta":[],"categories":[7],"tags":[5572,442,37],"_links":{"self":[{"href":"https:\/\/www.infokuryr.cz\/n\/wp-json\/wp\/v2\/posts\/33039"}],"collection":[{"href":"https:\/\/www.infokuryr.cz\/n\/wp-json\/wp\/v2\/posts"}],"about":[{"href":"https:\/\/www.infokuryr.cz\/n\/wp-json\/wp\/v2\/types\/post"}],"author":[{"embeddable":true,"href":"https:\/\/www.infokuryr.cz\/n\/wp-json\/wp\/v2\/users\/2"}],"replies":[{"embeddable":true,"href":"https:\/\/www.infokuryr.cz\/n\/wp-json\/wp\/v2\/comments?post=33039"}],"version-history":[{"count":0,"href":"https:\/\/www.infokuryr.cz\/n\/wp-json\/wp\/v2\/posts\/33039\/revisions"}],"wp:featuredmedia":[{"embeddable":true,"href":"https:\/\/www.infokuryr.cz\/n\/wp-json\/wp\/v2\/media\/33040"}],"wp:attachment":[{"href":"https:\/\/www.infokuryr.cz\/n\/wp-json\/wp\/v2\/media?parent=33039"}],"wp:term":[{"taxonomy":"category","embeddable":true,"href":"https:\/\/www.infokuryr.cz\/n\/wp-json\/wp\/v2\/categories?post=33039"},{"taxonomy":"post_tag","embeddable":true,"href":"https:\/\/www.infokuryr.cz\/n\/wp-json\/wp\/v2\/tags?post=33039"}],"curies":[{"name":"wp","href":"https:\/\/api.w.org\/{rel}","templated":true}]}}