{"id":33038,"date":"2023-07-29T00:59:02","date_gmt":"2023-07-28T22:59:02","guid":{"rendered":"http:\/\/www.infokuryr.cz\/n\/?p=33038"},"modified":"2023-07-28T13:15:14","modified_gmt":"2023-07-28T11:15:14","slug":"stale-vice-mladych-americanu-se-cim-dal-tim-mene-identifikuje-se-spojenymi-staty","status":"publish","type":"post","link":"https:\/\/www.infokuryr.cz\/n\/2023\/07\/29\/stale-vice-mladych-americanu-se-cim-dal-tim-mene-identifikuje-se-spojenymi-staty\/","title":{"rendered":"St\u00e1le v\u00edce mlad\u00fdch Ameri\u010dan\u016f se \u010d\u00edm d\u00e1l t\u00edm m\u00e9n\u011b identifikuje se Spojen\u00fdmi st\u00e1ty"},"content":{"rendered":"<div id=\"fb-root\"><\/div>\n<p>V \u010dl\u00e1nku se uv\u00e1d\u00ed, \u017ee za posledn\u00edch deset let vlasteneck\u00e9 c\u00edt\u011bn\u00ed mlad\u00fdch Ameri\u010dan\u016f prudce pokleslo.<\/p>\n<p>V ned\u00e1vn\u00e9m Gallupov\u011b pr\u016fzkumu pouze 39 procent dosp\u011bl\u00fdch respondent\u016f uvedlo, \u017ee jsou hrd\u00ed na to, \u017ee jsou Ameri\u010dan\u00e9, z toho respondenti ve v\u011bku 18 a\u017e 34 let tvo\u0159\u00ed jen 18 procent a respondenti ve v\u011bku nad 50 let tvo\u0159\u00ed 55 procent. P\u0159itom v roce 2013 bylo 85 procent Ameri\u010dan\u016f ve v\u011bku 18 a\u017e 29 let \u201evelmi hrd\u00fdch\u201c na to, \u017ee jsou Ameri\u010dan\u00e9.<\/p>\n<p>To ukazuje, \u017ee v dne\u0161n\u00edch rozd\u011blen\u00fdch Spojen\u00fdch st\u00e1tech roste propast mezi mlad\u0161\u00edmi a star\u0161\u00edmi Ameri\u010dany.<\/p>\n<p><img decoding=\"async\" loading=\"lazy\" class=\"alignnone size-full wp-image-1185\" src=\"http:\/\/www.infokuryr.cz\/n\/wp-content\/uploads\/2021\/04\/kuryr-podpis.png\" alt=\"\" width=\"84\" height=\"24\" \/><\/p>\n<p>&nbsp;<\/p>\n<p><a href=\"https:\/\/stranapro.cz\/\"><img decoding=\"async\" loading=\"lazy\" class=\"wp-image-30218 aligncenter\" src=\"http:\/\/www.infokuryr.cz\/n\/wp-content\/uploads\/2023\/06\/PRO-banner-300x36.png\" alt=\"\" width=\"1342\" height=\"161\" srcset=\"https:\/\/www.infokuryr.cz\/n\/wp-content\/uploads\/2023\/06\/PRO-banner-300x36.png 300w, https:\/\/www.infokuryr.cz\/n\/wp-content\/uploads\/2023\/06\/PRO-banner-768x93.png 768w, https:\/\/www.infokuryr.cz\/n\/wp-content\/uploads\/2023\/06\/PRO-banner.png 849w\" sizes=\"(max-width: 1342px) 100vw, 1342px\" \/><\/a><\/p>\n<p>&nbsp;<\/p>\n<p>&nbsp;<\/p>\n<p>&nbsp;<\/p>\n","protected":false},"excerpt":{"rendered":"<p>V \u010dl\u00e1nku se uv\u00e1d\u00ed, \u017ee za posledn\u00edch deset let vlasteneck\u00e9 c\u00edt\u011bn\u00ed mlad\u00fdch Ameri\u010dan\u016f prudce pokleslo&#8230;.<\/p>\n","protected":false},"author":2,"featured_media":1868,"comment_status":"closed","ping_status":"closed","sticky":false,"template":"","format":"standard","meta":[],"categories":[7],"tags":[898,620,37],"_links":{"self":[{"href":"https:\/\/www.infokuryr.cz\/n\/wp-json\/wp\/v2\/posts\/33038"}],"collection":[{"href":"https:\/\/www.infokuryr.cz\/n\/wp-json\/wp\/v2\/posts"}],"about":[{"href":"https:\/\/www.infokuryr.cz\/n\/wp-json\/wp\/v2\/types\/post"}],"author":[{"embeddable":true,"href":"https:\/\/www.infokuryr.cz\/n\/wp-json\/wp\/v2\/users\/2"}],"replies":[{"embeddable":true,"href":"https:\/\/www.infokuryr.cz\/n\/wp-json\/wp\/v2\/comments?post=33038"}],"version-history":[{"count":0,"href":"https:\/\/www.infokuryr.cz\/n\/wp-json\/wp\/v2\/posts\/33038\/revisions"}],"wp:featuredmedia":[{"embeddable":true,"href":"https:\/\/www.infokuryr.cz\/n\/wp-json\/wp\/v2\/media\/1868"}],"wp:attachment":[{"href":"https:\/\/www.infokuryr.cz\/n\/wp-json\/wp\/v2\/media?parent=33038"}],"wp:term":[{"taxonomy":"category","embeddable":true,"href":"https:\/\/www.infokuryr.cz\/n\/wp-json\/wp\/v2\/categories?post=33038"},{"taxonomy":"post_tag","embeddable":true,"href":"https:\/\/www.infokuryr.cz\/n\/wp-json\/wp\/v2\/tags?post=33038"}],"curies":[{"name":"wp","href":"https:\/\/api.w.org\/{rel}","templated":true}]}}