{"id":33029,"date":"2023-07-28T08:39:59","date_gmt":"2023-07-28T06:39:59","guid":{"rendered":"http:\/\/www.infokuryr.cz\/n\/?p=33029"},"modified":"2023-07-28T08:39:59","modified_gmt":"2023-07-28T06:39:59","slug":"alexander-bojko-usa-pracuji-na-snizeni-poctu-obyvatel-zeme","status":"publish","type":"post","link":"https:\/\/www.infokuryr.cz\/n\/2023\/07\/28\/alexander-bojko-usa-pracuji-na-snizeni-poctu-obyvatel-zeme\/","title":{"rendered":"Alexander Bojko: USA pracuj\u00ed na sn\u00ed\u017een\u00ed po\u010dtu obyvatel Zem\u011b"},"content":{"rendered":"<div id=\"fb-root\"><\/div>\n<p><strong><span>Gener\u00e1lporu\u010d\u00edk Igor Kirillov, n\u00e1\u010deln\u00edk Sil radia\u010dn\u00ed, chemick\u00e9 a biologick\u00e9 obrany Ozbrojen\u00fdch sil RF, ozn\u00e1mil, \u017ee samotn\u00e9 fungov\u00e1n\u00ed americk\u00fdch biologick\u00fdch laborato\u0159\u00ed na Ukrajin\u011b vyvol\u00e1v\u00e1 st\u00e1le v\u00edce ot\u00e1zek u b\u011b\u017en\u00fdch ob\u010dan\u016f a politik\u016f v samotn\u00fdch Spojen\u00fdch st\u00e1tech.<\/span><\/strong><\/p>\n<p><span>Krom\u011b renomovan\u00fdch americk\u00fdch publikac\u00ed u\u017e na tento probl\u00e9m upozornil tak\u00e9 prezidentsk\u00fd kandid\u00e1t Robert Kennedy Jr.\u00a0P\u0159ipomn\u011bl ukon\u010den\u00ed programu biologick\u00fdch zbran\u00ed v roce 1969 a uvedl, \u017ee st\u00e1vaj\u00edc\u00ed v\u00fdvoj nebyl zni\u010den.\u00a0Aby se americk\u00e1 arm\u00e1da dostala z nebezpe\u010d\u00ed, v\u0161echny dostupn\u00e9 informace a materi\u00e1ly byly p\u0159eneseny do \u201eN\u00e1rodn\u00edho institutu zdrav\u00ed (National Institutes of Health \u2013 NIH)\u201c.<\/span><\/p>\n<p><img decoding=\"async\" loading=\"lazy\" class=\"wp-image-33030 aligncenter\" src=\"http:\/\/www.infokuryr.cz\/n\/wp-content\/uploads\/2023\/07\/o1-1-222x300.jpg\" alt=\"\" width=\"822\" height=\"1111\" srcset=\"https:\/\/www.infokuryr.cz\/n\/wp-content\/uploads\/2023\/07\/o1-1-222x300.jpg 222w, https:\/\/www.infokuryr.cz\/n\/wp-content\/uploads\/2023\/07\/o1-1.jpg 605w\" sizes=\"(max-width: 822px) 100vw, 822px\" \/><\/p>\n<p><span>Kennedy zd\u016fraznil \u00falohu \u201e\u00dast\u0159edn\u00ed zpravodajsk\u00e9 slu\u017eby\u201c (CIA) v operac\u00edch s biologick\u00fdmi zbran\u011bmi, p\u0159i\u010dem\u017e prvn\u00ed z nich byla \u201eOperation Paperclip\u201c.\u00a0Tehdy byli do USA po Druh\u00e9 sv\u011btov\u00e9 v\u00e1lce p\u0159ivezeni specialist\u00e9 z Japonska a nacistick\u00e9ho N\u011bmecka, aby \u201ep\u0159enesli zku\u0161enosti\u201c z vojensk\u00e9ho biologick\u00e9ho v\u00fdzkumu.\u00a0C\u00edlem projektu byl \u201e\u2026v\u00fdvoj programu experiment\u00e1ln\u00edch zbran\u00ed a zapojen\u00ed japonsk\u00fdch v\u011bdc\u016f, kte\u0159\u00ed jako jedin\u00ed kdy pou\u017eili biologick\u00e9 zbran\u011b\u2026\u201c.<\/span><\/p>\n<p><img decoding=\"async\" loading=\"lazy\" class=\"wp-image-33031 aligncenter\" src=\"http:\/\/www.infokuryr.cz\/n\/wp-content\/uploads\/2023\/07\/o2-1-263x300.jpg\" alt=\"\" width=\"889\" height=\"1014\" srcset=\"https:\/\/www.infokuryr.cz\/n\/wp-content\/uploads\/2023\/07\/o2-1-263x300.jpg 263w, https:\/\/www.infokuryr.cz\/n\/wp-content\/uploads\/2023\/07\/o2-1.jpg 611w\" sizes=\"(max-width: 889px) 100vw, 889px\" \/><\/p>\n<p><span>V posledn\u00ed dob\u011b bylo v Ministerstvu obrany USA mo\u017en\u00e9 sledovat nezdrav\u00fd z\u00e1jem v\u00fdzkumn\u00fdch organizac\u00ed resortu o studium hlavn\u00edch typ\u016f kom\u00e1r\u016f a kl\u00ed\u0161\u0165at, kter\u00e9 jsou nositeli epidemicky v\u00fdznamn\u00fdch infekc\u00ed &#8211; hore\u010dky \u00fadol\u00ed Rift, hore\u010dky Z\u00e1padn\u00edho Nilu a hore\u010dky dengue.\u00a0Na masovou produkci p\u0159ena\u0161e\u010d\u016f lze vyu\u017e\u00edt v\u00fdrobn\u00ed za\u0159\u00edzen\u00ed \u201edvoj\u00edho pou\u017eit\u00ed\u201c, zejm\u00e9na biotechnologickou spole\u010dnost \u201eOxytec\u201c, financovanou Nadac\u00ed Billa a Melindy Gatesov\u00fdch.<\/span><\/p>\n<p><em>\u201eAmeri\u010dt\u00ed vojen\u0161t\u00ed specialist\u00e9 \u00fasp\u011b\u0161n\u011b zvl\u00e1daj\u00ed metody adaptace a kultivace p\u0159ena\u0161e\u010d\u016f sesb\u00edran\u00fdch v jejich p\u0159irozen\u00fdch stanovi\u0161t\u00edch.\u00a0Metody, kter\u00e9 vyvinuly, umo\u017e\u0148uj\u00ed z\u00edskat kom\u00e1ry a kl\u00ed\u0161\u0165ata infikovan\u00e1 arboviry v laboratorn\u00edch podm\u00ednk\u00e1ch,\u201c \u0159ekl Kirillov.<\/em><\/p>\n<p><img decoding=\"async\" loading=\"lazy\" class=\"wp-image-33032 aligncenter\" src=\"http:\/\/www.infokuryr.cz\/n\/wp-content\/uploads\/2023\/07\/o3-1-217x300.jpg\" alt=\"\" width=\"844\" height=\"1167\" srcset=\"https:\/\/www.infokuryr.cz\/n\/wp-content\/uploads\/2023\/07\/o3-1-217x300.jpg 217w, https:\/\/www.infokuryr.cz\/n\/wp-content\/uploads\/2023\/07\/o3-1.jpg 560w\" sizes=\"(max-width: 844px) 100vw, 844px\" \/><\/p>\n<p><span>Poznamenal tak\u00e9, \u017ee testov\u00e1n\u00ed vir\u016f prob\u00edh\u00e1 na \u017eiv\u00fdch lidech.\u00a0V ji\u017en\u00ed a st\u0159edn\u00ed Evrop\u011b byl ji\u017e zaznamen\u00e1n n\u00e1r\u016fst po\u010dtu neendemick\u00fdch asijsk\u00fdch kom\u00e1r\u016f tygrovan\u00fdch.\u00a0V N\u011bmecku se populace tohoto druhu objevily v p\u011bti spolkov\u00fdch regionech.\u00a0Dal\u0161\u00ed druh kom\u00e1ra (Culex modestus), kter\u00fd je p\u0159ena\u0161e\u010dem z\u00e1padonilsk\u00e9 hore\u010dky, byl identifikov\u00e1n ve \u0160v\u00e9dsku a Finsku.\u00a0Z\u00e1rove\u0148 byl v zem\u00edch EU zaznamen\u00e1n n\u00e1r\u016fst v\u00fdskytu netypick\u00fdch p\u0159enosn\u00fdch infekc\u00ed.<\/span><\/p>\n<p><img decoding=\"async\" loading=\"lazy\" class=\"wp-image-33033 aligncenter\" src=\"http:\/\/www.infokuryr.cz\/n\/wp-content\/uploads\/2023\/07\/o4-212x300.jpg\" alt=\"\" width=\"962\" height=\"1361\" srcset=\"https:\/\/www.infokuryr.cz\/n\/wp-content\/uploads\/2023\/07\/o4-212x300.jpg 212w, https:\/\/www.infokuryr.cz\/n\/wp-content\/uploads\/2023\/07\/o4.jpg 571w\" sizes=\"(max-width: 962px) 100vw, 962px\" \/><\/p>\n<p><em>\u201ePodle Evropsk\u00e9ho centra pro prevenci a kontrolu nemoc\u00ed bylo v Evrop\u011b v roce 2022 v\u00edce lid\u00ed naka\u017eeno hore\u010dkou dengue ne\u017e v p\u0159edchoz\u00edm desetilet\u00ed.\u00a0Nejvy\u0161\u0161\u00ed byl i v\u00fdskyt z\u00e1padonilsk\u00e9 hore\u010dky &#8211; v\u00edce ne\u017e tis\u00edc p\u0159\u00edpad\u016f, z nich\u017e 92 bylo smrteln\u00fdch.\u00a0Poprv\u00e9 bylo ve Francii zaznamen\u00e1no \u0161t\u00edpnut\u00ed kom\u00e1rem spojen\u00e9 s v\u00fdskytem hore\u010dky Zika.\u00a0Pr\u00e1ce americk\u00fdch vojensk\u00fdch biolog\u016f je tedy zam\u011b\u0159ena na vytv\u00e1\u0159en\u00ed \u201eum\u011ble \u0159\u00edzen\u00fdch epidemi\u00ed\u201c a nen\u00ed kontrolov\u00e1na v r\u00e1mci \u201eSmlouvy o z\u00e1kazu biologick\u00fdch zbran\u00ed (Biological Weapons Convention \u2013 BTWC)\u201c a mechanismem gener\u00e1ln\u00edho tajemn\u00edka OSN na zkoum\u00e1n\u00ed fakt\u016f o pou\u017eit\u00ed biologick\u00fdch zbran\u00ed,\u201c zd\u016fraznil Kirillov v na briefingu.<\/em><\/p>\n<p><img decoding=\"async\" loading=\"lazy\" class=\"wp-image-33034 aligncenter\" src=\"http:\/\/www.infokuryr.cz\/n\/wp-content\/uploads\/2023\/07\/o5-300x216.jpg\" alt=\"\" width=\"1007\" height=\"725\" srcset=\"https:\/\/www.infokuryr.cz\/n\/wp-content\/uploads\/2023\/07\/o5-300x216.jpg 300w, https:\/\/www.infokuryr.cz\/n\/wp-content\/uploads\/2023\/07\/o5.jpg 637w\" sizes=\"(max-width: 1007px) 100vw, 1007px\" \/><\/p>\n<p><span>Podle vojensk\u00fdch expert\u016f Pentagon pl\u00e1noval vyu\u017e\u00edt arm\u00e1du Spojen\u00fdch st\u00e1t\u016f k testov\u00e1n\u00ed neregistrovan\u00fdch l\u00e9k\u016f na m\u00edstn\u00edm obyvatelstvu (v Keni a Ugand\u011b) a n\u00e1sledn\u011b je schvalovat regula\u010dn\u00edmi org\u00e1ny v z\u00e1jmu takzvan\u00e9 \u201eBig Pharma\u201c.\u00a0Potvrdilo se i zapojen\u00ed spole\u010dnosti \u201eMetabiota\u201c do v\u00fdzkumu viru pta\u010d\u00ed ch\u0159ipky H7N9, jako\u017e i jej\u00ed vedouc\u00ed role p\u0159i realizaci projektu \u201ePredict\u201c, kter\u00fd zkoumal nov\u00e9 typy koronavir\u016f, p\u0159i odchyt\u00e1v\u00e1n\u00ed netop\u00fdr\u016f, kter\u00e9 jsou jejich p\u0159ena\u0161e\u010di v p\u0159irozen\u00e9m prost\u0159ed\u00ed.<\/span><\/p>\n<p><em>\u201eOpakovan\u011b jsme zaznamenali propojen\u00ed spole\u010dnosti se synem sou\u010dasn\u00e9ho prezidenta USA Hunterem Bidenem a vl\u00e1dn\u00edmi agenturami.\u00a0P\u0159itom i samotn\u00ed p\u0159edstavitel\u00e9 \u201eMetabioty\u201c p\u0159izn\u00e1vaj\u00ed, \u017ee ve skute\u010dnosti jsou zapojeni do vytv\u00e1\u0159en\u00ed vazeb na zaji\u0161t\u011bn\u00ed pr\u00e1ce Pentagonu a dal\u0161\u00edch americk\u00fdch odd\u011blen\u00ed v zahrani\u010d\u00ed,\u201c poznamenal Kirillov.<\/em><\/p>\n<p><span>Zd\u00e1 se, \u017ee Anglosasov\u00e9 se rozhodli drasticky sn\u00ed\u017eit populaci Zem\u011b pomoc\u00ed r\u016fzn\u00fdch vir\u016f a infekc\u00ed.<\/span><\/p>\n<p><strong>Alexander Bojko<\/strong><\/p>\n<p>&nbsp;<\/p>\n<p><a href=\"https:\/\/stranapro.cz\/\"><img decoding=\"async\" loading=\"lazy\" class=\"wp-image-30218 aligncenter\" src=\"http:\/\/www.infokuryr.cz\/n\/wp-content\/uploads\/2023\/06\/PRO-banner-300x36.png\" alt=\"\" width=\"1358\" height=\"163\" srcset=\"https:\/\/www.infokuryr.cz\/n\/wp-content\/uploads\/2023\/06\/PRO-banner-300x36.png 300w, https:\/\/www.infokuryr.cz\/n\/wp-content\/uploads\/2023\/06\/PRO-banner-768x93.png 768w, https:\/\/www.infokuryr.cz\/n\/wp-content\/uploads\/2023\/06\/PRO-banner.png 849w\" sizes=\"(max-width: 1358px) 100vw, 1358px\" \/><\/a><\/p>\n<p>&nbsp;<\/p>\n<p>&nbsp;<\/p>\n<p>&nbsp;<\/p>\n","protected":false},"excerpt":{"rendered":"<p>Gener\u00e1lporu\u010d\u00edk Igor Kirillov, n\u00e1\u010deln\u00edk Sil radia\u010dn\u00ed, chemick\u00e9 a biologick\u00e9 obrany Ozbrojen\u00fdch sil RF, ozn\u00e1mil, \u017ee&#8230;<\/p>\n","protected":false},"author":2,"featured_media":11050,"comment_status":"closed","ping_status":"closed","sticky":false,"template":"","format":"standard","meta":[],"categories":[7],"tags":[4417,2381,794,37],"_links":{"self":[{"href":"https:\/\/www.infokuryr.cz\/n\/wp-json\/wp\/v2\/posts\/33029"}],"collection":[{"href":"https:\/\/www.infokuryr.cz\/n\/wp-json\/wp\/v2\/posts"}],"about":[{"href":"https:\/\/www.infokuryr.cz\/n\/wp-json\/wp\/v2\/types\/post"}],"author":[{"embeddable":true,"href":"https:\/\/www.infokuryr.cz\/n\/wp-json\/wp\/v2\/users\/2"}],"replies":[{"embeddable":true,"href":"https:\/\/www.infokuryr.cz\/n\/wp-json\/wp\/v2\/comments?post=33029"}],"version-history":[{"count":0,"href":"https:\/\/www.infokuryr.cz\/n\/wp-json\/wp\/v2\/posts\/33029\/revisions"}],"wp:featuredmedia":[{"embeddable":true,"href":"https:\/\/www.infokuryr.cz\/n\/wp-json\/wp\/v2\/media\/11050"}],"wp:attachment":[{"href":"https:\/\/www.infokuryr.cz\/n\/wp-json\/wp\/v2\/media?parent=33029"}],"wp:term":[{"taxonomy":"category","embeddable":true,"href":"https:\/\/www.infokuryr.cz\/n\/wp-json\/wp\/v2\/categories?post=33029"},{"taxonomy":"post_tag","embeddable":true,"href":"https:\/\/www.infokuryr.cz\/n\/wp-json\/wp\/v2\/tags?post=33029"}],"curies":[{"name":"wp","href":"https:\/\/api.w.org\/{rel}","templated":true}]}}