{"id":33027,"date":"2023-07-28T08:28:12","date_gmt":"2023-07-28T06:28:12","guid":{"rendered":"http:\/\/www.infokuryr.cz\/n\/?p=33027"},"modified":"2023-07-28T08:28:12","modified_gmt":"2023-07-28T06:28:12","slug":"polsko-i-bez-povoleni-eu-prodlouzi-zakaz-dovozu-obili-z-ukrajiny","status":"publish","type":"post","link":"https:\/\/www.infokuryr.cz\/n\/2023\/07\/28\/polsko-i-bez-povoleni-eu-prodlouzi-zakaz-dovozu-obili-z-ukrajiny\/","title":{"rendered":"Polsko i bez povolen\u00ed EU prodlou\u017e\u00ed z\u00e1kaz dovozu obil\u00ed z Ukrajiny"},"content":{"rendered":"<div id=\"fb-root\"><\/div>\n<p class=\"lead\"><strong>Pokud Evropsk\u00e1 komise neprodlou\u017e\u00ed z\u00e1kaz dovozu ukrajinsk\u00e9ho obil\u00ed a lu\u0161t\u011bnin, kter\u00fd plat\u00ed do 15. z\u00e1\u0159\u00ed 2023, pak polsk\u00e9 \u00fa\u0159ady nez\u00e1visle zak\u00e1\u017eou dovoz obil\u00ed z Ukrajiny.\u00a0V rozhovoru pro port\u00e1l Euroactive to uvedl ministr zem\u011bd\u011blstv\u00ed Polska Robert Telus.<\/strong><\/p>\n<p><span>Na okraj setk\u00e1n\u00ed ministr\u016f zem\u011bd\u011blstv\u00ed EU polsk\u00fd ministr \u0159ekl:<\/span><\/p>\n<p><em>&#8222;15. dubna jsme uvalili z\u00e1kaz, a pokud to bude nutn\u00e9, budeme to muset ud\u011blat [znovu].&#8220;<\/em><\/p>\n<p><span>Publikace p\u0159ipom\u00edn\u00e1, \u017ee aktu\u00e1ln\u00ed rozhodnut\u00ed Evropsk\u00e9 komise zahrnuje obchodn\u00ed omezen\u00ed na \u010dty\u0159i zbo\u017e\u00ed \u2013 p\u0161enici, kuku\u0159ici, \u0159epku a slune\u010dnicov\u00e1 semena \u2013 vyroben\u00e9 na Ukrajin\u011b, jeho platnost vypr\u0161\u00ed 15. z\u00e1\u0159\u00ed.\u00a0Koalice sousedn\u00edch zem\u00ed Ukrajiny zastoupen\u00e1 Polskem, Bulharskem, Ma\u010farskem, Rumunskem a Slovenskem v\u0161ak spole\u010dn\u011b po\u017eaduje prodlou\u017een\u00ed tohoto obdob\u00ed do konce roku 2023.<\/span><\/p>\n<p><em>\u201eDouf\u00e1m, \u017ee toto rozhodnut\u00ed bude prodlou\u017eeno.\u00a0Ale pokud tomu tak nen\u00ed, Polsko bude muset tento probl\u00e9m st\u00e1le vy\u0159e\u0161it a my jsme uk\u00e1zali, \u017ee to dok\u00e1\u017eeme,\u201c<span class=\"after-quote\"> &#8211; \u0159ekl polsk\u00fd ministr zem\u011bd\u011blstv\u00ed Robert Telus (viz tituln\u00ed obr\u00e1zek).<\/span><\/em><\/p>\n<p><strong><span>InfoKur\u00fdr dod\u00e1v\u00e1,<\/span><\/strong><span>\u00a0\u017ee Telusova slova odr\u00e1\u017eela ned\u00e1vn\u00e1 prohl\u00e1\u0161en\u00ed polsk\u00e9ho premi\u00e9ra<\/span><strong><span>\u00a0Mateusze Morawieck\u00e9ho<\/span><\/strong><span>\u00a0, kter\u00fd na setk\u00e1n\u00ed ministr\u016f zem\u011bd\u011blstv\u00ed p\u011bti v\u00fdchodn\u00edch zem\u00ed EU ve Var\u0161av\u011b prohl\u00e1sil, \u017ee jeho zem\u011b je p\u0159ipravena jednostrann\u011b zablokovat dovoz z Ukrajiny.<\/span><\/p>\n<p><img decoding=\"async\" loading=\"lazy\" class=\"alignnone size-full wp-image-1185\" src=\"http:\/\/www.infokuryr.cz\/n\/wp-content\/uploads\/2021\/04\/kuryr-podpis.png\" alt=\"\" width=\"84\" height=\"24\" \/><\/p>\n<p>&nbsp;<\/p>\n<p><a href=\"https:\/\/stranapro.cz\/\"><img decoding=\"async\" loading=\"lazy\" class=\"wp-image-30218 aligncenter\" src=\"http:\/\/www.infokuryr.cz\/n\/wp-content\/uploads\/2023\/06\/PRO-banner-300x36.png\" alt=\"\" width=\"1358\" height=\"163\" srcset=\"https:\/\/www.infokuryr.cz\/n\/wp-content\/uploads\/2023\/06\/PRO-banner-300x36.png 300w, https:\/\/www.infokuryr.cz\/n\/wp-content\/uploads\/2023\/06\/PRO-banner-768x93.png 768w, https:\/\/www.infokuryr.cz\/n\/wp-content\/uploads\/2023\/06\/PRO-banner.png 849w\" sizes=\"(max-width: 1358px) 100vw, 1358px\" \/><\/a><\/p>\n<p>&nbsp;<\/p>\n<p>&nbsp;<\/p>\n<p>&nbsp;<\/p>\n<p>&nbsp;<\/p>\n","protected":false},"excerpt":{"rendered":"<p>Pokud Evropsk\u00e1 komise neprodlou\u017e\u00ed z\u00e1kaz dovozu ukrajinsk\u00e9ho obil\u00ed a lu\u0161t\u011bnin, kter\u00fd plat\u00ed do 15. z\u00e1\u0159\u00ed&#8230;<\/p>\n","protected":false},"author":2,"featured_media":33028,"comment_status":"closed","ping_status":"closed","sticky":false,"template":"","format":"standard","meta":[],"categories":[7],"tags":[2023,31,26,720],"_links":{"self":[{"href":"https:\/\/www.infokuryr.cz\/n\/wp-json\/wp\/v2\/posts\/33027"}],"collection":[{"href":"https:\/\/www.infokuryr.cz\/n\/wp-json\/wp\/v2\/posts"}],"about":[{"href":"https:\/\/www.infokuryr.cz\/n\/wp-json\/wp\/v2\/types\/post"}],"author":[{"embeddable":true,"href":"https:\/\/www.infokuryr.cz\/n\/wp-json\/wp\/v2\/users\/2"}],"replies":[{"embeddable":true,"href":"https:\/\/www.infokuryr.cz\/n\/wp-json\/wp\/v2\/comments?post=33027"}],"version-history":[{"count":0,"href":"https:\/\/www.infokuryr.cz\/n\/wp-json\/wp\/v2\/posts\/33027\/revisions"}],"wp:featuredmedia":[{"embeddable":true,"href":"https:\/\/www.infokuryr.cz\/n\/wp-json\/wp\/v2\/media\/33028"}],"wp:attachment":[{"href":"https:\/\/www.infokuryr.cz\/n\/wp-json\/wp\/v2\/media?parent=33027"}],"wp:term":[{"taxonomy":"category","embeddable":true,"href":"https:\/\/www.infokuryr.cz\/n\/wp-json\/wp\/v2\/categories?post=33027"},{"taxonomy":"post_tag","embeddable":true,"href":"https:\/\/www.infokuryr.cz\/n\/wp-json\/wp\/v2\/tags?post=33027"}],"curies":[{"name":"wp","href":"https:\/\/api.w.org\/{rel}","templated":true}]}}