{"id":33025,"date":"2023-07-28T08:24:49","date_gmt":"2023-07-28T06:24:49","guid":{"rendered":"http:\/\/www.infokuryr.cz\/n\/?p=33025"},"modified":"2023-07-28T08:24:49","modified_gmt":"2023-07-28T06:24:49","slug":"ruske-sily-protivzdusne-obrany-odrazily-bezpilotni-utok-na-moskvu","status":"publish","type":"post","link":"https:\/\/www.infokuryr.cz\/n\/2023\/07\/28\/ruske-sily-protivzdusne-obrany-odrazily-bezpilotni-utok-na-moskvu\/","title":{"rendered":"Rusk\u00e9 s\u00edly protivzdu\u0161n\u00e9 obrany odrazily bezpilotn\u00ed \u00fatok na Moskvu"},"content":{"rendered":"<div id=\"fb-root\"><\/div>\n<p class=\"lead\"><strong>Starosta Moskvy Sergej Sobyanin uvedl, \u017ee v noci na p\u00e1tek 28. \u010dervence do\u0161lo k pokusu o \u00fatok nep\u0159\u00e1telsk\u00fdm dronem.<\/strong><\/p>\n<p><span>Jak uvedl starosta hlavn\u00edho m\u011bsta ve sv\u00e9m kan\u00e1lu Telegram, dron byl sest\u0159elen syst\u00e9my protivzdu\u0161n\u00e9 obrany, nedo\u0161lo k \u017e\u00e1dn\u00fdm ob\u011btem ani \u0161kod\u00e1m.<\/span><\/p>\n<p><em>\u201eV noci do\u0161lo k pokusu o \u00fatok na nep\u0159\u00e1telsk\u00fd dron, kter\u00fd sest\u0159elily s\u00edly ministerstva obrany.\u00a0Ke \u0161kod\u00e1m ani ob\u011btem nedo\u0161lo.&#8220;<span class=\"after-quote\">\u00a0prohl\u00e1\u0161en\u00ed \u0159\u00edk\u00e1.<\/span><\/em><\/p>\n<p><span>Dal\u0161\u00ed podrobnosti o tom, co se stalo, starosta neuvedl.\u00a0Pozd\u011bji ministerstvo obrany ozn\u00e1milo, \u017ee dnes r\u00e1no byl zma\u0159en\u00a0<\/span><a href=\"https:\/\/t.me\/mod_russia\/28682\" target=\"_blank\" rel=\"noopener\"><span>pokus<\/span><\/a><span> kyjevsk\u00e9ho re\u017eimu prov\u00e9st teroristick\u00fd \u00fatok bezpilotn\u00edm letounem na objekty v Moskevsk\u00e9 oblasti.<\/span><\/p>\n<p><span>D\u0159\u00edve vojensk\u00e9 odd\u011blen\u00ed ozn\u00e1milo, \u017ee 24. \u010dervence r\u00e1no byl zma\u0159en\u00a0<\/span><a href=\"https:\/\/t.me\/mod_russia\/28564\" target=\"_blank\" rel=\"noopener\"><span>pokus<\/span><\/a><span>\u00a0kyjevsk\u00e9ho re\u017eimu prov\u00e9st teroristick\u00fd \u00fatok dv\u011bma bezpilotn\u00edmi letouny na objekty ve m\u011bst\u011b Moskva.<\/span><\/p>\n<p><span>Pomoc\u00ed elektronick\u00e9ho boje byly potla\u010deny a havarov\u00e1ny dva ukrajinsk\u00e9 UAV.\u00a0V d\u016fsledku potla\u010den\u00e9ho teroristick\u00e9ho \u00fatoku kyjevsk\u00e9ho re\u017eimu nebyly \u017e\u00e1dn\u00e9 ob\u011bti.<\/span><\/p>\n<p><img decoding=\"async\" loading=\"lazy\" class=\"alignnone size-full wp-image-1185\" src=\"http:\/\/www.infokuryr.cz\/n\/wp-content\/uploads\/2021\/04\/kuryr-podpis.png\" alt=\"\" width=\"84\" height=\"24\" \/><\/p>\n<p>&nbsp;<\/p>\n<p><a href=\"https:\/\/stranapro.cz\/\"><img decoding=\"async\" loading=\"lazy\" class=\"wp-image-30218 aligncenter\" src=\"http:\/\/www.infokuryr.cz\/n\/wp-content\/uploads\/2023\/06\/PRO-banner-300x36.png\" alt=\"\" width=\"1350\" height=\"162\" srcset=\"https:\/\/www.infokuryr.cz\/n\/wp-content\/uploads\/2023\/06\/PRO-banner-300x36.png 300w, https:\/\/www.infokuryr.cz\/n\/wp-content\/uploads\/2023\/06\/PRO-banner-768x93.png 768w, https:\/\/www.infokuryr.cz\/n\/wp-content\/uploads\/2023\/06\/PRO-banner.png 849w\" sizes=\"(max-width: 1350px) 100vw, 1350px\" \/><\/a><\/p>\n<p>&nbsp;<\/p>\n<p>&nbsp;<\/p>\n<p>&nbsp;<\/p>\n","protected":false},"excerpt":{"rendered":"<p>Starosta Moskvy Sergej Sobyanin uvedl, \u017ee v noci na p\u00e1tek 28. \u010dervence do\u0161lo k pokusu&#8230;<\/p>\n","protected":false},"author":2,"featured_media":33026,"comment_status":"closed","ping_status":"closed","sticky":false,"template":"","format":"standard","meta":[],"categories":[7],"tags":[2856,246,26,723],"_links":{"self":[{"href":"https:\/\/www.infokuryr.cz\/n\/wp-json\/wp\/v2\/posts\/33025"}],"collection":[{"href":"https:\/\/www.infokuryr.cz\/n\/wp-json\/wp\/v2\/posts"}],"about":[{"href":"https:\/\/www.infokuryr.cz\/n\/wp-json\/wp\/v2\/types\/post"}],"author":[{"embeddable":true,"href":"https:\/\/www.infokuryr.cz\/n\/wp-json\/wp\/v2\/users\/2"}],"replies":[{"embeddable":true,"href":"https:\/\/www.infokuryr.cz\/n\/wp-json\/wp\/v2\/comments?post=33025"}],"version-history":[{"count":0,"href":"https:\/\/www.infokuryr.cz\/n\/wp-json\/wp\/v2\/posts\/33025\/revisions"}],"wp:featuredmedia":[{"embeddable":true,"href":"https:\/\/www.infokuryr.cz\/n\/wp-json\/wp\/v2\/media\/33026"}],"wp:attachment":[{"href":"https:\/\/www.infokuryr.cz\/n\/wp-json\/wp\/v2\/media?parent=33025"}],"wp:term":[{"taxonomy":"category","embeddable":true,"href":"https:\/\/www.infokuryr.cz\/n\/wp-json\/wp\/v2\/categories?post=33025"},{"taxonomy":"post_tag","embeddable":true,"href":"https:\/\/www.infokuryr.cz\/n\/wp-json\/wp\/v2\/tags?post=33025"}],"curies":[{"name":"wp","href":"https:\/\/api.w.org\/{rel}","templated":true}]}}