{"id":32963,"date":"2023-07-28T01:06:00","date_gmt":"2023-07-27T23:06:00","guid":{"rendered":"http:\/\/www.infokuryr.cz\/n\/?p=32963"},"modified":"2023-07-27T17:42:42","modified_gmt":"2023-07-27T15:42:42","slug":"fsb-zamezila-pokusu-ukrajiny-o-teroristicky-utok-na-lod-cernomorske-flotily","status":"publish","type":"post","link":"https:\/\/www.infokuryr.cz\/n\/2023\/07\/28\/fsb-zamezila-pokusu-ukrajiny-o-teroristicky-utok-na-lod-cernomorske-flotily\/","title":{"rendered":"FSB zamezila pokusu Ukrajiny o teroristick\u00fd \u00fatok na lo\u010f \u010cernomo\u0159sk\u00e9 flotily"},"content":{"rendered":"<div id=\"fb-root\"><\/div>\n<p><strong>Bylo zamezeno pokusu ukrajinsk\u00fdch tajn\u00fdch slu\u017eeb o teroristick\u00fd \u010din na lodi rusk\u00e9 \u010cernomo\u0159sk\u00e9 flotily vyzbrojen\u00e9 vysoce p\u0159esn\u00fdmi zbran\u011bmi, informovala centr\u00e1ln\u00ed tiskov\u00e1 slu\u017eby FSB RF.<\/strong><\/p>\n<p>Feder\u00e1ln\u00ed bezpe\u010dnostn\u00ed slu\u017eba Rusk\u00e9 federace zamezila pokusu ukrajinsk\u00fdch tajn\u00fdch slu\u017eeb o teroristick\u00fd \u010din na jedn\u00e9 z lod\u00ed \u010cernomo\u0159sk\u00e9 flotily, kter\u00e1 je vybavena vysoce p\u0159esn\u00fdmi raketov\u00fdmi zbran\u011bmi.<\/p>\n<p>V d\u016fsledku podniknut\u00fdch opat\u0159en\u00ed byl zadr\u017een vojensk\u00fd p\u0159\u00edslu\u0161n\u00edk n\u00e1mo\u0159nictva RF naverbovan\u00fd ukrajinskou tajnou slu\u017ebou, kter\u00e9mu byla zabavena dva v\u00fdbu\u0161n\u00e1 za\u0159\u00edzen\u00ed o celkov\u00e9 hmotnosti jeden kilogram tritolu,\u201d prav\u00ed se v zpr\u00e1v\u011b. Je rovn\u011b\u017e podez\u0159el\u00fd z p\u0159ed\u00e1n\u00ed nep\u0159\u00edteli dat, je\u017e jsou st\u00e1tn\u00edm tajemstv\u00edm.<\/p>\n<p>M\u00e1 b\u00fdt p\u0159ijato rozhodnut\u00ed o zah\u00e1jen\u00ed trestn\u00edho st\u00edh\u00e1n\u00ed podle \u010dl\u00e1nku \u010d.205 (Teroristick\u00fd \u010din), \u010d. 222.1 (protiz\u00e1konn\u00fd obrat v\u00fdbu\u0161nin nebo v\u00fdbu\u0161n\u00fdch za\u0159\u00edzen\u00ed), \u010d. 275 (Vlastizrada), \u010d. 283 (Prozrazen\u00ed \u00fadaj\u016f, je\u017e jsou st\u00e1tn\u00edm tajemstv\u00edm) Trestn\u00edho z\u00e1kon\u00edku RF.<\/p>\n<p><img decoding=\"async\" loading=\"lazy\" class=\"alignnone size-full wp-image-1185\" src=\"http:\/\/www.infokuryr.cz\/n\/wp-content\/uploads\/2021\/04\/kuryr-podpis.png\" alt=\"\" width=\"84\" height=\"24\" \/><\/p>\n<p>&nbsp;<\/p>\n<p><a href=\"https:\/\/stranapro.cz\/\"><img decoding=\"async\" loading=\"lazy\" class=\"wp-image-30218 aligncenter\" src=\"http:\/\/www.infokuryr.cz\/n\/wp-content\/uploads\/2023\/06\/PRO-banner-300x36.png\" alt=\"\" width=\"1350\" height=\"162\" srcset=\"https:\/\/www.infokuryr.cz\/n\/wp-content\/uploads\/2023\/06\/PRO-banner-300x36.png 300w, https:\/\/www.infokuryr.cz\/n\/wp-content\/uploads\/2023\/06\/PRO-banner-768x93.png 768w, https:\/\/www.infokuryr.cz\/n\/wp-content\/uploads\/2023\/06\/PRO-banner.png 849w\" sizes=\"(max-width: 1350px) 100vw, 1350px\" \/><\/a><\/p>\n<p>&nbsp;<\/p>\n<p>&nbsp;<\/p>\n<p>&nbsp;<\/p>\n","protected":false},"excerpt":{"rendered":"<p>Bylo zamezeno pokusu ukrajinsk\u00fdch tajn\u00fdch slu\u017eeb o teroristick\u00fd \u010din na lodi rusk\u00e9 \u010cernomo\u0159sk\u00e9 flotily vyzbrojen\u00e9&#8230;<\/p>\n","protected":false},"author":2,"featured_media":27591,"comment_status":"closed","ping_status":"closed","sticky":false,"template":"","format":"standard","meta":[],"categories":[7],"tags":[143,3128,26],"_links":{"self":[{"href":"https:\/\/www.infokuryr.cz\/n\/wp-json\/wp\/v2\/posts\/32963"}],"collection":[{"href":"https:\/\/www.infokuryr.cz\/n\/wp-json\/wp\/v2\/posts"}],"about":[{"href":"https:\/\/www.infokuryr.cz\/n\/wp-json\/wp\/v2\/types\/post"}],"author":[{"embeddable":true,"href":"https:\/\/www.infokuryr.cz\/n\/wp-json\/wp\/v2\/users\/2"}],"replies":[{"embeddable":true,"href":"https:\/\/www.infokuryr.cz\/n\/wp-json\/wp\/v2\/comments?post=32963"}],"version-history":[{"count":0,"href":"https:\/\/www.infokuryr.cz\/n\/wp-json\/wp\/v2\/posts\/32963\/revisions"}],"wp:featuredmedia":[{"embeddable":true,"href":"https:\/\/www.infokuryr.cz\/n\/wp-json\/wp\/v2\/media\/27591"}],"wp:attachment":[{"href":"https:\/\/www.infokuryr.cz\/n\/wp-json\/wp\/v2\/media?parent=32963"}],"wp:term":[{"taxonomy":"category","embeddable":true,"href":"https:\/\/www.infokuryr.cz\/n\/wp-json\/wp\/v2\/categories?post=32963"},{"taxonomy":"post_tag","embeddable":true,"href":"https:\/\/www.infokuryr.cz\/n\/wp-json\/wp\/v2\/tags?post=32963"}],"curies":[{"name":"wp","href":"https:\/\/api.w.org\/{rel}","templated":true}]}}