{"id":32959,"date":"2023-07-28T01:04:18","date_gmt":"2023-07-27T23:04:18","guid":{"rendered":"http:\/\/www.infokuryr.cz\/n\/?p=32959"},"modified":"2023-07-27T17:27:15","modified_gmt":"2023-07-27T15:27:15","slug":"rada-nato-ukrajina-odsuzuje-rusko-za-ukonceni-cernomorske-dohody-o-obili","status":"publish","type":"post","link":"https:\/\/www.infokuryr.cz\/n\/2023\/07\/28\/rada-nato-ukrajina-odsuzuje-rusko-za-ukonceni-cernomorske-dohody-o-obili\/","title":{"rendered":"Rada NATO-Ukrajina odsuzuje Rusko za ukon\u010den\u00ed \u010dernomo\u0159sk\u00e9 dohody o obil\u00ed"},"content":{"rendered":"<div id=\"fb-root\"><\/div>\n<p><span style=\"font-size: 18pt;\"><strong>Obrann\u00e1 aliance ozn\u00e1mila pl\u00e1ny na zv\u00fd\u0161en\u00ed sv\u00e9ho dohledu v \u010cern\u00e9m mo\u0159i<\/strong><\/span><\/p>\n<p><span>Po ned\u00e1vn\u00fdch rusk\u00fdch \u00fatoc\u00edch proti obiln\u00fdm p\u0159\u00edstav\u016fm v Od\u011bse a na Dunaji Rada NATO-Ukrajina\u00a0na mimo\u0159\u00e1dn\u00e9m zased\u00e1n\u00ed\u00a0<\/span><a class=\"ek-link\" href=\"https:\/\/www.magyarhirlap.hu\/kulfold\/20230726-a-nato-fokozza-a-fekete-tengeri-terseg-megfigyeleset\"><span>odsoudila Rusko za ukon\u010den\u00ed dohody o lodn\u00ed doprav\u011b v \u010cern\u00e9m mo\u0159i.\u00a0<\/span><\/a><span>Sch\u016fzka byla svol\u00e1na na \u017e\u00e1dost ukrajinsk\u00e9ho prezidenta Volodymyra Zelensk\u00e9ho.<\/span><\/p>\n<p><span>&#8222;Rusko nad\u00e1le projevuje naprostou ne\u00factu k mezin\u00e1rodn\u00edmu pr\u00e1vu a k lidem na cel\u00e9m sv\u011bt\u011b, kte\u0159\u00ed jsou z\u00e1visl\u00ed na\u00a0<\/span><a class=\"ek-link\" href=\"https:\/\/rmx.news\/russia\/after-grain-deal-collapses-russia-and-turkey-discuss-black-sea-grains-shipments-for-countries-most-in-need\/\"><span>ukrajinsk\u00e9m obil\u00ed<\/span><\/a><span>\u00a0,&#8220; \u0159ekl n\u00e1m\u011bstek gener\u00e1ln\u00edho tajemn\u00edka Mircea Geoan\u0103.\u00a0\u201eRusko sv\u00fdmi brut\u00e1ln\u00edmi \u00fadery ohro\u017euje civiln\u00ed lod\u011b, terorizuje m\u00edrumilovn\u00e1 m\u011bsta a ni\u010d\u00ed \u010d\u00e1sti sv\u011btov\u00e9ho kulturn\u00edho d\u011bdictv\u00ed.<\/span><\/p>\n<p><span>\u201eNATO je sjednocen\u00e9.\u00a0Jsme solid\u00e1rn\u00ed s na\u0161imi \u010dernomo\u0159sk\u00fdmi spojenci, budeme se nad\u00e1le navz\u00e1jem chr\u00e1nit a budeme nad\u00e1le podporovat Ukrajinu, jak dlouho to bude pot\u0159eba,\u201c dodal.<\/span><\/p>\n<p><span>Gener\u00e1ln\u00ed tajemn\u00edk NATO Jens Stoltenberg pouk\u00e1zal na to, \u017ee Rusko by nem\u011blo zadr\u017eovat rukojm\u00ed \u017eivotn\u011b d\u016fle\u017eit\u00e9 transporty obil\u00ed.<\/span><\/p>\n<p><img decoding=\"async\" loading=\"lazy\" class=\"alignnone size-full wp-image-1185\" src=\"http:\/\/www.infokuryr.cz\/n\/wp-content\/uploads\/2021\/04\/kuryr-podpis.png\" alt=\"\" width=\"84\" height=\"24\" \/><\/p>\n<p>&nbsp;<\/p>\n<p><a href=\"https:\/\/stranapro.cz\/\"><img decoding=\"async\" loading=\"lazy\" class=\"alignnone  wp-image-30218\" src=\"http:\/\/www.infokuryr.cz\/n\/wp-content\/uploads\/2023\/06\/PRO-banner-300x36.png\" alt=\"\" width=\"1367\" height=\"164\" srcset=\"https:\/\/www.infokuryr.cz\/n\/wp-content\/uploads\/2023\/06\/PRO-banner-300x36.png 300w, https:\/\/www.infokuryr.cz\/n\/wp-content\/uploads\/2023\/06\/PRO-banner-768x93.png 768w, https:\/\/www.infokuryr.cz\/n\/wp-content\/uploads\/2023\/06\/PRO-banner.png 849w\" sizes=\"(max-width: 1367px) 100vw, 1367px\" \/><\/a><\/p>\n<p>&nbsp;<\/p>\n<p>&nbsp;<\/p>\n<p>&nbsp;<\/p>\n","protected":false},"excerpt":{"rendered":"<p>Obrann\u00e1 aliance ozn\u00e1mila pl\u00e1ny na zv\u00fd\u0161en\u00ed sv\u00e9ho dohledu v \u010cern\u00e9m mo\u0159i Po ned\u00e1vn\u00fdch rusk\u00fdch \u00fatoc\u00edch&#8230;<\/p>\n","protected":false},"author":2,"featured_media":20844,"comment_status":"closed","ping_status":"closed","sticky":false,"template":"","format":"standard","meta":[],"categories":[7],"tags":[39,2023,22,26],"_links":{"self":[{"href":"https:\/\/www.infokuryr.cz\/n\/wp-json\/wp\/v2\/posts\/32959"}],"collection":[{"href":"https:\/\/www.infokuryr.cz\/n\/wp-json\/wp\/v2\/posts"}],"about":[{"href":"https:\/\/www.infokuryr.cz\/n\/wp-json\/wp\/v2\/types\/post"}],"author":[{"embeddable":true,"href":"https:\/\/www.infokuryr.cz\/n\/wp-json\/wp\/v2\/users\/2"}],"replies":[{"embeddable":true,"href":"https:\/\/www.infokuryr.cz\/n\/wp-json\/wp\/v2\/comments?post=32959"}],"version-history":[{"count":0,"href":"https:\/\/www.infokuryr.cz\/n\/wp-json\/wp\/v2\/posts\/32959\/revisions"}],"wp:featuredmedia":[{"embeddable":true,"href":"https:\/\/www.infokuryr.cz\/n\/wp-json\/wp\/v2\/media\/20844"}],"wp:attachment":[{"href":"https:\/\/www.infokuryr.cz\/n\/wp-json\/wp\/v2\/media?parent=32959"}],"wp:term":[{"taxonomy":"category","embeddable":true,"href":"https:\/\/www.infokuryr.cz\/n\/wp-json\/wp\/v2\/categories?post=32959"},{"taxonomy":"post_tag","embeddable":true,"href":"https:\/\/www.infokuryr.cz\/n\/wp-json\/wp\/v2\/tags?post=32959"}],"curies":[{"name":"wp","href":"https:\/\/api.w.org\/{rel}","templated":true}]}}