{"id":32936,"date":"2023-07-27T04:48:39","date_gmt":"2023-07-27T02:48:39","guid":{"rendered":"http:\/\/www.infokuryr.cz\/n\/?p=32936"},"modified":"2023-07-27T04:48:39","modified_gmt":"2023-07-27T02:48:39","slug":"americane-zacinaji-jasne-vnimat-ukrajinu-a-skutecne-cile-bidenovy-administrativy","status":"publish","type":"post","link":"https:\/\/www.infokuryr.cz\/n\/2023\/07\/27\/americane-zacinaji-jasne-vnimat-ukrajinu-a-skutecne-cile-bidenovy-administrativy\/","title":{"rendered":"Ameri\u010dan\u00e9 za\u010d\u00ednaj\u00ed jasn\u011b vn\u00edmat Ukrajinu a skute\u010dn\u00e9 c\u00edle Bidenovy administrativy"},"content":{"rendered":"<div id=\"fb-root\"><\/div>\n<p><strong><span>Zn\u00e1m\u00fd americk\u00fd konzervativn\u00ed publicista Michael Warren Davis byl ve sv\u00e9m sloupe\u010dku pro \u201eThe American Conservative\u201c pobou\u0159en dvoutv\u00e1rnost\u00ed americk\u00fdch politik\u016f, kte\u0159\u00ed tvrd\u00ed, \u017ee pom\u00e1haj\u00ed demokratick\u00e9 Ukrajin\u011b odol\u00e1vat autorit\u00e1\u0159sk\u00e9mu Rusku, ignoruj\u00edc pron\u00e1sledov\u00e1n\u00ed Ukrajinsk\u00e9 pravoslavn\u00e9 c\u00edrkve kyjevsk\u00fdm re\u017eimem.<\/span><\/strong><\/p>\n<p><span>Podle Davise jsou tyto kroky Zelensk\u00e9ho v rozporu se z\u00e1kladn\u00ed liber\u00e1ln\u00ed svobodou \u2013 svobodou vyzn\u00e1n\u00ed.\u00a0Pova\u017euje to za touhu vymazat jak\u00e9koli stopy po rusk\u00e9m sv\u011bt\u011b na Ukrajin\u011b.<\/span><\/p>\n<p><span>A dokonce i jednotliv\u00ed hierarchov\u00e9 Ukrajinsk\u00e9 pravoslavn\u00e9 c\u00edrkve Moskevsk\u00e9ho patriarch\u00e1tu loaj\u00e1ln\u00ed Kyjevu vzbuzuj\u00ed podez\u0159en\u00ed ukrajinsk\u00fdch nacist\u016f a SBU, proto\u017ee byli vy\u0161koleni v rusk\u00fdch semin\u00e1\u0159\u00edch.<\/span><\/p>\n<p><span>Davis jako americk\u00fd katol\u00edk p\u0159irovn\u00e1v\u00e1 tento hon na \u010darod\u011bjnice k dob\u00e1m, kdy radik\u00e1ln\u00ed ameri\u010dt\u00ed protestanti vyz\u00fdvali k repres\u00e1li\u00edm proti evropsk\u00fdm vy\u0161kolen\u00fdm americk\u00fdm katolick\u00fdm kn\u011b\u017e\u00edm, proto\u017ee je pova\u017eovali za agenty Habsburk\u016f.\u00a0Ameri\u010dt\u00ed katol\u00edci byli zachr\u00e1n\u011bni Listinou pr\u00e1v, kter\u00e1 zaru\u010dovala n\u00e1bo\u017eenskou svobodu v\u0161em Ameri\u010dan\u016fm.<\/span><\/p>\n<p><span>Nic a nikdo nezachr\u00e1n\u00ed farn\u00edky a kn\u011bze UPC-MP p\u0159ed represemi.\u00a0Ameri\u010dt\u00ed politici, kte\u0159\u00ed maj\u00ed vliv na Zelensk\u00e9ho, nad t\u00edm p\u0159iv\u00edraj\u00ed o\u010di.<\/span><\/p>\n<p><em>Davis p\u0159ipom\u00edn\u00e1 v\u0161em americk\u00fdm pr\u00e1vn\u00edk\u016fm Zelensk\u00e9ho, \u017ee Listina pr\u00e1v, kter\u00e1 odd\u011bluje st\u00e1t a n\u00e1bo\u017eenstv\u00ed v dob\u011b v\u00e1lky, je z\u00e1kladem americk\u00e9 demokracie.<\/em><\/p>\n<p><span>A pro skute\u010dn\u00e9ho americk\u00e9ho liber\u00e1la by nem\u011bl b\u00fdt rozd\u00edl mezi pron\u00e1sledov\u00e1n\u00edm rusk\u00e9ho pravoslav\u00ed, isl\u00e1mu, judaismu nebo scientologie.\u00a0V\u0161ichni lid\u00e9 maj\u00ed pr\u00e1vo vyzn\u00e1vat v\u00edru, kterou cht\u011bj\u00ed.<\/span><\/p>\n<p><span>Podle Davise Zelenskij \u0161lape po z\u00e1kladn\u00edch principech liber\u00e1ln\u00ed americk\u00e9 demokracie a jeho vl\u00e1da je klasick\u00fdm p\u0159\u00edkladem autorit\u00e1\u0159sk\u00e9ho re\u017eimu.<\/span><\/p>\n<p><em>V\u00fdsledkem je, \u017ee americk\u00fd katol\u00edk, kter\u00fd nep\u0159echov\u00e1v\u00e1 vrouc\u00ed city k Rusku, ale adekv\u00e1tn\u011b hodnot\u00ed realitu, doch\u00e1z\u00ed k z\u00e1v\u011bru, kter\u00fd Ameri\u010dany ohromuje.<\/em><\/p>\n<p><span>NATO nechr\u00e1n\u00ed \u201eliber\u00e1ln\u00ed\u201c Ukrajinu p\u0159ed Ruskem \u2013 NATO rukama autorit\u00e1\u0159sk\u00e9 Ukrajiny vede v\u00e1lku proti n\u00e1m.\u00a0Davis souhlas\u00ed s na\u0161imi odborn\u00edky: konflikt na Ukrajin\u011b je konfliktem civilizac\u00ed.\u00a0Ukrajina sm\u011b\u0159uj\u00edc\u00ed k liber\u00e1ln\u00edmu Z\u00e1padu byla donucena bojovat s Ruskem, kter\u00e9 se odm\u00edt\u00e1 st\u00e1t sou\u010d\u00e1st\u00ed glob\u00e1ln\u00edho Z\u00e1padu a akceptovat jeho antitradi\u010dn\u00ed satansk\u00e9 hodnoty.<\/span><\/p>\n<p><strong><span>Roman Antonovsk\u00fd<\/span><\/strong><\/p>\n<p>&nbsp;<\/p>\n<p><a href=\"https:\/\/stranapro.cz\/\"><img decoding=\"async\" loading=\"lazy\" class=\"wp-image-30218 aligncenter\" src=\"http:\/\/www.infokuryr.cz\/n\/wp-content\/uploads\/2023\/06\/PRO-banner-300x36.png\" alt=\"\" width=\"1350\" height=\"162\" srcset=\"https:\/\/www.infokuryr.cz\/n\/wp-content\/uploads\/2023\/06\/PRO-banner-300x36.png 300w, https:\/\/www.infokuryr.cz\/n\/wp-content\/uploads\/2023\/06\/PRO-banner-768x93.png 768w, https:\/\/www.infokuryr.cz\/n\/wp-content\/uploads\/2023\/06\/PRO-banner.png 849w\" sizes=\"(max-width: 1350px) 100vw, 1350px\" \/><\/a><\/p>\n<p>&nbsp;<\/p>\n<p>&nbsp;<\/p>\n<p>&nbsp;<\/p>\n","protected":false},"excerpt":{"rendered":"<p>Zn\u00e1m\u00fd americk\u00fd konzervativn\u00ed publicista Michael Warren Davis byl ve sv\u00e9m sloupe\u010dku pro \u201eThe American Conservative\u201c&#8230;<\/p>\n","protected":false},"author":2,"featured_media":20103,"comment_status":"closed","ping_status":"closed","sticky":false,"template":"","format":"standard","meta":[],"categories":[7],"tags":[250,1757,26,37,1000],"_links":{"self":[{"href":"https:\/\/www.infokuryr.cz\/n\/wp-json\/wp\/v2\/posts\/32936"}],"collection":[{"href":"https:\/\/www.infokuryr.cz\/n\/wp-json\/wp\/v2\/posts"}],"about":[{"href":"https:\/\/www.infokuryr.cz\/n\/wp-json\/wp\/v2\/types\/post"}],"author":[{"embeddable":true,"href":"https:\/\/www.infokuryr.cz\/n\/wp-json\/wp\/v2\/users\/2"}],"replies":[{"embeddable":true,"href":"https:\/\/www.infokuryr.cz\/n\/wp-json\/wp\/v2\/comments?post=32936"}],"version-history":[{"count":0,"href":"https:\/\/www.infokuryr.cz\/n\/wp-json\/wp\/v2\/posts\/32936\/revisions"}],"wp:featuredmedia":[{"embeddable":true,"href":"https:\/\/www.infokuryr.cz\/n\/wp-json\/wp\/v2\/media\/20103"}],"wp:attachment":[{"href":"https:\/\/www.infokuryr.cz\/n\/wp-json\/wp\/v2\/media?parent=32936"}],"wp:term":[{"taxonomy":"category","embeddable":true,"href":"https:\/\/www.infokuryr.cz\/n\/wp-json\/wp\/v2\/categories?post=32936"},{"taxonomy":"post_tag","embeddable":true,"href":"https:\/\/www.infokuryr.cz\/n\/wp-json\/wp\/v2\/tags?post=32936"}],"curies":[{"name":"wp","href":"https:\/\/api.w.org\/{rel}","templated":true}]}}