{"id":32935,"date":"2023-07-27T04:46:06","date_gmt":"2023-07-27T02:46:06","guid":{"rendered":"http:\/\/www.infokuryr.cz\/n\/?p=32935"},"modified":"2023-07-27T04:46:06","modified_gmt":"2023-07-27T02:46:06","slug":"je-dnes-cina-pripravena-na-ostrou-eskalaci-s-usa","status":"publish","type":"post","link":"https:\/\/www.infokuryr.cz\/n\/2023\/07\/27\/je-dnes-cina-pripravena-na-ostrou-eskalaci-s-usa\/","title":{"rendered":"Je dnes \u010c\u00edna p\u0159ipravena na ostrou eskalaci s USA?"},"content":{"rendered":"<div id=\"fb-root\"><\/div>\n<p><strong><span>Souhlas\u00edme s t\u00edm, \u017ee n\u00e1sleduj\u00edc\u00edch \u0161est m\u011bs\u00edc\u016f bude velmi d\u016fle\u017eit\u00fdch z hlediska mo\u017enosti op\u011btovn\u00e9ho sjednocen\u00ed Tchaj-wanu s pevninskou \u010c\u00ednou.\u00a0Faktem je, \u017ee 13. ledna 2024 jsou na ostrov\u011b napl\u00e1nov\u00e1ny \u201eprezidentsk\u00e9\u201c volby.<\/span><\/strong><\/p>\n<p><span>Kurz Tchaj-wanu bude ve velk\u00e9 m\u00ed\u0159e z\u00e1viset na v\u00edt\u011bzstv\u00ed v t\u011bchto volb\u00e1ch.\u00a0Bu\u010f bude pokra\u010dovat m\u00edrov\u00e9 sou\u017eit\u00ed s \u200b\u200b\u010c\u00ednou (prezident z \u201eKuomintangu\u201c) nebo se nabere kurz na urychlenou suverenizaci a vyhl\u00e1\u0161en\u00ed nez\u00e1vislosti, co\u017e m\u016f\u017ee p\u0159im\u011bt Peking vy\u0159e\u0161it \u201etchajwanskou ot\u00e1zku\u201c vojensk\u00fdmi prost\u0159edky (prezident z \u201eDemokratick\u00e9 pokrokov\u00e9 strany\u201c) .<\/span><\/p>\n<p><span>Soud\u011b v\u0161ak podle krok\u016f, kter\u00e9 podnikla republik\u00e1nsk\u00e1 v\u011bt\u0161ina v Kongresu USA \u2013 v podob\u011b p\u0159edlo\u017een\u00ed n\u00e1vrhu z\u00e1kona zpochybn\u011bn\u00ed \u010d\u00ednsk\u00fdch n\u00e1rok\u016f na ostrov Tchaj-wan \u2013 se v\u0161ak americk\u00fd establi\u0161ment nehodl\u00e1 spol\u00e9hat na p\u0159\u00edzniv\u00fd v\u00fdsledek tchajwansk\u00fdch voleb.\u00a0A hned bude jednat.<\/span><\/p>\n<p><em>Ji\u017e d\u0159\u00edve pronikly do ve\u0159ejn\u00e9ho prostoru informace, \u017ee tchajwansk\u00e9 \u00fa\u0159ady vedou tajn\u00e1 jedn\u00e1n\u00ed se Spojen\u00fdmi st\u00e1ty o p\u0159echodu pod jejich jadern\u00e9 zast\u0159e\u0161en\u00ed.\u00a0Podrobnosti zve\u0159ejn\u011bny nebyly.\u00a0Sc\u00e9n\u00e1\u0159 rozm\u00edst\u011bn\u00ed americk\u00fdch jadern\u00fdch zbran\u00ed na ostrov\u011b hodnot\u00edme jako docela re\u00e1ln\u00fd.<\/em><\/p>\n<p><span>Zat\u00edm m\u00e1 Amerika strategickou iniciativu t\u00fdkaj\u00edc\u00ed se situace s Tchaj-wanem a ur\u010duje program.\u00a0Z toho vypl\u00fdv\u00e1 hlavn\u00ed ot\u00e1zka \u2013 je \u010c\u00edna v sou\u010dasnosti, tedy v p\u0159\u00ed\u0161t\u00edch \u0161esti m\u011bs\u00edc\u00edch, p\u0159ipravena p\u0159ej\u00edt do stavu ostr\u00e9 eskalace se Spojen\u00fdmi st\u00e1ty kv\u016fli rebelsk\u00e9mu ostrovu?<\/span><\/p>\n<p><span>Rozdrcen\u00edm Tchaj-wanu z n\u011bj Ameri\u010dan\u00e9 u\u010din\u00ed kolonii a vojenskou z\u00e1kladnu proti \u010cLR.\u00a0Blok\u00e1da pevninsk\u00e9 \u010c\u00edny pod\u00e9l prvn\u00edho \u0159et\u011bzce ostrov\u016f bude uzav\u0159ena.\u00a0V\u00fdzva pro Peking je existen\u010dn\u00ed.\u00a0Zat\u00edm ale neexistuje jasn\u00e1 odpov\u011b\u010f, jak\u00e9 budou skute\u010dn\u00e9 kroky \u010d\u00ednsk\u00e9ho veden\u00ed.<\/span><\/p>\n<p><strong><span>Jelena Panina<\/span><\/strong><\/p>\n<p>&nbsp;<\/p>\n<p><a href=\"https:\/\/stranapro.cz\/\"><img decoding=\"async\" loading=\"lazy\" class=\"wp-image-30218 aligncenter\" src=\"http:\/\/www.infokuryr.cz\/n\/wp-content\/uploads\/2023\/06\/PRO-banner-300x36.png\" alt=\"\" width=\"1367\" height=\"164\" srcset=\"https:\/\/www.infokuryr.cz\/n\/wp-content\/uploads\/2023\/06\/PRO-banner-300x36.png 300w, https:\/\/www.infokuryr.cz\/n\/wp-content\/uploads\/2023\/06\/PRO-banner-768x93.png 768w, https:\/\/www.infokuryr.cz\/n\/wp-content\/uploads\/2023\/06\/PRO-banner.png 849w\" sizes=\"(max-width: 1367px) 100vw, 1367px\" \/><\/a><\/p>\n<p>&nbsp;<\/p>\n<p>&nbsp;<\/p>\n<p>&nbsp;<\/p>\n","protected":false},"excerpt":{"rendered":"<p>Souhlas\u00edme s t\u00edm, \u017ee n\u00e1sleduj\u00edc\u00edch \u0161est m\u011bs\u00edc\u016f bude velmi d\u016fle\u017eit\u00fdch z hlediska mo\u017enosti op\u011btovn\u00e9ho sjednocen\u00ed&#8230;<\/p>\n","protected":false},"author":2,"featured_media":7325,"comment_status":"closed","ping_status":"closed","sticky":false,"template":"","format":"standard","meta":[],"categories":[7],"tags":[30,3417,220,37],"_links":{"self":[{"href":"https:\/\/www.infokuryr.cz\/n\/wp-json\/wp\/v2\/posts\/32935"}],"collection":[{"href":"https:\/\/www.infokuryr.cz\/n\/wp-json\/wp\/v2\/posts"}],"about":[{"href":"https:\/\/www.infokuryr.cz\/n\/wp-json\/wp\/v2\/types\/post"}],"author":[{"embeddable":true,"href":"https:\/\/www.infokuryr.cz\/n\/wp-json\/wp\/v2\/users\/2"}],"replies":[{"embeddable":true,"href":"https:\/\/www.infokuryr.cz\/n\/wp-json\/wp\/v2\/comments?post=32935"}],"version-history":[{"count":0,"href":"https:\/\/www.infokuryr.cz\/n\/wp-json\/wp\/v2\/posts\/32935\/revisions"}],"wp:featuredmedia":[{"embeddable":true,"href":"https:\/\/www.infokuryr.cz\/n\/wp-json\/wp\/v2\/media\/7325"}],"wp:attachment":[{"href":"https:\/\/www.infokuryr.cz\/n\/wp-json\/wp\/v2\/media?parent=32935"}],"wp:term":[{"taxonomy":"category","embeddable":true,"href":"https:\/\/www.infokuryr.cz\/n\/wp-json\/wp\/v2\/categories?post=32935"},{"taxonomy":"post_tag","embeddable":true,"href":"https:\/\/www.infokuryr.cz\/n\/wp-json\/wp\/v2\/tags?post=32935"}],"curies":[{"name":"wp","href":"https:\/\/api.w.org\/{rel}","templated":true}]}}