{"id":32910,"date":"2023-07-27T01:13:29","date_gmt":"2023-07-26T23:13:29","guid":{"rendered":"http:\/\/www.infokuryr.cz\/n\/?p=32910"},"modified":"2023-07-26T17:22:39","modified_gmt":"2023-07-26T15:22:39","slug":"ministerstvo-zahranici-rf-zverejnilo-zpravu-o-perzekuci-ukrajinske-pravoslavne-cirkve","status":"publish","type":"post","link":"https:\/\/www.infokuryr.cz\/n\/2023\/07\/27\/ministerstvo-zahranici-rf-zverejnilo-zpravu-o-perzekuci-ukrajinske-pravoslavne-cirkve\/","title":{"rendered":"Ministerstvo zahrani\u010d\u00ed RF zve\u0159ejnilo zpr\u00e1vu o perzekuci Ukrajinsk\u00e9 pravoslavn\u00e9 c\u00edrkve"},"content":{"rendered":"<div id=\"fb-root\"><\/div>\n<p><strong>Kyjevsk\u00e1 vl\u00e1da v pr\u016fb\u011bhu mnoha let aktivn\u011b prov\u00e1d\u00ed na Ukrajin\u011b linii na likvidaci kanonick\u00e9 Ukrajinsk\u00e9 pravoslavn\u00e9 c\u00edrkve (UPC), na diskriminaci jej\u00edho duchovenstva, na pron\u00e1sledov\u00e1n\u00ed duchovn\u00edch a v\u011b\u0159\u00edc\u00edch.<\/strong><\/p>\n<p>Ud\u00e1losti na Ukrajin\u011b zapadaj\u00ed do celkov\u00e9ho obrazu syst\u00e9mov\u00e9 krize sv\u011btov\u00e9ho pravoslav\u00ed vyvolan\u00e9 politikou Konstantinopolsk\u00e9ho patriarch\u00e1tu, USA a jin\u00fdch zem\u00ed Z\u00e1padu, kter\u00e9 podporuj\u00ed rozvratn\u00edky.<\/p>\n<p>Kyjevsk\u00e1 vl\u00e1da a Z\u00e1pad se pokou\u0161\u00ed rozd\u011blit rusk\u00e9 a ukrajinsk\u00e9 n\u00e1rody, rozvr\u00e1tit duchovn\u00ed bl\u00edzkost pravoslavn\u00fdch v\u011b\u0159\u00edc\u00edch obou zem\u00ed, a to nehled\u011b dokonce na rozhodnut\u00ed UPC o nez\u00e1vislosti na Moskevsk\u00e9m patriarch\u00e1tu.<\/p>\n<p>Rozs\u00e1hl\u00fd systematick\u00fd tlak na kanonick\u00e9 pravoslav\u00ed na Ukrajin\u011b se za\u010dal vyv\u00edjet v roce 2018 a zvl\u00e1\u0161t\u011b zes\u00edlil v letech 2022 a 2023. Byl iniciov\u00e1n \u00fast\u0159edn\u00edm veden\u00edm Ukrajiny (prezident, vl\u00e1da, Rada n\u00e1rodn\u00ed bezpe\u010dnosti a obrany) a realizuje se v sou\u010dasn\u00e9 dob\u011b na z\u00e1konod\u00e1rn\u00e9 \u00farovni, v akc\u00edch speci\u00e1ln\u00edch slu\u017eeb, na \u00farovn\u00edch region\u00e1ln\u00ed moci a org\u00e1n\u016f samospr\u00e1vy.<\/p>\n<p>\u00dasil\u00ed kyjevsk\u00e9ho re\u017eimu zahrnuj\u00ed krom\u011b toho vypracov\u00e1n\u00ed diskrimina\u010dn\u00edch z\u00e1kon\u016f, s\u00edlov\u00e9 uchv\u00e1cen\u00ed chr\u00e1m\u016f a kl\u00e1\u0161ter\u016f, nez\u00e1konn\u00e9 p\u0159eregistrov\u00e1n\u00ed n\u00e1bo\u017eensk\u00fdch obc\u00ed, kultivov\u00e1n\u00ed r\u00e9toriky nen\u00e1visti, nemotivovan\u00e9 agrese a n\u00e1sil\u00ed v\u016f\u010di duchovenstvu a v\u011b\u0159\u00edc\u00edm UPC.<\/p>\n<p>Mnohastrann\u00e9 univerz\u00e1ln\u00ed organizace z\u016fst\u00e1vaj\u00ed pov\u011bt\u0161in\u011b slep\u00e9 a hluch\u00e9 v\u016f\u010di fakt\u016fm perzekuov\u00e1n\u00ed kanonick\u00e9 UPC kyjevsk\u00fdm re\u017eimem. V \u0161ir\u0161\u00edm slova smyslu nereaguj\u00ed ani na zna\u010dn\u00e9 mno\u017estv\u00ed \u00fadaj\u016f a zpr\u00e1v o rozs\u00e1hl\u00fdch poru\u0161en\u00edch lidsk\u00fdch pr\u00e1v na Ukrajin\u011b.<\/p>\n<p>Tato zpr\u00e1va, kter\u00e1 se skl\u00e1d\u00e1 ze 7 odd\u00edl\u016f, obsahuje fakta sebran\u00e1 z r\u016fzn\u00fdch zdroj\u016f, kter\u00e1 ukazuj\u00ed ve\u0161kerou politickou zv\u016fli a bezpr\u00e1v\u00ed v\u016f\u010di UPC, hrub\u00e9 systematick\u00e9 poru\u0161ov\u00e1n\u00ed kyjevsk\u00fdm re\u017eimem pr\u00e1v pravoslavn\u00fdch k\u0159es\u0165an\u016f, a tak\u00e9 reakci n\u011bkter\u00fdch mezin\u00e1rodn\u00edch organizac\u00ed ochr\u00e1nc\u016f lidsk\u00fdch pr\u00e1v.<\/p>\n<p><img decoding=\"async\" loading=\"lazy\" class=\"alignnone size-full wp-image-1185\" src=\"http:\/\/www.infokuryr.cz\/n\/wp-content\/uploads\/2021\/04\/kuryr-podpis.png\" alt=\"\" width=\"84\" height=\"24\" \/><\/p>\n<p>&nbsp;<\/p>\n<p><a href=\"https:\/\/stranapro.cz\/\"><img decoding=\"async\" loading=\"lazy\" class=\"wp-image-30218 aligncenter\" src=\"http:\/\/www.infokuryr.cz\/n\/wp-content\/uploads\/2023\/06\/PRO-banner-300x36.png\" alt=\"\" width=\"1358\" height=\"163\" srcset=\"https:\/\/www.infokuryr.cz\/n\/wp-content\/uploads\/2023\/06\/PRO-banner-300x36.png 300w, https:\/\/www.infokuryr.cz\/n\/wp-content\/uploads\/2023\/06\/PRO-banner-768x93.png 768w, https:\/\/www.infokuryr.cz\/n\/wp-content\/uploads\/2023\/06\/PRO-banner.png 849w\" sizes=\"(max-width: 1358px) 100vw, 1358px\" \/><\/a><\/p>\n<p>&nbsp;<\/p>\n<p>&nbsp;<\/p>\n<p>&nbsp;<\/p>\n","protected":false},"excerpt":{"rendered":"<p>Kyjevsk\u00e1 vl\u00e1da v pr\u016fb\u011bhu mnoha let aktivn\u011b prov\u00e1d\u00ed na Ukrajin\u011b linii na likvidaci kanonick\u00e9 Ukrajinsk\u00e9&#8230;<\/p>\n","protected":false},"author":2,"featured_media":25724,"comment_status":"closed","ping_status":"closed","sticky":false,"template":"","format":"standard","meta":[],"categories":[7],"tags":[250,1757,26,724],"_links":{"self":[{"href":"https:\/\/www.infokuryr.cz\/n\/wp-json\/wp\/v2\/posts\/32910"}],"collection":[{"href":"https:\/\/www.infokuryr.cz\/n\/wp-json\/wp\/v2\/posts"}],"about":[{"href":"https:\/\/www.infokuryr.cz\/n\/wp-json\/wp\/v2\/types\/post"}],"author":[{"embeddable":true,"href":"https:\/\/www.infokuryr.cz\/n\/wp-json\/wp\/v2\/users\/2"}],"replies":[{"embeddable":true,"href":"https:\/\/www.infokuryr.cz\/n\/wp-json\/wp\/v2\/comments?post=32910"}],"version-history":[{"count":0,"href":"https:\/\/www.infokuryr.cz\/n\/wp-json\/wp\/v2\/posts\/32910\/revisions"}],"wp:featuredmedia":[{"embeddable":true,"href":"https:\/\/www.infokuryr.cz\/n\/wp-json\/wp\/v2\/media\/25724"}],"wp:attachment":[{"href":"https:\/\/www.infokuryr.cz\/n\/wp-json\/wp\/v2\/media?parent=32910"}],"wp:term":[{"taxonomy":"category","embeddable":true,"href":"https:\/\/www.infokuryr.cz\/n\/wp-json\/wp\/v2\/categories?post=32910"},{"taxonomy":"post_tag","embeddable":true,"href":"https:\/\/www.infokuryr.cz\/n\/wp-json\/wp\/v2\/tags?post=32910"}],"curies":[{"name":"wp","href":"https:\/\/api.w.org\/{rel}","templated":true}]}}