{"id":3291,"date":"2021-07-13T08:49:45","date_gmt":"2021-07-13T06:49:45","guid":{"rendered":"http:\/\/www.infokuryr.cz\/n\/?p=3291"},"modified":"2021-07-13T08:49:45","modified_gmt":"2021-07-13T06:49:45","slug":"pirati-a-havliste-vybuduji-v-praze-misto-bytu-prvni-prazsky-holubnik-ne-to-neni-zert","status":"publish","type":"post","link":"https:\/\/www.infokuryr.cz\/n\/2021\/07\/13\/pirati-a-havliste-vybuduji-v-praze-misto-bytu-prvni-prazsky-holubnik-ne-to-neni-zert\/","title":{"rendered":"Pir\u00e1ti a havlist\u00e9 vybuduj\u00ed v Praze m\u00edsto byt\u016f prvn\u00ed pra\u017esk\u00fd holubn\u00edk :-), ne, to nen\u00ed \u017eert!"},"content":{"rendered":"<div id=\"fb-root\"><\/div>\n<p>Pir\u00e1ti a havlist\u00e9 (TOP 09, STAN, ODS..) slibovali p\u0159ed posledn\u00edmi komun\u00e1ln\u00edmi volbami v Praze masivn\u00ed budov\u00e1n\u00ed byt\u016f pro obyvatele Prahy.\u00a0<strong>Na ty zat\u00edm nedo\u0161lo, mlad\u00e9 \u010desk\u00e9 rodiny s d\u011btmi nejsou (a nikdy nebudou) zkr\u00e1tka pro tyto politick\u00e9 s\u00edly prioritou. Pro\u010d by se jim tedy m\u011blo zlev\u0148ovat bydlen\u00ed stavbou komun\u00e1ln\u00edch byt\u016f?!<\/strong><\/p>\n<p>Stav\u011bt se ale koalice \u201cpokroku\u201d chyst\u00e1.\u00a0<strong>Bude to stavba prvn\u00edho\u00a0<a href=\"https:\/\/www.idnes.cz\/praha\/zpravy\/praha-3-obecni-holubnik-ochrana-trus.A210213_594338_domaci_misl\">pra\u017esk\u00e9ho holubn\u00edku<\/a>\u00a0na Praze 3 na ho\u0159e V\u00edtkov. Na Praze 3 vl\u00e1dne koalice TOP09, Pir\u00e1ti a Zelen\u00ed a tak jsou holubi pochopiteln\u011b d\u016fle\u017eit\u011bj\u0161\u00ed ne\u017e b\u00edl\u00ed \u010de\u0161t\u00ed lid\u00e9.<\/strong><\/p>\n<p>Ot\u00e1zkou je,\u00a0<strong>zda by tyto proti \u010desk\u00e9 politick\u00e9 s\u00edly byly tak liknav\u00e9 p\u0159i stavb\u00e1ch obecn\u00edch byt\u016f, kdyby se jednalo o byty pro jimi tolik \u017e\u00e1dan\u00e9 muslimsk\u00e9 uprchl\u00edky. H\u00e1d\u00e1m, \u017ee to by se ji\u017e kopalo a stav\u011blo po cel\u00e9 Praze. Ono ale podivn\u00fdch \u010dern\u00fdch individu\u00ed v Praze rychle p\u0159ib\u00fdv\u00e1 a tak mo\u017en\u00e1 k v\u00fdstavb\u011b obecn\u00edch byt\u016f nakonec dojde. Pro b\u00edl\u00e9 \u010cechy to byty ale ur\u010dit\u011b nebudou.<\/strong><\/p>\n<p><a href=\"https:\/\/ceskavec.com\/2021\/07\/pirati-pomohou-vybudovat-prvni-prazsky-holubnik-ne-to-neni-zert\">Pra\u017ean<\/a><\/p>\n<p>&nbsp;<\/p>\n","protected":false},"excerpt":{"rendered":"<p>Pir\u00e1ti a havlist\u00e9 (TOP 09, STAN, ODS..) slibovali p\u0159ed posledn\u00edmi komun\u00e1ln\u00edmi volbami v Praze masivn\u00ed&#8230;<\/p>\n","protected":false},"author":2,"featured_media":3292,"comment_status":"closed","ping_status":"closed","sticky":false,"template":"","format":"standard","meta":[],"categories":[6],"tags":[879,137,234,424],"_links":{"self":[{"href":"https:\/\/www.infokuryr.cz\/n\/wp-json\/wp\/v2\/posts\/3291"}],"collection":[{"href":"https:\/\/www.infokuryr.cz\/n\/wp-json\/wp\/v2\/posts"}],"about":[{"href":"https:\/\/www.infokuryr.cz\/n\/wp-json\/wp\/v2\/types\/post"}],"author":[{"embeddable":true,"href":"https:\/\/www.infokuryr.cz\/n\/wp-json\/wp\/v2\/users\/2"}],"replies":[{"embeddable":true,"href":"https:\/\/www.infokuryr.cz\/n\/wp-json\/wp\/v2\/comments?post=3291"}],"version-history":[{"count":0,"href":"https:\/\/www.infokuryr.cz\/n\/wp-json\/wp\/v2\/posts\/3291\/revisions"}],"wp:featuredmedia":[{"embeddable":true,"href":"https:\/\/www.infokuryr.cz\/n\/wp-json\/wp\/v2\/media\/3292"}],"wp:attachment":[{"href":"https:\/\/www.infokuryr.cz\/n\/wp-json\/wp\/v2\/media?parent=3291"}],"wp:term":[{"taxonomy":"category","embeddable":true,"href":"https:\/\/www.infokuryr.cz\/n\/wp-json\/wp\/v2\/categories?post=3291"},{"taxonomy":"post_tag","embeddable":true,"href":"https:\/\/www.infokuryr.cz\/n\/wp-json\/wp\/v2\/tags?post=3291"}],"curies":[{"name":"wp","href":"https:\/\/api.w.org\/{rel}","templated":true}]}}