{"id":32895,"date":"2023-07-27T01:09:06","date_gmt":"2023-07-26T23:09:06","guid":{"rendered":"http:\/\/www.infokuryr.cz\/n\/?p=32895"},"modified":"2023-07-26T16:44:05","modified_gmt":"2023-07-26T14:44:05","slug":"ruska-odplata-cili-na-evropska-vina-a-norske-morske-plody-zvysenim-dovoznich-cel","status":"publish","type":"post","link":"https:\/\/www.infokuryr.cz\/n\/2023\/07\/27\/ruska-odplata-cili-na-evropska-vina-a-norske-morske-plody-zvysenim-dovoznich-cel\/","title":{"rendered":"Rusk\u00e1 odplata c\u00edl\u00ed na evropsk\u00e1 v\u00edna a norsk\u00e9 mo\u0159sk\u00e9 plody zv\u00fd\u0161en\u00edm dovozn\u00edch cel"},"content":{"rendered":"<div id=\"fb-root\"><\/div>\n<p><span style=\"font-size: 18pt;\"><strong>Rusk\u00e1 vl\u00e1da se sna\u017e\u00ed potrestat \u201enep\u0159\u00e1telsk\u00e9\u201c zem\u011b<\/strong><\/span><\/p>\n<p><span>Rusko\u00a0<\/span><a class=\"ek-link\" href=\"https:\/\/www.vg.hu\/nemzetkozi-gazdasag\/2023\/07\/moszkva-nekimegy-a-francia-es-az-olasz-boroknak\"><span>zv\u00fd\u0161\u00ed<\/span><\/a><span>\u00a0sv\u00e9 clo na dovoz v\u00edna z nep\u0159\u00e1telsk\u00fdch zem\u00ed z 12,5 na 20 procent, ozn\u00e1mil v \u00fater\u00fd rusk\u00fd premi\u00e9r Michail Mi\u0161ustin.<\/span><\/p>\n<p><span>Moskva tak\u00e9 zva\u017euje z\u00e1kaz dovozu mo\u0159sk\u00fdch plod\u016f.\u00a0Prvn\u00ed by se zam\u011b\u0159ila na Francii a It\u00e1lii, zat\u00edmco druh\u00e1 by po\u0161kodila Norsko.<\/span><\/p>\n<p><span>Podle rusk\u00e9 vl\u00e1dy dom\u00e1c\u00ed producenti zvy\u0161uj\u00ed svou produkci a ru\u0161t\u00ed spot\u0159ebitel\u00e9 st\u00e1le \u010dast\u011bji vol\u00ed dom\u00e1c\u00ed v\u00edno, p\u0159i\u010dem\u017e od vypuknut\u00ed v\u00e1lky tak\u00e9 prudce vzrostl dovoz z nesankcionovan\u00fdch sp\u0159\u00e1telen\u00fdch zem\u00ed.\u00a0Nap\u0159\u00edklad hodnota z\u00e1silek z Chile loni vzrostla o 9 procent, zat\u00edmco dovoz v\u00edn z Arm\u00e9nie vzrostl o 161 procent.<\/span><\/p>\n<p><span>Vl\u00e1da chce tak\u00e9 zv\u00fd\u0161it konkurenceschopnost tuzemsk\u00fdch firem zv\u00fd\u0161en\u00edm dovozn\u00edho cla na \u010di\u0161t\u011bn\u00fd glycerin pou\u017e\u00edvan\u00fd v potravin\u00e1\u0159stv\u00ed, osobn\u00ed p\u00e9\u010di a farmaceutick\u00e9m pr\u016fmyslu z 5 na 35 procent.\u00a0Na p\u0159ekli\u017eku by se tak\u00e9 vztahovalo 50procentn\u00ed dovozn\u00ed clo.\u00a0Kabinet uvedl, \u017ee odstran\u011bn\u00ed nebo omezen\u00ed dovozu z Evropsk\u00e9 unie, Spojen\u00fdch st\u00e1t\u016f a Norska by uvolnilo mezery na trhu, co\u017e by p\u0159ineslo prosp\u011bch dom\u00e1c\u00edm v\u00fdrobc\u016fm a spole\u010dnostem.<\/span><\/p>\n<p><img decoding=\"async\" loading=\"lazy\" class=\"alignnone size-full wp-image-1185\" src=\"http:\/\/www.infokuryr.cz\/n\/wp-content\/uploads\/2021\/04\/kuryr-podpis.png\" alt=\"\" width=\"84\" height=\"24\" \/><\/p>\n<p>&nbsp;<\/p>\n<p><a href=\"https:\/\/stranapro.cz\/\"><img decoding=\"async\" loading=\"lazy\" class=\"wp-image-30218 aligncenter\" src=\"http:\/\/www.infokuryr.cz\/n\/wp-content\/uploads\/2023\/06\/PRO-banner-300x36.png\" alt=\"\" width=\"1358\" height=\"163\" srcset=\"https:\/\/www.infokuryr.cz\/n\/wp-content\/uploads\/2023\/06\/PRO-banner-300x36.png 300w, https:\/\/www.infokuryr.cz\/n\/wp-content\/uploads\/2023\/06\/PRO-banner-768x93.png 768w, https:\/\/www.infokuryr.cz\/n\/wp-content\/uploads\/2023\/06\/PRO-banner.png 849w\" sizes=\"(max-width: 1358px) 100vw, 1358px\" \/><\/a><\/p>\n<p>&nbsp;<\/p>\n<p>&nbsp;<\/p>\n<p>&nbsp;<\/p>\n","protected":false},"excerpt":{"rendered":"<p>Rusk\u00e1 vl\u00e1da se sna\u017e\u00ed potrestat \u201enep\u0159\u00e1telsk\u00e9\u201c zem\u011b Rusko\u00a0zv\u00fd\u0161\u00ed\u00a0sv\u00e9 clo na dovoz v\u00edna z nep\u0159\u00e1telsk\u00fdch zem\u00ed&#8230;<\/p>\n","protected":false},"author":2,"featured_media":32896,"comment_status":"closed","ping_status":"closed","sticky":false,"template":"","format":"standard","meta":[],"categories":[7],"tags":[2070,22,3047,125,5552],"_links":{"self":[{"href":"https:\/\/www.infokuryr.cz\/n\/wp-json\/wp\/v2\/posts\/32895"}],"collection":[{"href":"https:\/\/www.infokuryr.cz\/n\/wp-json\/wp\/v2\/posts"}],"about":[{"href":"https:\/\/www.infokuryr.cz\/n\/wp-json\/wp\/v2\/types\/post"}],"author":[{"embeddable":true,"href":"https:\/\/www.infokuryr.cz\/n\/wp-json\/wp\/v2\/users\/2"}],"replies":[{"embeddable":true,"href":"https:\/\/www.infokuryr.cz\/n\/wp-json\/wp\/v2\/comments?post=32895"}],"version-history":[{"count":1,"href":"https:\/\/www.infokuryr.cz\/n\/wp-json\/wp\/v2\/posts\/32895\/revisions"}],"predecessor-version":[{"id":32897,"href":"https:\/\/www.infokuryr.cz\/n\/wp-json\/wp\/v2\/posts\/32895\/revisions\/32897"}],"wp:featuredmedia":[{"embeddable":true,"href":"https:\/\/www.infokuryr.cz\/n\/wp-json\/wp\/v2\/media\/32896"}],"wp:attachment":[{"href":"https:\/\/www.infokuryr.cz\/n\/wp-json\/wp\/v2\/media?parent=32895"}],"wp:term":[{"taxonomy":"category","embeddable":true,"href":"https:\/\/www.infokuryr.cz\/n\/wp-json\/wp\/v2\/categories?post=32895"},{"taxonomy":"post_tag","embeddable":true,"href":"https:\/\/www.infokuryr.cz\/n\/wp-json\/wp\/v2\/tags?post=32895"}],"curies":[{"name":"wp","href":"https:\/\/api.w.org\/{rel}","templated":true}]}}