{"id":32892,"date":"2023-07-27T01:08:11","date_gmt":"2023-07-26T23:08:11","guid":{"rendered":"http:\/\/www.infokuryr.cz\/n\/?p=32892"},"modified":"2023-07-26T16:36:13","modified_gmt":"2023-07-26T14:36:13","slug":"videnska-konference-o-statni-perzekuci-ukrajinske-pravoslavne-cirkve-kterou-media-ignorovala","status":"publish","type":"post","link":"https:\/\/www.infokuryr.cz\/n\/2023\/07\/27\/videnska-konference-o-statni-perzekuci-ukrajinske-pravoslavne-cirkve-kterou-media-ignorovala\/","title":{"rendered":"V\u00edde\u0148sk\u00e1 konference o st\u00e1tn\u00ed perzekuci ukrajinsk\u00e9 pravoslavn\u00e9 c\u00edrkve, kterou m\u00e9dia ignorovala"},"content":{"rendered":"<div id=\"fb-root\"><\/div>\n<p><strong>Dne 22. \u010dervence se pod z\u00e1\u0161titou rakousk\u00e9 sekce Institutu pro geostrategick\u00e1 studia (B\u011blehrad) konala konference o vysoce v\u00fdbu\u0161n\u00e9m probl\u00e9mu poru\u0161ov\u00e1n\u00ed n\u00e1bo\u017eensk\u00fdch pr\u00e1v na Ukrajin\u011b, kter\u00fd byl v z\u00e1padn\u00edch m\u00e9di\u00edch zcela ignorov\u00e1n.<\/strong><\/p>\n<p><span>Specialitou diskutuj\u00edc\u00edch byla Ukrajinsk\u00e1 pravoslavn\u00e1 c\u00edrkev v kontextu tamn\u00edho aktu\u00e1ln\u00edho d\u011bn\u00ed.<\/span><\/p>\n<p><span style=\"font-size: 18pt;\"><strong>\u00da\u0159ady na &#8222;kampan\u011b vyhlazen\u00ed&#8220; proti pravoslavn\u00e9 c\u00edrkvi Ukrajiny<\/strong><\/span><\/p>\n<p><span>Na Ukrajin\u011b tamn\u00ed \u00fa\u0159ady ni\u010d\u00ed Ukrajinskou pravoslavnou c\u00edrkev p\u0159ed zraky cel\u00e9ho \u201ez\u00e1padn\u00edho sv\u011btov\u00e9ho spole\u010denstv\u00ed\u201c.<\/span><\/p>\n<p><span>To je t\u0159eba vn\u00edmat jako spole\u010dnou akci Zelensk\u00e9ho re\u017eimu a org\u00e1n\u016f ukrajinsk\u00e9 pravoslavn\u00e9 c\u00edrkve pod z\u00e1\u0161titou Konstantinopolsk\u00e9ho patriarch\u00e1tu a samotn\u00e9ho patriarchy Bartolom\u011bje.<\/span><\/p>\n<p><span>Chr\u00e1my byly zabaveny a duchovn\u00ed ukrajinsk\u00e9 pravoslavn\u00e9 c\u00edrkve byli a jsou vystaveni n\u00e1sil\u00ed a pron\u00e1sledov\u00e1n\u00ed.<\/span><\/p>\n<p><span>\u201eJsme tak sv\u011bdky n\u00e1siln\u00e9ho obsazen\u00ed jednoho z nejstar\u0161\u00edch center pravoslavn\u00e9ho sv\u011bta, Kyjevsk\u00e9ho jeskynn\u00edho kl\u00e1\u0161tera,\u201c uvedli organiz\u00e1to\u0159i konference.<\/span><\/p>\n<p><span>Mezin\u00e1rodn\u00ed spole\u010denstv\u00ed, stejn\u011b jako \u201eobr\u00e1nci lidsk\u00fdch pr\u00e1v\u201c, by m\u011bli prov\u00e9st odborn\u00e9 posouzen\u00ed t\u011bchto nehor\u00e1zn\u00fdch poru\u0161ov\u00e1n\u00ed svobody a lidsk\u00fdch pr\u00e1v.\u00a0Je t\u0159eba uznat, \u017ee takov\u00fd postup re\u017eimu n\u00e1s z n\u00e1bo\u017eensk\u00fdch d\u016fvod\u016f vrac\u00ed do doby st\u0159edov\u011bk\u00fdch pogrom\u016f.<\/span><\/p>\n<p><span>V \u00favodn\u00edm projevu konference v\u00fdzkumn\u00edk z Centra geostrategick\u00fdch studi\u00ed z Rakouska Patrick Poppel vysv\u011btlil, \u017ee c\u00edlem konference je shrom\u00e1\u017edit odborn\u00edky z Rakouska, zejm\u00e9na ty, kte\u0159\u00ed se zab\u00fdvaj\u00ed n\u00e1bo\u017eenskou problematikou, spolu s ochr\u00e1nci lidsk\u00fdch pr\u00e1v a odborn\u00edky. z jin\u00fdch zem\u00ed z\u00edskat st\u016fl.\u00a0T\u011b\u017ei\u0161t\u011bm diskuse by byla aktu\u00e1ln\u00ed problematika poru\u0161ov\u00e1n\u00ed n\u00e1bo\u017eensk\u00fdch pr\u00e1v a tak\u00e9 perzekuce duchovn\u00edch a v\u011b\u0159\u00edc\u00edch v Ukrajinsk\u00e9 pravoslavn\u00e9 c\u00edrkvi.<\/span><\/p>\n<p><span style=\"font-size: 18pt;\"><strong>Anton Eggendorfer, magistr teologie a religionistiky z Rakouska, hovo\u0159il na t\u00e9ma \u201ePron\u00e1sledov\u00e1n\u00ed ukrajinsk\u00e9 c\u00edrkve v kontextu celosv\u011btov\u00e9 perzekuce k\u0159es\u0165an\u016f\u201c<\/strong>\u00a0.<\/span><\/p>\n<p><span>Eggendorfer vysv\u011btlil, \u017ee k\u0159es\u0165an\u00e9 jsou pron\u00e1sledov\u00e1ni po cel\u00e9m sv\u011bt\u011b a \u017ee za jejich pron\u00e1sledov\u00e1n\u00edm v mnoha p\u0159\u00edpadech stoj\u00ed r\u016fzn\u00e9 skupiny, kter\u00e9 jsou podporov\u00e1ny z\u00e1padn\u00edmi mocensk\u00fdmi centry, co\u017e je p\u0159\u00edpad nap\u0159\u00edklad Bl\u00edzk\u00e9ho v\u00fdchodu.<\/span><\/p>\n<p><span>\u0158ekl, \u017ee je neuv\u011b\u0159iteln\u00e9, co se d\u011bje na Ukrajin\u011b, \u017ee vl\u00e1da n\u00e1siln\u011b vyvlast\u0148uje kostely a kl\u00e1\u0161tery kn\u011b\u017e\u00edm a v\u011b\u0159\u00edc\u00edm, kte\u0159\u00ed tam \u017eili stovky let, a p\u0159id\u011bluje je nov\u00e9 \u201ezmocn\u011bn\u00e9 c\u00edrkvi\u201c.\u00a0\u201eOt\u00e1zkou je, jak to ovlivn\u00ed budoucnost, zvl\u00e1\u0161t\u011b kdy\u017e mluv\u00edme o n\u00e1bo\u017eenstv\u00ed,\u201c zd\u016fraznil Eggendorfer.<\/span><\/p>\n<p><span style=\"font-size: 18pt;\"><strong>Arcikn\u011bz Sla\u0111an Vasi\u0107 hovo\u0159il na t\u00e9ma \u201ePosouzen\u00ed situace z pohledu obecn\u011b platn\u00e9ho kanonick\u00e9ho pr\u00e1va\u201c.<\/strong><\/span><\/p>\n<p><span>Vyj\u00e1d\u0159il n\u00e1zor, \u017ee Ukrajinsk\u00e1 pravoslavn\u00e1 c\u00edrkev je z hlediska kanonick\u00e9ho pr\u00e1va jedinou \u0159\u00e1dnou pravoslavnou c\u00edrkv\u00ed na Ukrajin\u011b, jej\u00ed\u017e existenci nelze pop\u0159\u00edt.<\/span><\/p>\n<p><span style=\"font-size: 18pt;\"><strong>Daniel Kovalik, profesor humanit\u00e1rn\u00edho pr\u00e1va z USA, hovo\u0159il na t\u00e9ma \u201eD\u016fkazy genocidy, ukrajinsk\u00e9 zni\u010den\u00ed pravoslavn\u00e9 c\u00edrkve\u201c.<\/strong><\/span><\/p>\n<p><span>Kovalik, kter\u00fd byl ned\u00e1vno v Donbasu, \u0159ekl, \u017ee nav\u0161t\u00edvil kostely a kl\u00e1\u0161tery v oblasti, kter\u00e9 byly zni\u010deny ukrajinskou\u00a0<\/span><a href=\"https:\/\/www.youtube.com\/watch?v=7T1t4iCbcYo\"><span>arm\u00e1dou<\/span><\/a><span>\u00a0a \u017ee tato za\u0159\u00edzen\u00ed jsou st\u00e1le napad\u00e1na.<\/span><\/p>\n<p><span>D\u00e1le se domn\u00edv\u00e1, \u017ee velk\u00fdm probl\u00e9mem je, \u017ee sv\u011btov\u00e1 m\u00e9dia ignoruj\u00ed tato zdokumentovan\u00e1 fakta.\u00a0\u201eV\u00e1lka proti etnick\u00fdm Rus\u016fm, rusky mluv\u00edc\u00edmu obyvatelstvu a v\u011b\u0159\u00edc\u00edm C\u00edrkve pod z\u00e1\u0161titou Moskevsk\u00e9ho patriarch\u00e1tu prob\u00edh\u00e1 od roku 2014 a mysl\u00edm, \u017ee to m\u016f\u017eeme nazvat genocidou.<\/span><\/p>\n<p><span>Mysl\u00edm si, \u017ee Ukrajina chce vyhladit Rusy na Ukrajin\u011b, ale nejen etnickou, ale i n\u00e1bo\u017eenskou skupinu, a tomu se \u0159\u00edk\u00e1 genocida.\u00a0Proto ni\u010d\u00ed kostely,\u201c vysv\u011btlil Kovalik.<\/span><\/p>\n<p><span>\u201eZ\u00e1pad by se m\u011bl ob\u00e1vat genocidy, ale m\u00edsto toho ji financuj\u00ed z\u00e1padn\u00ed mocensk\u00e1 centra.\u00a0Tot\u00e9\u017e se d\u011bje na Bl\u00edzk\u00e9m v\u00fdchod\u011b, co\u017e jsem tak\u00e9 pozoroval v S\u00fdrii.\u00a0Na kostely \u00fato\u010d\u00ed Z\u00e1padem podporovan\u00e9 d\u017eih\u00e1distick\u00e9 skupiny.\u00a0Na druhou stranu Hizball\u00e1h tyto kostely chr\u00e1nil.\u00a0To v\u0161e sv\u011bd\u010d\u00ed o zvl\u00e1\u0161tn\u00ed, rozs\u00e1hl\u00e9 v\u00e1lce veden\u00e9 proti historii, kultu\u0159e a tradici,\u201c uzav\u0159el Kovalik.<\/span><\/p>\n<p><span style=\"font-size: 18pt;\"><strong>Arcikn\u011bz Paisius Jung hovo\u0159il na t\u00e9ma \u201eObecn\u00e1 anal\u00fdza pron\u00e1sledov\u00e1n\u00ed k\u0159es\u0165an\u016f na Ukrajin\u011b\u201c.<\/strong><\/span><\/p>\n<p><span>\u201eVid\u00edme, \u017ee\u00a0<\/span><a href=\"https:\/\/www.youtube.com\/watch?v=WkLJrcynANs\"><span>na Ukrajin\u011b doch\u00e1z\u00ed k pron\u00e1sledov\u00e1n\u00ed c\u00edrkve<\/span><\/a><span>\u00a0.\u00a0V\u00edme, \u017ee z historie Balk\u00e1nu, co se stalo v Bosn\u011b a Hercegovin\u011b, v Kosovu a Metohiji atd.\u00a0Probl\u00e9m Z\u00e1padu je v tom, \u017ee si vytv\u00e1\u0159\u00ed svou vlastn\u00ed pravdu.\u00a0Ale v ka\u017ed\u00e9m konfliktu jsou v\u017edy dv\u011b strany a vy mus\u00edte naslouchat ob\u011bma stran\u00e1m.\u00a0Ale to u\u017e se na Z\u00e1pad\u011b ned\u011bje,\u201c \u0159ekl arcikn\u011bz Paisius.<\/span><\/p>\n<p><span style=\"font-size: 18pt;\"><strong>Arnaud Devaley, pr\u00e1vn\u00edk a odborn\u00edk v oblasti mezin\u00e1rodn\u00edho pr\u00e1va z Francie, hovo\u0159il na t\u00e9ma \u201ePoru\u0161en\u00ed mezin\u00e1rodn\u00edho pr\u00e1va, p\u0159\u00edpad ukrajinsk\u00e9 perzekuce v\u011b\u0159\u00edc\u00edch\u201c.<\/strong><\/span><\/p>\n<p><span>V\u011b\u0159\u00ed, \u017ee n\u00e1bo\u017eenstv\u00ed na Ukrajin\u011b\u00a0je vyu\u017e\u00edv\u00e1no\u00a0<\/span><a href=\"https:\/\/www.youtube.com\/watch?v=1F15Czs5CsI\"><span>k politick\u00e9 kontrole , \u201eKyjev, kter\u00fd je pod z\u00e1padn\u00edm vlivem, \u00fato\u010d\u00ed na Ukrajinskou pravoslavnou c\u00edrkev a etnick\u00e9 Rusy ji\u017e mnoho let.<\/span><\/a><\/p>\n<p><span>Up\u0159ednost\u0148uj\u00ed patriarch\u00e1t v Konstantinopoli, a proto cht\u011bj\u00ed p\u0159eru\u0161it vztahy s moskevsk\u00fdm patriarch\u00e1tem v zemi.\u00a0Ukrajina tak\u00e9 poru\u0161uje Evropskou \u00famluvu o lidsk\u00fdch pr\u00e1vech, kdy\u017e usiluje o \u010dlenstv\u00ed v EU,\u201c \u0159ekl Devaley.<\/span><\/p>\n<p><span style=\"font-size: 18pt;\"><strong>Dragana Trifkovi\u0107, \u0159editelka Centra geostrategick\u00fdch studi\u00ed v B\u011blehrad\u011b\/Srbsko, hovo\u0159ila na t\u00e9ma \u201eGeopolitick\u00fd p\u0159ehled sou\u010dasn\u00e9 perzekuce k\u0159es\u0165anstv\u00ed se zvl\u00e1\u0161tn\u00edm z\u0159etelem k perzekuci pravoslav\u00ed\u201c.<\/strong><\/span><\/p>\n<p><span>Trifkovi\u0107 pouk\u00e1zal na to, \u017ee sou\u010dasn\u00e9 d\u011bn\u00ed na Ukrajin\u011b je sou\u010d\u00e1st\u00ed geopolitick\u00e9ho konfliktu.<\/span><\/p>\n<p><span>\u201eJe t\u0159eba vysv\u011btlit, \u017ee \u00fatok na ukrajinskou pravoslavnou c\u00edrkev je veden podle stejn\u00e9ho vzoru jako \u00fatok na srbskou pravoslavnou c\u00edrkev.\u00a0Jasn\u011b za t\u00edm stoj\u00ed z\u00e1jmy globalistick\u00fdch mocensk\u00fdch center, kter\u00e1 ovl\u00e1daj\u00ed i NATO.<\/span><\/p>\n<p><span>Veden\u00ed Ukrajiny, kter\u00e1 je pod \u201ezahrani\u010dn\u00ed spr\u00e1vou\u201c Washingtonu, se n\u00e1siln\u011b sna\u017e\u00ed zabavit majetek Ukrajinsk\u00e9 pravoslavn\u00e9 c\u00edrkve, terorizuje jak duchovn\u00ed, tak v\u011b\u0159\u00edc\u00ed.\u00a0USA se sna\u017e\u00ed prohloubit rozpory nap\u0159\u00ed\u010d pravoslavn\u00fdm sv\u011btem a ekumenick\u00fd patriarcha Bartolom\u011bj je jejich \u201eposkok\u201c, \u0159ekla Dragana Trifkovi\u0107.<\/span><\/p>\n<p><span>&#8222;Jako p\u0159\u00edklad zni\u010den\u00ed pravoslav\u00ed globalistick\u00fdmi mocensk\u00fdmi centry bych r\u00e1d uvedl skute\u010dnost, \u017ee v Kosovu a Metohiji bylo alb\u00e1nsk\u00fdmi teroristy zni\u010deno p\u0159es 150 st\u0159edov\u011bk\u00fdch srbsk\u00fdch kostel\u016f a kl\u00e1\u0161ter\u016f, kdy\u017e NATO p\u0159evzalo kontrolu nad touto oblast\u00ed.&#8220; Trifkovi\u0107.<\/span><\/p>\n<p><span style=\"font-size: 18pt;\"><strong>Daniele Perra, geopolitick\u00fd analytik italsk\u00e9ho \u010dasopisu Eurasia, hovo\u0159il na t\u00e9ma \u201eGeopolitika a posv\u00e1tn\u00e1 geografie v kontextu ukrajinsk\u00e9ho konfliktu\u201c.<\/strong><\/span><\/p>\n<p><span>Perra vysv\u011btlil, \u017ee Z\u00e1pad\u00a0<\/span><a href=\"https:\/\/www.youtube.com\/watch?v=W00N4sDgAU8\"><span>zcela\u00a0<\/span><\/a><span>ignoruje : \u201eKdy\u017e mluv\u00edm o Z\u00e1pad\u011b, nemysl\u00edm t\u00edm geografick\u00fd, ale ideologick\u00fd r\u00e1mec nejen vojensky p\u0159es D\u00e1ln\u00fd z\u00e1pad, ale tak\u00e9 metafyzicky.<\/span><\/p>\n<p><span>To se tak\u00e9 d\u011bje na Ukrajin\u011b, ale vid\u011bli jsme to tak\u00e9 v Srbsku, kter\u00e9 je odd\u011blen\u00e9 od sv\u00e9ho metafyzick\u00e9ho p\u016fvodu, Kosovo a Metohija.\u00a0Z\u00e1pad ve skute\u010dnosti podporuje st\u00e1t s drogovou kriminalitou, kter\u00fd vytvo\u0159ili na Balk\u00e1n\u011b, m\u00edst\u011b, kter\u00e9 je jedn\u00edm z duchovn\u00edch center ortodoxie.<\/span><\/p>\n<p><span>Tot\u00e9\u017e se d\u011bje na Ukrajin\u011b, kde je skute\u010dn\u00e1 ukrajinsk\u00e1 pravoslavn\u00e1 c\u00edrkev neust\u00e1le poru\u0161ov\u00e1na, aby byla zaji\u0161t\u011bna nad\u0159azenost ukrajinsk\u00e9 pravoslavn\u00e9 c\u00edrkve, kter\u00e1 je zase z\u00e1padn\u00edm v\u00fdtvorem vyroben\u00fdm za americk\u00e9 dolary,\u201c uzav\u0159el Perra.<\/span><\/p>\n<p><span>Upozornil, \u017ee nejlep\u0161\u00edm p\u0159\u00edkladem toho je kostel v Ternopilu, kter\u00e9mu po\u017eehnal patriarcha ukrajinsk\u00e9 pravoslavn\u00e9 c\u00edrkve.<\/span><\/p>\n<p><span>&#8222;Na st\u011bn\u00e1ch tohoto kostela jsou symboly Bandery a praporu Azov. Polovojensk\u00e1 arm\u00e1da zn\u00e1m\u00e1 sv\u00fdm n\u00e1sil\u00edm proti lidu Donbasu.&#8220;<\/span><\/p>\n<p><span>\u00da\u010dastn\u00edci konference dosp\u011bli k z\u00e1v\u011bru, \u017ee je nutn\u00e9 pokra\u010dovat v diskusi o perzekuci ukrajinsk\u00e9 pravoslavn\u00e9 c\u00edrkve ao probl\u00e9mech poru\u0161ov\u00e1n\u00ed n\u00e1bo\u017eensk\u00fdch pr\u00e1v lid\u00ed.<\/span><\/p>\n<p><span>Je t\u0159eba apelovat na v\u0161echny instituce a &#8222;ochr\u00e1nce lidsk\u00fdch pr\u00e1v&#8220;, aby se touto problematikou zab\u00fdvaly a sna\u017eily se chr\u00e1nit n\u00e1bo\u017eensk\u00e1 pr\u00e1va lid\u00ed a p\u0159edch\u00e1zet n\u00e1sil\u00ed a perzekuci proti pravoslavn\u00e9 c\u00edrkvi, zd\u016fraznili organiz\u00e1to\u0159i akce na z\u00e1v\u011br konference.<\/span><\/p>\n<p><span>Po konferenci m\u011bl n\u00e1\u0161 redak\u010dn\u00ed t\u00fdm mo\u017enost kr\u00e1tk\u00e9ho rozhovoru s p\u0159edsedou a hostitelem konference Patrickem Poppelem.<\/span><\/p>\n<p><span>Zd\u016fraznil nal\u00e9havou pot\u0159ebu upozornit na osud pravoslavn\u00fdch k\u0159es\u0165an\u016f, kte\u0159\u00ed jsou na Ukrajin\u011b pod obrovsk\u00fdm tlakem.<\/span><\/p>\n<p><span style=\"font-size: 18pt;\"><strong>&#8222;Pron\u00e1sledov\u00e1n\u00ed k\u0159es\u0165an\u016f v 21. stolet\u00ed na prahu Evropy nen\u00ed pro Evropu a Evropskou unii nic men\u0161\u00edho ne\u017e skute\u010dn\u00fd skand\u00e1l,&#8220; \u0159ekl Poppel.<\/strong><\/span><\/p>\n<p><img decoding=\"async\" loading=\"lazy\" class=\"alignnone size-full wp-image-1185\" src=\"http:\/\/www.infokuryr.cz\/n\/wp-content\/uploads\/2021\/04\/kuryr-podpis.png\" alt=\"\" width=\"84\" height=\"24\" \/><\/p>\n<p>&nbsp;<\/p>\n<p>&nbsp;<\/p>\n<p><a href=\"https:\/\/stranapro.cz\/\"><img decoding=\"async\" loading=\"lazy\" class=\"wp-image-30218 aligncenter\" src=\"http:\/\/www.infokuryr.cz\/n\/wp-content\/uploads\/2023\/06\/PRO-banner-300x36.png\" alt=\"\" width=\"1358\" height=\"163\" srcset=\"https:\/\/www.infokuryr.cz\/n\/wp-content\/uploads\/2023\/06\/PRO-banner-300x36.png 300w, https:\/\/www.infokuryr.cz\/n\/wp-content\/uploads\/2023\/06\/PRO-banner-768x93.png 768w, https:\/\/www.infokuryr.cz\/n\/wp-content\/uploads\/2023\/06\/PRO-banner.png 849w\" sizes=\"(max-width: 1358px) 100vw, 1358px\" \/><\/a><\/p>\n<p>&nbsp;<\/p>\n<p>&nbsp;<\/p>\n<p>&nbsp;<\/p>\n","protected":false},"excerpt":{"rendered":"<p>Dne 22. \u010dervence se pod z\u00e1\u0161titou rakousk\u00e9 sekce Institutu pro geostrategick\u00e1 studia (B\u011blehrad) konala konference&#8230;<\/p>\n","protected":false},"author":2,"featured_media":32893,"comment_status":"closed","ping_status":"closed","sticky":false,"template":"","format":"standard","meta":[],"categories":[7],"tags":[758,1131,1757,26,354],"_links":{"self":[{"href":"https:\/\/www.infokuryr.cz\/n\/wp-json\/wp\/v2\/posts\/32892"}],"collection":[{"href":"https:\/\/www.infokuryr.cz\/n\/wp-json\/wp\/v2\/posts"}],"about":[{"href":"https:\/\/www.infokuryr.cz\/n\/wp-json\/wp\/v2\/types\/post"}],"author":[{"embeddable":true,"href":"https:\/\/www.infokuryr.cz\/n\/wp-json\/wp\/v2\/users\/2"}],"replies":[{"embeddable":true,"href":"https:\/\/www.infokuryr.cz\/n\/wp-json\/wp\/v2\/comments?post=32892"}],"version-history":[{"count":1,"href":"https:\/\/www.infokuryr.cz\/n\/wp-json\/wp\/v2\/posts\/32892\/revisions"}],"predecessor-version":[{"id":32894,"href":"https:\/\/www.infokuryr.cz\/n\/wp-json\/wp\/v2\/posts\/32892\/revisions\/32894"}],"wp:featuredmedia":[{"embeddable":true,"href":"https:\/\/www.infokuryr.cz\/n\/wp-json\/wp\/v2\/media\/32893"}],"wp:attachment":[{"href":"https:\/\/www.infokuryr.cz\/n\/wp-json\/wp\/v2\/media?parent=32892"}],"wp:term":[{"taxonomy":"category","embeddable":true,"href":"https:\/\/www.infokuryr.cz\/n\/wp-json\/wp\/v2\/categories?post=32892"},{"taxonomy":"post_tag","embeddable":true,"href":"https:\/\/www.infokuryr.cz\/n\/wp-json\/wp\/v2\/tags?post=32892"}],"curies":[{"name":"wp","href":"https:\/\/api.w.org\/{rel}","templated":true}]}}