{"id":32882,"date":"2023-07-27T01:04:50","date_gmt":"2023-07-26T23:04:50","guid":{"rendered":"http:\/\/www.infokuryr.cz\/n\/?p=32882"},"modified":"2023-07-27T04:09:52","modified_gmt":"2023-07-27T02:09:52","slug":"paul-craig-roberts-zustane-nejvetsi-organizovana-masova-vrazda-v-dejinach-nepotrestana","status":"publish","type":"post","link":"https:\/\/www.infokuryr.cz\/n\/2023\/07\/27\/paul-craig-roberts-zustane-nejvetsi-organizovana-masova-vrazda-v-dejinach-nepotrestana\/","title":{"rendered":"Paul Craig Roberts: Z\u016fstane nejv\u011bt\u0161\u00ed organizovan\u00e1 masov\u00e1 vra\u017eda v d\u011bjin\u00e1ch nepotrest\u00e1na?"},"content":{"rendered":"<div id=\"fb-root\"><\/div>\n<div class=\"elementor-element elementor-element-1fb4c2c elementor-widget elementor-widget-theme-post-content\" data-id=\"1fb4c2c\" data-element_type=\"widget\" data-widget_type=\"theme-post-content.default\">\n<div class=\"elementor-widget-container\">\n<section class=\"perex\"><strong>Shrom\u00e1\u017ed\u011bn\u00e9 d\u016fkazy jsou zdrcuj\u00edc\u00ed, \u017ee Covid byl organizovanou pandemi\u00ed. Z\u00e1m\u011brn\u00e9 pou\u017eit\u00ed chybn\u00e9ho PCR testu, z\u00e1m\u011brn\u00e9 fale\u0161n\u00e9 hl\u00e1\u0161en\u00ed \u00famrt\u00ed na Covid v d\u016fsledku sm\u011brnic Sv\u011btov\u00e9 zdravotnick\u00e9 organizace a finan\u010dn\u00ed pob\u00eddky nemocnic\u00edm, aby v\u0161echna \u00famrt\u00ed hl\u00e1sily jako \u00famrt\u00ed na Covid, a zak\u00e1zan\u00e1 l\u00e9\u010dba zn\u00e1m\u00fdmi l\u00e9ky dohromady vytvo\u0159ily vysokou m\u00edru strachu, kter\u00e1 p\u0159im\u011bla masy lid\u00ed p\u0159ijmout \u201eo\u010dkov\u00e1n\u00ed\u201c proti Covidu, co\u017e p\u0159ineslo obrovsk\u00e9 finan\u010dn\u00ed zisky pro Big Pharma a s n\u00ed spojen\u00e9 \u0161\u00edbry, jako je Anthony Fauci, a masivn\u00ed z\u00e1sahy do ob\u010dansk\u00e9 svobody ze strany vl\u00e1d.<\/p>\n<p><\/strong><\/section>\n<section class=\"clanek-obsah\">Na samotn\u00fd Covid t\u00e9m\u011b\u0159 nikdo nezem\u0159el. Zem\u0159eli, proto\u017ee byli \u0161patn\u011b l\u00e9\u010den\u00ed. Protokol byl takov\u00fd, \u017ee pokud jste se nakazili a pokud se v\u00e1m po t\u00fddnu stav zhor\u0161il, m\u011bli jste j\u00edt do nemocnice, kde v\u00e1s napojili na ventil\u00e1tory, co\u017e byla nespr\u00e1vn\u00e1 l\u00e9\u010dba, kter\u00e1 byla obvykle smrteln\u00e1. L\u00e9ka\u0159i, kte\u0159\u00ed zachra\u0148ovali \u017eivoty sv\u00fdch pacient\u016f pomoc\u00ed Ivermektinu a HCQ, byli trest\u00e1ni. Firemn\u00ed l\u00e9ka\u0159i byli propou\u0161t\u011bni a ti, kte\u0159\u00ed vykon\u00e1vali soukromou praxi, trp\u011bli \u00fatoky \u00fa\u0159ad\u016f na sv\u00e9 l\u00e9ka\u0159sk\u00e9 licence, co\u017e vedlo ke ztr\u00e1t\u011b opr\u00e1vn\u011bn\u00ed vykon\u00e1vat l\u00e9ka\u0159skou praxi. Vysoce postaven\u00ed v\u011bdci v oblasti medic\u00edny, kte\u0159\u00ed upozornili na tento p\u0159\u00edstup maximalizuj\u00edc\u00ed smrt, byli d\u00e9monizov\u00e1ni a bylo vynalo\u017eeno ve\u0161ker\u00e9 \u00fasil\u00ed, aby byli uml\u010deni a profesn\u011b zni\u010deni.Nejv\u011bt\u0161\u00ed po\u010det \u00famrt\u00ed, kter\u00e1 pokra\u010duj\u00ed ka\u017ed\u00fdm dnem, m\u00e1 na sv\u011bdom\u00ed vakcinace. V\u0161ude denn\u011b n\u00e1hle um\u00edraj\u00ed sportovn\u00ed hv\u011bzdy a bavi\u010di, kte\u0159\u00ed slou\u017eili jako reklama na bezpe\u010dnost \u201evakc\u00edny\u201c Covid. Zkorumpovan\u00fd l\u00e9ka\u0159sk\u00fd establishment p\u0159ed t\u00edm zav\u00edr\u00e1 o\u010di.<\/p>\n<p><a href=\"https:\/\/stranapro.cz\/\"><img decoding=\"async\" loading=\"lazy\" class=\"wp-image-30218 aligncenter\" src=\"http:\/\/www.infokuryr.cz\/n\/wp-content\/uploads\/2023\/06\/PRO-banner-300x36.png\" alt=\"\" width=\"1375\" height=\"165\" srcset=\"https:\/\/www.infokuryr.cz\/n\/wp-content\/uploads\/2023\/06\/PRO-banner-300x36.png 300w, https:\/\/www.infokuryr.cz\/n\/wp-content\/uploads\/2023\/06\/PRO-banner-768x93.png 768w, https:\/\/www.infokuryr.cz\/n\/wp-content\/uploads\/2023\/06\/PRO-banner.png 849w\" sizes=\"(max-width: 1375px) 100vw, 1375px\" \/><\/a><\/p>\n<p>Uz\u00e1v\u011bry, masky, \u201evakc\u00edna\u201c lidem mimo\u0159\u00e1dn\u011b u\u0161kodily a nikomu neprosp\u011bly krom\u011b zisk\u016f Big Pharma a vl\u00e1dn\u00ed agendy oslabuj\u00edc\u00ed ob\u010danskou svobodu.<\/p>\n<p>O tom v\u0161em se v\u00ed a odpov\u011bdnost se nenese. Program masov\u00e9ho vra\u017ed\u011bn\u00ed a po\u0161kozov\u00e1n\u00ed sv\u011btov\u00e9 populace je ignorov\u00e1n. L\u00e9ka\u0159sk\u00e9 autority st\u00e1le doporu\u010duj\u00ed smrt\u00edc\u00ed injekce, a to i pro kojence. To zaru\u010duje, \u017ee p\u0159ijde druh\u00e9 a t\u0159et\u00ed kolo smrti a zran\u011bn\u00ed v d\u016fsledku dal\u0161\u00edch zinscenovan\u00fdch pandemi\u00ed. Bill Gates to p\u0159isl\u00edbil. Takto d\u016fv\u011b\u0159iv\u00e9 obyvatelstvo nem\u016f\u017ee o\u010dek\u00e1vat nic jin\u00e9ho.<\/p>\n<p>Pro\u010d je toto vra\u017eedn\u00e9 spiknut\u00ed proti lidstvu ignorov\u00e1no? Tis\u00edce v\u011bdc\u016f a l\u00e9ka\u0159\u016f jej neignoruj\u00ed, ale m\u00e9dia nad\u00e1le obvi\u0148uj\u00ed p\u0159edn\u00ed sv\u011btov\u00e9 odborn\u00edky z \u0161\u00ed\u0159en\u00ed \u201edezinformac\u00ed\u201c. Pokra\u010duj\u00ed snahy o uml\u010den\u00ed v\u011bdy a potla\u010den\u00ed informac\u00ed. Samotn\u00e9 univerzity a l\u00e9ka\u0159sk\u00e9 fakulty se pod\u00edlej\u00ed na snaze zabr\u00e1nit uzn\u00e1n\u00ed pravdy.<\/p>\n<p>Dal\u0161\u00ed sou\u010d\u00e1st\u00ed probl\u00e9mu je, \u017ee mnoz\u00ed z t\u011bch, kte\u0159\u00ed byli oklam\u00e1ni a kte\u0159\u00ed tak ne\u00fastupn\u011b obhajovali p\u00edchanec, v\u00fdluky a masky p\u0159ed rodinou a p\u0159\u00e1teli, se p\u0159\u00edli\u0161 styd\u00ed p\u0159iznat sv\u016fj omyl. Jsou p\u0159\u00edli\u0161 k\u0159ehc\u00ed na to, aby to \u0159ekli: Necht\u011bj\u00ed se p\u0159iznat, \u017ee ud\u011blali chybu a zni\u010dili zdrav\u00ed m\u00e9ho d\u00edt\u011bte a zabili mou matku. \u00da\u0159ady znaj\u00ed slabosti lid\u00ed a vyu\u017e\u00edvaj\u00ed jejich slabosti k ochran\u011b a k prosazov\u00e1n\u00ed c\u00edl\u016f \u00fa\u0159ad\u016f.<\/p>\n<p>Nete\u010dnost, d\u016fv\u011b\u0159ivost a slabost v\u011bt\u0161iny obyvatel je neslu\u010diteln\u00e1 s pokra\u010dov\u00e1n\u00edm ob\u010dansk\u00e9 svobody. Nastupuje totalita, kter\u00e1 je masami tolerov\u00e1na a demokraty a levic\u00ed radostn\u011b v\u00edt\u00e1na.<\/p>\n<p>N\u00ed\u017ee uv\u00e1d\u00edme dal\u0161\u00ed zpr\u00e1vy s d\u016fkazy, \u017ee \u201epandemie\u201c Covidu byla masov\u00fdm, vra\u017eedn\u00fdm podvodem.<\/p>\n<p>Sv\u011btov\u00e1 zdravotnick\u00e1 organizace zp\u016fsobila, \u017ee \u00famrt\u00ed byla nespr\u00e1vn\u011b zaznamen\u00e1na jako \u201e\u00famrt\u00ed na Covid\u201c, aby vyvolala strach ve prosp\u011bch ofici\u00e1ln\u00edho p\u0159\u00edb\u011bhu<\/p>\n<p>\u017d\u00c1DN\u00c9 AGENTU\u0158E VE\u0158EJN\u00c9HO ZDRAV\u00cd NELZE V\u011a\u0158IT<\/p>\n<p>Jsou koupen\u00e9 a placen\u00e9 spole\u010dnost\u00ed Big Pharma<\/p>\n<\/section>\n<p><em>Paul Craig Roberts<\/em><\/p>\n<p><img decoding=\"async\" loading=\"lazy\" class=\"alignnone size-medium wp-image-810\" src=\"http:\/\/www.infokuryr.cz\/n\/wp-content\/uploads\/2021\/04\/craig-roberts-300x211.jpg\" alt=\"\" width=\"300\" height=\"211\" srcset=\"https:\/\/www.infokuryr.cz\/n\/wp-content\/uploads\/2021\/04\/craig-roberts-300x211.jpg 300w, https:\/\/www.infokuryr.cz\/n\/wp-content\/uploads\/2021\/04\/craig-roberts-768x539.jpg 768w, https:\/\/www.infokuryr.cz\/n\/wp-content\/uploads\/2021\/04\/craig-roberts.jpg 1024w\" sizes=\"(max-width: 300px) 100vw, 300px\" \/><\/p>\n<p>Nakupuje je a plat\u00ed Big Pharma:<br \/>\n<a href=\"https:\/\/rwmalonemd.substack.com\/p\/its-evil-to-fake-deaths-to-panic\">https:\/\/rwmalonemd.substack.com\/p\/its-evil-to-fake-deaths-to-panic<\/a><\/p>\n<p>Mnoho lid\u00ed, kte\u0159\u00ed byli pln\u011b o\u010dkov\u00e1ni proti COVID, nyn\u00ed oslepne:<br \/>\n<a href=\"https:\/\/www.globalresearch.ca\/many-people-fully-vaccinated-covid-now-going-blind\/5778951\">https:\/\/www.globalresearch.ca\/many-people-fully-vaccinated-covid-now-going-blind\/5778951<\/a><\/p>\n<p>Nejv\u011bt\u0161\u00ed le\u017e sv\u011btov\u00fdch d\u011bjin: Pandemie nikdy nebyla.\u00a0Datab\u00e1ze je nespr\u00e1vn\u00e1.\u00a0Mand\u00e1ty Covid v\u010detn\u011b vakc\u00edny jsou neplatn\u00e9:<br \/>\n<a href=\"https:\/\/www.globalresearch.ca\/biggest-lie-in-world-history-the-data-base-is-flawed-there-never-was-a-pandemic-the-covid-mandates-including-the-vaccine-are-invalid\/5772008\">https:\/\/www.globalresearch.ca\/biggest-lie-in-world-history-the-data-base-is-flawed-there-never-was-a-pandemic-the -covid-mandates-v\u010detn\u011b-the-vaccine-are-invalid\/5772008<\/a><\/p>\n<p>Dr\u00a0Naomi Wolf odhaluje agendu Pfizer depopulace dolo\u017eenou vlastn\u00edmi dokumenty:<br \/>\n<a href=\"https:\/\/www.globalresearch.ca\/dr-naomi-wolf-uncovers-pfizer-depopulation-agenda-evidenced-its-own-documents\/5821250\">https:\/\/www.globalresearch.ca\/dr-naomi-wolf-uncovers-pfizer-depopulation-agenda-evidenced-its-own-documents\/5821250<\/a><\/p>\n<\/div>\n<\/div>\n<div class=\"elementor-element elementor-element-8c57238 quelle dc-has-condition dc-condition-empty elementor-widget elementor-widget-heading\" data-id=\"8c57238\" data-element_type=\"widget\" data-widget_type=\"heading.default\">\n<div class=\"elementor-widget-container\">\n<h3 class=\"elementor-heading-title elementor-size-default\"><span style=\"font-size: 8pt;\"><a href=\"https:\/\/www.paulcraigroberts.org\/2023\/07\/25\/will-the-largest-organized-mass-murder-in-world-history-escape-accountability\/\" target=\"_blank\" rel=\"nofollow noopener\">ZDROJ<\/a><\/span><\/h3>\n<\/div>\n<\/div>\n<p>&nbsp;<\/p>\n<p><a href=\"https:\/\/stranapro.cz\/\"><img decoding=\"async\" loading=\"lazy\" class=\"wp-image-30218 aligncenter\" src=\"http:\/\/www.infokuryr.cz\/n\/wp-content\/uploads\/2023\/06\/PRO-banner-300x36.png\" alt=\"\" width=\"1375\" height=\"165\" srcset=\"https:\/\/www.infokuryr.cz\/n\/wp-content\/uploads\/2023\/06\/PRO-banner-300x36.png 300w, https:\/\/www.infokuryr.cz\/n\/wp-content\/uploads\/2023\/06\/PRO-banner-768x93.png 768w, https:\/\/www.infokuryr.cz\/n\/wp-content\/uploads\/2023\/06\/PRO-banner.png 849w\" sizes=\"(max-width: 1375px) 100vw, 1375px\" \/><\/a><\/p>\n<p>&nbsp;<\/p>\n<p>&nbsp;<\/p>\n<p>&nbsp;<\/p>\n","protected":false},"excerpt":{"rendered":"<p>Shrom\u00e1\u017ed\u011bn\u00e9 d\u016fkazy jsou zdrcuj\u00edc\u00ed, \u017ee Covid byl organizovanou pandemi\u00ed. Z\u00e1m\u011brn\u00e9 pou\u017eit\u00ed chybn\u00e9ho PCR testu, z\u00e1m\u011brn\u00e9&#8230;<\/p>\n","protected":false},"author":2,"featured_media":29408,"comment_status":"closed","ping_status":"closed","sticky":false,"template":"","format":"standard","meta":[],"categories":[7],"tags":[23,29,213,651],"_links":{"self":[{"href":"https:\/\/www.infokuryr.cz\/n\/wp-json\/wp\/v2\/posts\/32882"}],"collection":[{"href":"https:\/\/www.infokuryr.cz\/n\/wp-json\/wp\/v2\/posts"}],"about":[{"href":"https:\/\/www.infokuryr.cz\/n\/wp-json\/wp\/v2\/types\/post"}],"author":[{"embeddable":true,"href":"https:\/\/www.infokuryr.cz\/n\/wp-json\/wp\/v2\/users\/2"}],"replies":[{"embeddable":true,"href":"https:\/\/www.infokuryr.cz\/n\/wp-json\/wp\/v2\/comments?post=32882"}],"version-history":[{"count":1,"href":"https:\/\/www.infokuryr.cz\/n\/wp-json\/wp\/v2\/posts\/32882\/revisions"}],"predecessor-version":[{"id":32924,"href":"https:\/\/www.infokuryr.cz\/n\/wp-json\/wp\/v2\/posts\/32882\/revisions\/32924"}],"wp:featuredmedia":[{"embeddable":true,"href":"https:\/\/www.infokuryr.cz\/n\/wp-json\/wp\/v2\/media\/29408"}],"wp:attachment":[{"href":"https:\/\/www.infokuryr.cz\/n\/wp-json\/wp\/v2\/media?parent=32882"}],"wp:term":[{"taxonomy":"category","embeddable":true,"href":"https:\/\/www.infokuryr.cz\/n\/wp-json\/wp\/v2\/categories?post=32882"},{"taxonomy":"post_tag","embeddable":true,"href":"https:\/\/www.infokuryr.cz\/n\/wp-json\/wp\/v2\/tags?post=32882"}],"curies":[{"name":"wp","href":"https:\/\/api.w.org\/{rel}","templated":true}]}}