{"id":32856,"date":"2023-07-26T05:46:56","date_gmt":"2023-07-26T03:46:56","guid":{"rendered":"http:\/\/www.infokuryr.cz\/n\/?p=32856"},"modified":"2023-07-26T05:46:56","modified_gmt":"2023-07-26T03:46:56","slug":"proc-evropa-potrebuje-huny-21-stoleti","status":"publish","type":"post","link":"https:\/\/www.infokuryr.cz\/n\/2023\/07\/26\/proc-evropa-potrebuje-huny-21-stoleti\/","title":{"rendered":"Pro\u010d Evropa pot\u0159ebuje Huny 21. stolet\u00ed?"},"content":{"rendered":"<div id=\"fb-root\"><\/div>\n<p><span style=\"font-size: 18pt;\"><strong>Neuv\u00e1\u017een\u00e1 politika EU ohro\u017euje budouc\u00ed generace Evropan\u016f soci\u00e1ln\u00ed exploz\u00ed a ztr\u00e1tou identity<\/strong><\/span><\/p>\n<section class=\"perex\">C\u00edlem r\u016fznorod\u00e9 afroasijsk\u00e9 migrace do Evropy je z\u00edskat p\u0159edmost\u00ed na ciz\u00edm pob\u0159e\u017e\u00ed. V\u0161echny ostatn\u00ed rozd\u00edly, barvy a odst\u00edny migra\u010dn\u00edho probl\u00e9mu nejsou ni\u010d\u00edm jin\u00fdm ne\u017e slovn\u00edm cvi\u010den\u00edm liber\u00e1ln\u00edch politik\u016f, kter\u00e9 slou\u017e\u00ed ke kr\u00e1tkodob\u00e9mu vyu\u017eit\u00ed t\u00e9to masivn\u00ed invaze.<\/p>\n<p>Pod\u00edvejme se do historie. Ra\u0161\u00edd al-D\u00edn, persk\u00fd st\u00e1tn\u00edk, l\u00e9ka\u0159 a u\u010denec-encyklopedista druh\u00e9 poloviny XIII. stolet\u00ed, ve sv\u00fdch kronik\u00e1ch zaznamenal, \u017ee v dob\u011b \u010cingisch\u00e1novy smrti \u010dinil po\u010det mongolsk\u00fdch vojsk 129 tis\u00edc jezdc\u016f, dobyli Eurasii od \u017dlut\u00e9ho mo\u0159e po Dn\u011bpr a podrobili si 33 milion\u016f lid\u00ed. Jeden Mongol sta\u010dil na 255 p\u016fvodn\u00edch obyvatel.<\/p>\n<\/section>\n<section class=\"clanek-obsah\">A nyn\u00ed se zaj\u00edmejme o statistiky Evropsk\u00e9 komise: podle jej\u00edch \u00fadaj\u016f jen v roce 2021 vstoup\u00ed do EU 2,3 milionu p\u0159ist\u011bhovalc\u016f ze zem\u00ed mimo EU, co\u017e je t\u00e9m\u011b\u0159 o 18 procent v\u00edce ne\u017e v roce 2020. Z toho 1,4 milionu nesed\u011blo na m\u00edst\u011b, ale putovalo nap\u0159\u00ed\u010d kontinentem a hledalo pohodln\u00e9 bydlen\u00ed. Z celkov\u00e9ho po\u010dtu 446,7 milionu Evropan\u016f k 1. lednu lo\u0148sk\u00e9ho roku nebylo 23,8 milionu osob, tj. 5,3 %, ani ob\u010dany EU, tedy neleg\u00e1ln\u00edmi. No a jen v roce 2021 u\u010dinily st\u00e1ty EU z 827 300 migrant\u016f leg\u00e1ln\u00ed ob\u010dany. Pokud si p\u0159edstav\u00edme, \u017ee z\u00edtra povstanou a budou bojovat za novou me\u0161itu m\u00edsto star\u00e9 kirkhy, pak na ka\u017ed\u00e9ho migranta z posledn\u00edch dvou let p\u0159ipadnou necel\u00e9 dv\u011b des\u00edtky Evropan\u016f.<\/p>\n<p>Vlastn\u011b mo\u017en\u00e1 ani nedojde na zbran\u011b. Z dnes ji\u017e z\u0159\u00eddka p\u0159ipom\u00ednan\u00e9ho sociologick\u00e9ho \u201evzorce na z\u00e1chranu\u201c n\u00e1rodn\u00ed identity evropsk\u00fdch n\u00e1rod\u016f vypl\u00fdv\u00e1, \u017ee pokud po\u010det cizinc\u016f v p\u016fvodn\u00edm etniku dos\u00e1hne 2 procent, st\u00e1v\u00e1 se jeho vliv na etnikum nezvratn\u00fdm. Nap\u0159\u00edklad v Lucembursku tvo\u0159\u00ed cizinci ji\u017e t\u00e9m\u011b\u0159 polovinu obyvatelstva, ve \u0160v\u00fdcarsku 29 procent, ve \u0160v\u00e9dsku 19,84, v Rakousku 19,3, v N\u011bmecku 18,4, ve Francii 13, v It\u00e1lii 10,56&#8230;..<\/p>\n<h2>Evropa se neboj\u00ed ztr\u00e1ty sv\u00e9 identity?<\/h2>\n<p>V Tunisku v\u0161ak \u017e\u00e1dn\u00fd rozcestn\u00edk z Bruselu neexistuje a pot\u00e9, co byl 3. \u010dervence ve m\u011bst\u011b Sfax p\u0159i rva\u010dce mezi africk\u00fdmi migranty a m\u00edstn\u00edmi Araby zabit Tunisan, byly stovky migrant\u016f n\u00e1siln\u011b vyst\u011bhov\u00e1ny do pou\u0161tn\u00edch oblast\u00ed pod\u00e9l hranic s Al\u017e\u00edrskem a Liby\u00ed a ponech\u00e1ny napospas osudu. Evropan\u016fm to p\u0159ipad\u00e1 stra\u0161n\u00e9. A skute\u010dnost, \u017ee hordy migrant\u016f ze subsaharsk\u00e9 Afriky jednaj\u00ed organizovan\u011b, jak tvrd\u00ed tunisk\u00fd prezident Kais Said, \u201ev r\u00e1mci spiknut\u00ed s c\u00edlem zm\u011bnit demografick\u00e9 slo\u017een\u00ed zem\u011b\u201c, kter\u00e1 se stala hlavn\u00ed trasou pro migranty sna\u017e\u00edc\u00ed se dostat do Evropy (pouh\u00fdch 130 kilometr\u016f po mo\u0159i na italskou Lampedusu), se tunisk\u00fdm Arab\u016fm zd\u00e1 hrozn\u00e1. V EU nezazn\u011bl jedin\u00fd hlas na podporu tunisk\u00e9ho prezidenta.<\/p>\n<p>Ofici\u00e1ln\u00ed publikace EU Eurastiv uv\u00e1d\u00ed, \u017ee p\u0159edsedkyn\u011b Evropsk\u00e9 komise Ursula von der Leyenov\u00e1, kdy\u017e se dozv\u011bd\u011bla o \u201ehr\u016fz\u00e1ch vyho\u0161\u0165ov\u00e1n\u00ed migrant\u016f\u201c, se okam\u017eit\u011b vydala na druhou stranu Sardinsk\u00e9ho pr\u016flivu, aby ne\u0161\u0165astn\u00e9 Afri\u010dany ochr\u00e1nila. O t\u00fdden pozd\u011bji Evropsk\u00e1 unie a Tunisko podepsaly memorandum o porozum\u011bn\u00ed o \u201estrategick\u00e9m a komplexn\u00edm partnerstv\u00ed v oblasti neleg\u00e1ln\u00ed migrace, hospod\u00e1\u0159sk\u00e9ho rozvoje a obnoviteln\u00fdch zdroj\u016f energie\u201c. Dohoda zahrnuje finan\u010dn\u00ed pomoc a podle slov Ursuly von der Leyenov\u00e9 je jej\u00edm c\u00edlem \u201einvestovat do spole\u010dn\u00e9 prosperity\u201c. Nab\u00eddla Tunisku 105 milion\u016f eur na podporu opat\u0159en\u00ed k omezen\u00ed neleg\u00e1ln\u00ed migrace a 150 milion\u016f eur jako okam\u017eitou podporu, jako\u017e i dlouhodobou p\u016fj\u010dku ve v\u00fd\u0161i p\u0159ibli\u017en\u011b 900 milion\u016f eur. Dvoj\u00ed pozice, kdy Brusel jednou rukou plat\u00ed za pacifikaci neleg\u00e1ln\u00edch p\u0159ist\u011bhovalc\u016f za sv\u00fdmi hranicemi a druhou rukou jim vypl\u00e1c\u00ed p\u0159\u00edsp\u011bvek, aby touto levnou pracovn\u00ed silou zv\u00fd\u0161il zisky vlastn\u00edch podnikatel\u016f, \u0159e\u0161\u00ed v liber\u00e1ln\u00ed Evrop\u011b hned n\u011bkolik probl\u00e9m\u016f.<\/p>\n<p><a href=\"https:\/\/stranapro.cz\/\"><img decoding=\"async\" loading=\"lazy\" class=\"wp-image-30218 aligncenter\" src=\"http:\/\/www.infokuryr.cz\/n\/wp-content\/uploads\/2023\/06\/PRO-banner-300x36.png\" alt=\"\" width=\"1367\" height=\"164\" srcset=\"https:\/\/www.infokuryr.cz\/n\/wp-content\/uploads\/2023\/06\/PRO-banner-300x36.png 300w, https:\/\/www.infokuryr.cz\/n\/wp-content\/uploads\/2023\/06\/PRO-banner-768x93.png 768w, https:\/\/www.infokuryr.cz\/n\/wp-content\/uploads\/2023\/06\/PRO-banner.png 849w\" sizes=\"(max-width: 1367px) 100vw, 1367px\" \/><\/a><\/p>\n<p>V N\u011bmecku \u010din\u00ed letos pr\u016fm\u011brn\u00fd m\u011bs\u00ed\u010dn\u00ed p\u0159\u00edsp\u011bvek pro rodinu dvou dosp\u011bl\u00fdch a p\u011bti d\u011bt\u00ed, kter\u00e1 v zemi z\u00edskala azyl, 3 612 eur. Pro imigranty prchaj\u00edc\u00ed do tohoto \u201eohn\u011b\u201c p\u0159esahuje tento p\u0159\u00edsp\u011bvek ston\u00e1sobek nebo dokonce tis\u00edcin\u00e1sobek \u010d\u00e1stky, kterou si mohou vyd\u011blat doma. Liber\u00e1ln\u00ed slupky o \u201epolitick\u00fdch uprchl\u00edc\u00edch\u201c a \u201ehrozb\u011b repres\u00ed\u201c stoj\u00ed za to nechat stranou. Je z\u0159ejm\u00e9, \u017ee Turci, Kurdov\u00e9, Sy\u0159an\u00e9, Afgh\u00e1nci, Afri\u010dan\u00e9 v\u0161eho druhu ut\u00edkaj\u00ed za pen\u011bzi. Neb\u00fdt tohoto faktoru, mo\u017en\u00e1 by si svou prac\u00ed zajistili v\u00fd\u017eivn\u00fd a pohodln\u00fd \u017eivot a \u017eivot ve vlastn\u00ed zemi.<\/p>\n<p>Jste uprchl\u00edk, kter\u00fd nem\u016f\u017ee naj\u00edt pr\u00e1ci? V D\u00e1nsku budete ne\u010dinn\u011b sed\u011bt za 1800 eur m\u011bs\u00ed\u010dn\u011b. V Norsku dostanete minim\u00e1ln\u011b 1502 eur. V Holandsku \u010din\u00ed p\u0159\u00edsp\u011bvek pouze 1300 eur, co\u017e se p\u0159ibli\u017en\u011b rovn\u00e1 111 tis\u00edc\u016fm rubl\u016f m\u011bs\u00ed\u010dn\u011b.<\/p>\n<p>Obyvatel\u00e9 zem\u00ed se zcela odli\u0161nou kulturou se plav\u00ed po St\u0159edozemn\u00edm mo\u0159i na \u010dlunech. Nejsou to jen muslimov\u00e9, ale tak\u00e9 Afri\u010dan\u00e9 \u2013 lid\u00e9 se zvl\u00e1\u0161tn\u00ed mentalitou, kter\u00e1 se formovala na k\u0159i\u017eovatce kultur v neust\u00e1l\u00e9 konfrontaci s nimi. Tato konfrontace se v\u0161ak m\u016f\u017ee projevit i u druh\u00e9 generace \u201enov\u00fdch Evropan\u016f\u201c, kte\u0159\u00ed ment\u00e1ln\u011b z\u016fstali v objet\u00ed vlastn\u00edch n\u00e1bo\u017eensk\u00fdch p\u0159edstav, tradic a zvyk\u016f. Nyn\u00ed je v\u0161ak mo\u017en\u00e9 ronit ho\u0159k\u00e9 slzy nad tragick\u00fdm osudem ka\u017ed\u00e9ho z t\u011bchto ne\u0161\u0165astn\u00fdch milion\u016f, aby se zajistily jejich hlasy ve volb\u00e1ch.<\/p>\n<p>Tyto hlasy lze z\u00edskat mnoha zp\u016fsoby. Jedn\u00edm z nich je chrlit nesmysly s chytr\u00fdm nadhledem, jak to d\u011bl\u00e1 Carola Racketeov\u00e1: \u201eSou\u010dasnou ekologickou krizi m\u016f\u017eeme p\u0159ekonat pouze tehdy, pokud vytvo\u0159\u00edme soci\u00e1ln\u011b spravedliv\u00e9 \u017eivotn\u00ed prost\u0159ed\u00ed \u2013 to je anal\u00fdza, kterou sd\u00edl\u00edm se stranou Levice,\u201c z jej\u00edho projevu v Berl\u00edn\u011b. P\u011btat\u0159icetilet\u00e1 n\u011bmeck\u00e1 zelen\u00e1 aktivistka se v roce 2019 proslavila mezi italsk\u00fdmi n\u00e1mo\u0159n\u00edky jako kapit\u00e1nka a sympatizantka nevl\u00e1dn\u00ed organizace Sea Watch, kter\u00e1 sponzoruje n\u00e1mo\u0159n\u00ed z\u00e1chrann\u00e9 mise ve St\u0159edozemn\u00edm mo\u0159i. Tehdy zachra\u0148ovala neleg\u00e1ln\u00ed p\u0159ist\u011bhovalce a navzdory z\u00e1kazu italsk\u00fdch \u00fa\u0159ad\u016f je dopravovala na Lampedusu, pak byla zat\u010dena a n\u00e1sledn\u011b osvobozena. A minul\u00e9 pond\u011bl\u00ed byla tato neposedn\u00e1 n\u00e1mo\u0159nice nominov\u00e1na jako jedna ze dvou hlavn\u00edch kandid\u00e1t\u016f n\u011bmeck\u00e9 Levicov\u00e9 strany pro volby do EU v p\u0159\u00ed\u0161t\u00edm roce. Bezpochyby ji budou volit v\u0161ichni n\u011bme\u010dt\u00ed p\u0159ist\u011bhovalci.<\/p>\n<p>A ti mohou z\u00edskat politick\u00e9 body, jako to Ursula ud\u011blala v Tunisku ve spole\u010dnosti italsk\u00e9 premi\u00e9rky Giorgie Meloniov\u00e9 a sv\u00e9ho nizozemsk\u00e9ho prot\u011bj\u0161ku Marka Rutteho. Ti \u201evelmi tvrd\u011b pracovali na rychl\u00e9m vytvo\u0159en\u00ed robustn\u00edho bal\u00ed\u010dku slu\u017eeb, kter\u00fd je investic\u00ed do na\u0161\u00ed spole\u010dn\u00e9 prosperity, stability a do budouc\u00edch generac\u00ed\u201c.<\/p>\n<p>\u201eKv\u011bty\u201c t\u00e9to demagogie rychle vyprchaj\u00ed, jakmile vlny migrant\u016f znehodnot\u00ed evropskou pracovn\u00ed s\u00edlu. Dlouhodob\u00e1 p\u016fj\u010dka Ursuly z\u00e1vis\u00ed na MMF, kde p\u016fj\u010dka 2 miliardy dolar\u016f pro Tunisko zat\u00edm nebyla schv\u00e1lena kv\u016fli neshod\u00e1m s prezidentem S\u00e1idem. Ten ji\u017e opakovan\u011b odm\u00edtl po\u017eadavky MMF na zru\u0161en\u00ed st\u00e1tn\u00edch dotac\u00ed na z\u00e1kladn\u00ed zbo\u017e\u00ed a slu\u017eby, konkr\u00e9tn\u011b na ropu a elekt\u0159inu, a na privatizaci 100 st\u00e1tn\u00edch firem.<\/p>\n<p>Co se zm\u011bnilo ve vztaz\u00edch mezi liber\u00e1ln\u00edm Z\u00e1padem a \u201eautorit\u00e1\u0159sk\u00fdm nez\u00e1padem\u201c pot\u00e9, co Mezin\u00e1rodn\u00ed organizace pro migraci (IOM) zaznamenala v prvn\u00edm \u010dtvrtlet\u00ed leto\u0161n\u00edho roku 441 \u00famrt\u00ed migrant\u016f na nejsmrteln\u011bj\u0161\u00ed migra\u010dn\u00ed trase p\u0159es St\u0159edozemn\u00ed mo\u0159e? Nic.<\/p>\n<p>Evropa nad\u00e1le v\u00edt\u00e1 budouc\u00ed \u201eHuny 19. stolet\u00ed\u201c.<\/p>\n<p><strong>Jelena Pustovojtova<\/strong><\/p>\n<div class=\"podcarou\">\n<p><a href=\"https:\/\/www.fondsk.ru\/news\/2023\/07\/25\/zachem-evrope-gunny-xxi-veka.html\" target=\"_blank\" rel=\"external noopener\">\u0417\u0430\u0447\u0435\u043c \u0415\u0432\u0440\u043e\u043f\u0435 \u0433\u0443\u043d\u043d\u044b XXI \u0432\u0435\u043a\u0430?<\/a> vy\u0161el na fondsk.ru 25.7.2023. P\u0159eklad\u00a0<a href=\"https:\/\/zvedavec.news\/komentare\/2023\/07\/9721-proc-evropa-potrebuje-huny-21-stoleti.htm\">Zvedavec.org<\/a><\/p>\n<\/div>\n<\/section>\n<p>&nbsp;<\/p>\n<p><a href=\"https:\/\/stranapro.cz\/\"><img decoding=\"async\" loading=\"lazy\" class=\"wp-image-30218 aligncenter\" src=\"http:\/\/www.infokuryr.cz\/n\/wp-content\/uploads\/2023\/06\/PRO-banner-300x36.png\" alt=\"\" width=\"1367\" height=\"164\" srcset=\"https:\/\/www.infokuryr.cz\/n\/wp-content\/uploads\/2023\/06\/PRO-banner-300x36.png 300w, https:\/\/www.infokuryr.cz\/n\/wp-content\/uploads\/2023\/06\/PRO-banner-768x93.png 768w, https:\/\/www.infokuryr.cz\/n\/wp-content\/uploads\/2023\/06\/PRO-banner.png 849w\" sizes=\"(max-width: 1367px) 100vw, 1367px\" \/><\/a><\/p>\n<p>&nbsp;<\/p>\n<p>&nbsp;<\/p>\n<p>&nbsp;<\/p>\n","protected":false},"excerpt":{"rendered":"<p>Neuv\u00e1\u017een\u00e1 politika EU ohro\u017euje budouc\u00ed generace Evropan\u016f soci\u00e1ln\u00ed exploz\u00ed a ztr\u00e1tou identity C\u00edlem r\u016fznorod\u00e9 afroasijsk\u00e9&#8230;<\/p>\n","protected":false},"author":2,"featured_media":21272,"comment_status":"closed","ping_status":"closed","sticky":false,"template":"","format":"standard","meta":[],"categories":[7],"tags":[283,2195,29,3509],"_links":{"self":[{"href":"https:\/\/www.infokuryr.cz\/n\/wp-json\/wp\/v2\/posts\/32856"}],"collection":[{"href":"https:\/\/www.infokuryr.cz\/n\/wp-json\/wp\/v2\/posts"}],"about":[{"href":"https:\/\/www.infokuryr.cz\/n\/wp-json\/wp\/v2\/types\/post"}],"author":[{"embeddable":true,"href":"https:\/\/www.infokuryr.cz\/n\/wp-json\/wp\/v2\/users\/2"}],"replies":[{"embeddable":true,"href":"https:\/\/www.infokuryr.cz\/n\/wp-json\/wp\/v2\/comments?post=32856"}],"version-history":[{"count":0,"href":"https:\/\/www.infokuryr.cz\/n\/wp-json\/wp\/v2\/posts\/32856\/revisions"}],"wp:featuredmedia":[{"embeddable":true,"href":"https:\/\/www.infokuryr.cz\/n\/wp-json\/wp\/v2\/media\/21272"}],"wp:attachment":[{"href":"https:\/\/www.infokuryr.cz\/n\/wp-json\/wp\/v2\/media?parent=32856"}],"wp:term":[{"taxonomy":"category","embeddable":true,"href":"https:\/\/www.infokuryr.cz\/n\/wp-json\/wp\/v2\/categories?post=32856"},{"taxonomy":"post_tag","embeddable":true,"href":"https:\/\/www.infokuryr.cz\/n\/wp-json\/wp\/v2\/tags?post=32856"}],"curies":[{"name":"wp","href":"https:\/\/api.w.org\/{rel}","templated":true}]}}