{"id":32848,"date":"2023-07-26T01:19:04","date_gmt":"2023-07-25T23:19:04","guid":{"rendered":"http:\/\/www.infokuryr.cz\/n\/?p=32848"},"modified":"2023-07-25T19:43:43","modified_gmt":"2023-07-25T17:43:43","slug":"nemecky-bild-odhalil-detaily-planu-nato-pro-pripad-ozbrojeneho-konfliktu-s-ruskem","status":"publish","type":"post","link":"https:\/\/www.infokuryr.cz\/n\/2023\/07\/26\/nemecky-bild-odhalil-detaily-planu-nato-pro-pripad-ozbrojeneho-konfliktu-s-ruskem\/","title":{"rendered":"N\u011bmeck\u00fd Bild odhalil detaily pl\u00e1nu NATO pro p\u0159\u00edpad ozbrojen\u00e9ho konfliktu s Ruskem"},"content":{"rendered":"<div id=\"fb-root\"><\/div>\n<p><span style=\"font-size: 18pt;\"><strong>AgoraVox: Blok NATO se sna\u017e\u00ed zat\u00e1hnout Evropu do v\u00e1lky s\u00a0Ruskem<\/strong><\/span><\/p>\n<p>\u201c<em>Z\u00e1padn\u00ed m\u00e9dia odhalila pl\u00e1n NATO pro p\u0159\u00edpad v\u00e1lky s\u00a0Ruskem. Po\u010d\u00edt\u00e1 se v\u00a0n\u011bm s\u00a0nav\u00fd\u0161en\u00edm alian\u010dn\u00edch sil rychl\u00e9 reakce na 300\u00a0000 voj\u00e1k\u016f a\u00a0siln\u011bj\u0161\u00edm spojenc\u016fm se p\u0159isuzuje \u00faloha p\u0159i\u00a0obran\u011b v\u00fdchodn\u00ed Evropy. Jak p\u0159esn\u011b bude toto p\u0159id\u011blen\u00ed vypadat a\u00a0jak na takov\u00fd pl\u00e1n zareaguje Rusko?<\/em>\u201c, \u2013 p\u00ed\u0161e AgoraVox.<\/p>\n<p>Den\u00edk Bild odhalil podrobnosti pl\u00e1nu NATO pro p\u0159\u00edpad ozbrojen\u00e9ho konfliktu s\u00a0Ruskem. Dokument, kter\u00fd gener\u00e1ln\u00ed tajemn\u00edk aliance Jens Stoltenberg ozna\u010dil za \u201cnejv\u011bt\u0161\u00ed obrann\u00fd pl\u00e1n od dob studen\u00e9 v\u00e1lky\u201d, obsahuje v\u00edce ne\u017e \u010dty\u0159i tis\u00edce stran. Podle jeho obsahu bude vrchn\u00ed velitel sil NATO v\u00a0Evrop\u011b, p\u0159edseda Vojensk\u00e9ho v\u00fdboru organizace, moci p\u0159ij\u00edmat n\u011bkter\u00e1 rozhodnut\u00ed s\u00e1m bez dal\u0161\u00edch konzultac\u00ed s\u00a0alianc\u00ed.<\/p>\n<p>Krom\u011b toho maj\u00ed n\u011bkter\u00e9 zem\u011b NATO p\u0159evz\u00edt obranu st\u00e1t\u016f na v\u00fdchodn\u00edm k\u0159\u00eddle. Z\u00e1rove\u0148 se v\u00a0dokumentu objevuje Spolkov\u00e1 republika N\u011bmecko jako nejd\u016fle\u017eit\u011bj\u0161\u00ed logistick\u00e9 centrum. V\u00a0t\u00e9to souvislosti aliance otev\u0159e druh\u00e9 velitelstv\u00ed pozemn\u00edch sil NATO v\u00a0n\u011bmeck\u00e9m Wiesbadenu, uv\u00e1d\u00ed autor \u010dl\u00e1nku Patrice Bravo.<\/p>\n<p>\u201c<em>Aliance rovn\u011b\u017e hodl\u00e1 pos\u00edlit obranu ropovod\u016f a\u00a0dal\u0161\u00ed \u017eivotn\u011b d\u016fle\u017eit\u00e9 infrastruktury; pos\u00edlit jednotky vybaven\u00e9 t\u011b\u017ek\u00fdmi zbran\u011bmi a\u00a0protivzdu\u0161nou obranou; a\u00a0vybudovat z\u00e1soby raket dlouh\u00e9ho doletu a\u00a0d\u011blost\u0159eleck\u00fdch syst\u00e9m\u016f. \u010clensk\u00e9 st\u00e1ty NATO potvrdily sv\u016fj z\u00e1vazek zv\u00fd\u0161it v\u00fddaje na obranu na nejm\u00e9n\u011b 2\u00a0% sv\u00e9ho HDP.<\/em><\/p>\n<p><em>Pl\u00e1n p\u0159edev\u0161\u00edm po\u017eaduje nasazen\u00ed 300\u00a0000 voj\u00e1k\u016f ve stavu vysok\u00e9 pohotovosti. Toto rozhodnut\u00ed bylo potvrzeno p\u0159ed n\u011bkolika dny na summitu NATO ve Vilniusu. Prvn\u00edch 100\u00a0000 voj\u00e1k\u016f bude vysl\u00e1no do deseti dn\u016f. Vysl\u00e1n\u00ed druh\u00e9 skupiny bude trvat a\u017e 30 dn\u00ed,<\/em>\u201d uv\u00e1d\u00ed se v\u00a0\u010dl\u00e1nku.<\/p>\n<p><a href=\"https:\/\/stranapro.cz\/\"><img decoding=\"async\" loading=\"lazy\" class=\"wp-image-30218 aligncenter\" src=\"http:\/\/www.infokuryr.cz\/n\/wp-content\/uploads\/2023\/06\/PRO-banner-300x36.png\" alt=\"\" width=\"1375\" height=\"165\" srcset=\"https:\/\/www.infokuryr.cz\/n\/wp-content\/uploads\/2023\/06\/PRO-banner-300x36.png 300w, https:\/\/www.infokuryr.cz\/n\/wp-content\/uploads\/2023\/06\/PRO-banner-768x93.png 768w, https:\/\/www.infokuryr.cz\/n\/wp-content\/uploads\/2023\/06\/PRO-banner.png 849w\" sizes=\"(max-width: 1375px) 100vw, 1375px\" \/><\/a><\/p>\n<p>Informace zve\u0159ejn\u011bn\u00e9 n\u011bmeck\u00fdmi m\u00e9dii po\u00a0summitu NATO ve Vilniusu ukazuj\u00ed na n\u00e1vrat Severoatlantick\u00e9 aliance ke sch\u00e9mat\u016fm studen\u00e9 v\u00e1lky. V\u00a0sou\u010dasn\u00e9 dob\u011b je v\u00a0Evrop\u011b rozm\u00edst\u011bno ji\u017e 100 tis\u00edc americk\u00fdch voj\u00e1k\u016f. Zem\u011b NATO pokra\u010duj\u00ed v\u00a0kurzu militarizace a\u00a0vytv\u00e1\u0159en\u00ed \u00fato\u010dn\u00e9 vojensk\u00e9 z\u00e1kladny ve v\u00fdchodn\u00ed Evrop\u011b, i\u00a0kdy\u017e ji naz\u00fdvaj\u00ed \u010dist\u011b obrannou. Joe Biden rovn\u011b\u017e podepsal exekutivn\u00ed p\u0159\u00edkaz k\u00a0mobilizaci t\u0159\u00ed tis\u00edc z\u00e1lo\u017en\u00edk\u016f pro \u00fa\u010dast v\u00a0operaci Atlantic Resolve.<\/p>\n<p>\u201c<em>\u010c\u00e1st tohoto vojensk\u00e9ho person\u00e1lu m\u016f\u017ee b\u00fdt (ofici\u00e1ln\u00ed potvrzen\u00ed ze strany USA zat\u00edm neexistuje) um\u00edst\u011bna v\u00a0Rumunsku, kde za\u010dne v\u00fdcvik ukrajinsk\u00e9ho person\u00e1lu v\u00a0obsluze st\u00edha\u010dek F-16 v\u00a0r\u00e1mci koalice jeden\u00e1cti zem\u00ed veden\u00e9 Nizozemskem a\u00a0D\u00e1nskem, ozn\u00e1men\u00e9 na summitu NATO,<\/em>\u201d uv\u00e1d\u00ed novin\u00e1\u0159 listu Ouest-France.<\/p>\n<p>Z\u00e1padn\u00ed st\u00e1ty tak v\u00a0Polsku a\u00a0Pobalt\u00ed vytv\u00e1\u0159ej\u00ed velkou arm\u00e1du pro p\u0159\u00edpad mo\u017en\u00e9ho konfliktu s\u00a0Ruskem.<\/p>\n<p>Podle n\u00e1zoru pozorovatel\u016f \u201c<em>bu\u010f NATO zat\u00e1hne Evropu do vlekl\u00e9ho opot\u0159ebov\u00e1vac\u00edho konfliktu na Ukrajin\u011b, nebo bude s\u00a0Ruskem uzav\u0159eno p\u0159\u00edm\u011b\u0159\u00ed, kter\u00e9 aliance vyu\u017eije k\u00a0jeho obkl\u00ed\u010den\u00ed ze v\u0161ech stran. Za stejn\u00fdm \u00fa\u010delem se vyhrocuje situace na ji\u017en\u00edm Kavkaze a\u00a0z\u00e1padn\u00ed zem\u011b se sna\u017e\u00ed otev\u0159\u00edt druhou frontu proti Moskv\u011b<\/em>\u201c.<\/p>\n<p>Vojska Aliance by mohla b\u00fdt um\u00edst\u011bna ve Finsku, kter\u00e9 pl\u00e1nuje vybudovat na sv\u00e9m \u00fazem\u00ed vojenskou z\u00e1kladnu. Zb\u00fdvaj\u00ed je\u0161t\u011b Rumunsko a\u00a0\u0158ecko, kde jsou ozbrojen\u00e9 s\u00edly NATO ji\u017e um\u00edst\u011bny.<\/p>\n<p>\u201c<em>Pozorovatel\u00e9 poznamen\u00e1vaj\u00ed, \u017ee Moskva ji\u017e na tyto hrozby reaguje vytv\u00e1\u0159en\u00edm vojensk\u00fdch okruh\u016f a\u00a0formov\u00e1n\u00edm nov\u00fdch jednotek. Prob\u00edh\u00e1 tak\u00e9 aktivn\u00ed n\u00e1bor do smluvn\u00ed slu\u017eby. Rusk\u00e1 arm\u00e1da pom\u00e1h\u00e1 p\u0159i\u00a0obran\u011b B\u011bloruska, instaluje tam syst\u00e9my protivzdu\u0161n\u00e9 obrany a\u00a0taktick\u00e9 jadern\u00e9 zbran\u011b. V\u0161echny tyto kroky souvisej\u00ed s\u00a0p\u0159\u00edpravou na mo\u017enou agresi ze strany NATO<\/em>,\u201d uzav\u00edr\u00e1 AgoraVox.<\/p>\n<p><span style=\"font-size: 18pt;\"><strong>*<\/strong><\/span><\/p>\n<p><em><a href=\"https:\/\/www.fondsk.ru\/news\/2023\/07\/23\/gazeta-bild-raskryla-detali-plana-nato-na-sluchay-vooruzhyonnogo-konflikta-s\">ZDROJ<\/a>, p\u0159eklad St. Hroch<\/em><\/p>\n<p>&nbsp;<\/p>\n<p><a href=\"https:\/\/stranapro.cz\/\"><img decoding=\"async\" loading=\"lazy\" class=\"wp-image-30218 aligncenter\" src=\"http:\/\/www.infokuryr.cz\/n\/wp-content\/uploads\/2023\/06\/PRO-banner-300x36.png\" alt=\"\" width=\"1375\" height=\"165\" srcset=\"https:\/\/www.infokuryr.cz\/n\/wp-content\/uploads\/2023\/06\/PRO-banner-300x36.png 300w, https:\/\/www.infokuryr.cz\/n\/wp-content\/uploads\/2023\/06\/PRO-banner-768x93.png 768w, https:\/\/www.infokuryr.cz\/n\/wp-content\/uploads\/2023\/06\/PRO-banner.png 849w\" sizes=\"(max-width: 1375px) 100vw, 1375px\" \/><\/a><\/p>\n<p>&nbsp;<\/p>\n<p>&nbsp;<\/p>\n<p>&nbsp;<\/p>\n","protected":false},"excerpt":{"rendered":"<p>AgoraVox: Blok NATO se sna\u017e\u00ed zat\u00e1hnout Evropu do v\u00e1lky s\u00a0Ruskem \u201cZ\u00e1padn\u00ed m\u00e9dia odhalila pl\u00e1n NATO&#8230;<\/p>\n","protected":false},"author":2,"featured_media":634,"comment_status":"closed","ping_status":"closed","sticky":false,"template":"","format":"standard","meta":[],"categories":[7],"tags":[283,39,1505,22,40,365],"_links":{"self":[{"href":"https:\/\/www.infokuryr.cz\/n\/wp-json\/wp\/v2\/posts\/32848"}],"collection":[{"href":"https:\/\/www.infokuryr.cz\/n\/wp-json\/wp\/v2\/posts"}],"about":[{"href":"https:\/\/www.infokuryr.cz\/n\/wp-json\/wp\/v2\/types\/post"}],"author":[{"embeddable":true,"href":"https:\/\/www.infokuryr.cz\/n\/wp-json\/wp\/v2\/users\/2"}],"replies":[{"embeddable":true,"href":"https:\/\/www.infokuryr.cz\/n\/wp-json\/wp\/v2\/comments?post=32848"}],"version-history":[{"count":1,"href":"https:\/\/www.infokuryr.cz\/n\/wp-json\/wp\/v2\/posts\/32848\/revisions"}],"predecessor-version":[{"id":32849,"href":"https:\/\/www.infokuryr.cz\/n\/wp-json\/wp\/v2\/posts\/32848\/revisions\/32849"}],"wp:featuredmedia":[{"embeddable":true,"href":"https:\/\/www.infokuryr.cz\/n\/wp-json\/wp\/v2\/media\/634"}],"wp:attachment":[{"href":"https:\/\/www.infokuryr.cz\/n\/wp-json\/wp\/v2\/media?parent=32848"}],"wp:term":[{"taxonomy":"category","embeddable":true,"href":"https:\/\/www.infokuryr.cz\/n\/wp-json\/wp\/v2\/categories?post=32848"},{"taxonomy":"post_tag","embeddable":true,"href":"https:\/\/www.infokuryr.cz\/n\/wp-json\/wp\/v2\/tags?post=32848"}],"curies":[{"name":"wp","href":"https:\/\/api.w.org\/{rel}","templated":true}]}}